{"id":3161,"date":"2014-01-23T08:20:30","date_gmt":"2014-01-23T14:20:30","guid":{"rendered":"https:\/\/pueblaexpres.com\/portal\/?p=3161"},"modified":"2014-01-23T08:20:30","modified_gmt":"2014-01-23T14:20:30","slug":"refuerzos-para-el-rebano-poblano-fc-los-angeles-tercera-division-profesional-t2013-2014","status":"publish","type":"post","link":"https:\/\/pueblaexpres.com\/portal\/?p=3161","title":{"rendered":"Refuerzos para el Reba\u00f1o poblano -FC Los \u00c1ngeles- Tercera Divisi\u00f3n Profesional T2013-2014"},"content":{"rendered":"<div name=\"googleone_share_1\" style=\"position:relative;z-index:5;float: right; margin-left: 10px;\"><g:plusone size=\"tall\" count=\"1\" href=\"https:\/\/pueblaexpres.com\/portal\/?p=3161\"><\/g:plusone><\/div><p><a title=\"IMG_0001 Refuerzos para el Reba\u00f1o poblano -FC Los \u00c1ngeles- Tercera Divisi\u00f3n Profesional T2013-2014 Grupo VI Fotograf\u00eda Cortes\u00eda para Mv Fotograf\u00eda Profesional \u2013 Edici\u00f3n y retoque www.pueblaexpres.com por Manuel Vela - MV Fotograf\u00eda Profesional, en Flickr\" href=\"http:\/\/www.flickr.com\/photos\/manitas\/12102217093\/\"><img loading=\"lazy\" decoding=\"async\" alt=\"IMG_0001 Refuerzos para el Reba\u00f1o poblano -FC Los \u00c1ngeles- Tercera Divisi\u00f3n Profesional T2013-2014 Grupo VI Fotograf\u00eda Cortes\u00eda para Mv Fotograf\u00eda Profesional \u2013 Edici\u00f3n y retoque www.pueblaexpres.com\" src=\"http:\/\/farm3.staticflickr.com\/2831\/12102217093_3ab1aa6159.jpg\" width=\"500\" height=\"334\" \/><\/a><\/p>\n<p><strong>Dos nuevos integrantes para el Reba\u00f1o poblano<\/strong><\/p>\n<p><em><strong>*<\/strong> El mediocampista H\u00e9ctor Alexis Morales y el zaguero Roberto Carlos Balboa son las incorporaciones de cara al reinicio de la campa\u00f1a.<\/em><\/p>\n<p><em>* En el \u00faltimo amistoso, Chivas Los \u00c1ngeles cay\u00f3 por la m\u00ednima en su visita a Ciudad Universitaria ante los Lobos Prepa.<\/em><\/p>\n<p>A unos d\u00edas del reinicio de las hostilidades en la <strong>Tercera Divisi\u00f3n<\/strong>, Chivas Los \u00c1ngeles recibi\u00f3 a dos incorporaciones para reforzar el cuadro que buscar\u00e1 la calificaci\u00f3n a la liguilla en esta segunda vuelta de la campa\u00f1a 2013-2014 en la categor\u00eda, siendo el mediocampista <strong>H\u00e9ctor Alexis Morales<\/strong> y el zaguero <strong>Roberto Carlos Balboa<\/strong> los nuevos integrantes del Reba\u00f1o poblano.<\/p>\n<p><a title=\"IMG_0011 Refuerzos para el Reba\u00f1o poblano -FC Los \u00c1ngeles- Tercera Divisi\u00f3n Profesional T2013-2014 Grupo VI Fotograf\u00eda Cortes\u00eda para Mv Fotograf\u00eda Profesional \u2013 Edici\u00f3n y retoque www.pueblaexpres.com por Manuel Vela - MV Fotograf\u00eda Profesional, en Flickr\" href=\"http:\/\/www.flickr.com\/photos\/manitas\/12102217553\/\"><img loading=\"lazy\" decoding=\"async\" alt=\"IMG_0011 Refuerzos para el Reba\u00f1o poblano -FC Los \u00c1ngeles- Tercera Divisi\u00f3n Profesional T2013-2014 Grupo VI Fotograf\u00eda Cortes\u00eda para Mv Fotograf\u00eda Profesional \u2013 Edici\u00f3n y retoque www.pueblaexpres.com\" src=\"http:\/\/farm4.staticflickr.com\/3795\/12102217553_2f30d1c73a.jpg\" width=\"399\" height=\"500\" \/><\/a><\/p>\n<p>Elementos que el t\u00e9cnico Luis Romero tra\u00eda ya en cartera desde hace alg\u00fan tiempo pues Morales Arias fue captado cuando su ex equipo, los Linces de Tlaxcala visit\u00f3 la Angel\u00f3polis y llam\u00f3 la atenci\u00f3n del estratega; mientras que Balboa Mart\u00ednez fue del agrado del timonel rojiblanco luego de enfrentarlo en la pasada Copa Acapulco Premier 2013 con el representativo de los Tigres de la UANL.<!--more--><\/p>\n<p>Fue H\u00e9ctor Alexis Morales quien expres\u00f3 su alegr\u00eda por llegar a la instituci\u00f3n poblana y recibir la confianza del estratega Luis Romero, pues espera que la experiencia que tiene en la Tercera Divisi\u00f3n contagie a sus nuevos compa\u00f1eros en la b\u00fasqueda de la liguilla y despu\u00e9s del ascenso a la Segunda Divisi\u00f3n, mieles que ya prob\u00f3 cuando fue jugador del Tecamachalco.<\/p>\n<p><a title=\"IMG_0021 Refuerzos para el Reba\u00f1o poblano -FC Los \u00c1ngeles- Tercera Divisi\u00f3n Profesional T2013-2014 Grupo VI Fotograf\u00eda Cortes\u00eda para Mv Fotograf\u00eda Profesional \u2013 Edici\u00f3n y retoque www.pueblaexpres.com por Manuel Vela - MV Fotograf\u00eda Profesional, en Flickr\" href=\"http:\/\/www.flickr.com\/photos\/manitas\/12102319834\/\"><img loading=\"lazy\" decoding=\"async\" alt=\"IMG_0021 Refuerzos para el Reba\u00f1o poblano -FC Los \u00c1ngeles- Tercera Divisi\u00f3n Profesional T2013-2014 Grupo VI Fotograf\u00eda Cortes\u00eda para Mv Fotograf\u00eda Profesional \u2013 Edici\u00f3n y retoque www.pueblaexpres.com\" src=\"http:\/\/farm8.staticflickr.com\/7364\/12102319834_6692fa24d7.jpg\" width=\"500\" height=\"399\" \/><\/a><\/p>\n<p>\u201cVengo a hacer buenas cosas, al ascenso, el \u2018Profe\u2019 me trajo para eso, lo conoc\u00ed en un partido de la temporada, vengo de Linces de Tlaxcala, ah\u00ed empezamos a platicar hasta diciembre, confirm\u00e9 que iba venir, llegu\u00e9 a entrenar, me dijo que el proyecto est\u00e1 para ascender y vengo a aportar todo para cumplirlo\u201d, asegur\u00f3 el reci\u00e9n desempacado del vecino estado de Tlaxcala.<\/p>\n<p>Ahora, los dos refuerzos y el resto de la plantilla se enfocar\u00e1n en seguir delineando la estrategia de cara al arranque de la campa\u00f1a, el pr\u00f3ximo s\u00e1bado 25 a partir de las 14:00 horas en el campo de la Unidad Deportiva \u201cV\u00edctor Ruiz\u201d, casa del Deportivo Ixmiquilpan de Hidalgo.<\/p>\n<p><em><strong>Ca\u00edda en el \u00faltimo amistoso<\/strong><\/em><\/p>\n<p>En su \u00faltimo duelo de preparaci\u00f3n, Chivas Los \u00c1ngeles cay\u00f3 por la m\u00ednima de 1-0 ante los Lobos Prepa de la Segunda Divisi\u00f3n. Cotejo que se celebr\u00f3 en las canchas del CEFOR de Ciudad Universitaria, sitio donde la diana de H\u00e9ctor Mar\u00edn al 32\u2019 desde los once pasos defini\u00f3 el enfrentamiento, con lo que los rojiblancos cerraron su preparaci\u00f3n con dos triunfos a cambo de un descalabro.<\/p>\n<p><strong>Fotograf\u00eda y\/o imagen -\u201cCORTES\u00cdA\u201d -proporcionada por el departamento de Prensa Chivas Los \u00c1ngeles Y\/o FC Los \u00c1ngeles<\/strong><\/p>\n<p>[miniflickr photoset_id=72157640075809355&amp;sortby=date-posted-asc&amp;per_page=3]<\/p>\n","protected":false},"excerpt":{"rendered":"<p>Dos nuevos integrantes para el Reba\u00f1o poblano * El mediocampista H\u00e9ctor Alexis Morales y el zaguero Roberto Carlos Balboa son las incorporaciones de cara al reinicio de la campa\u00f1a. * En el \u00faltimo amistoso, Chivas Los \u00c1ngeles cay\u00f3 por la m\u00ednima en su visita a Ciudad Universitaria ante los Lobos Prepa. A unos d\u00edas del [&hellip;]<\/p>\n","protected":false},"author":2,"featured_media":0,"comment_status":"open","ping_status":"open","sticky":false,"template":"","format":"standard","meta":{"footnotes":""},"categories":[8,13,3,1,7],"tags":[],"_links":{"self":[{"href":"https:\/\/pueblaexpres.com\/portal\/index.php?rest_route=\/wp\/v2\/posts\/3161"}],"collection":[{"href":"https:\/\/pueblaexpres.com\/portal\/index.php?rest_route=\/wp\/v2\/posts"}],"about":[{"href":"https:\/\/pueblaexpres.com\/portal\/index.php?rest_route=\/wp\/v2\/types\/post"}],"author":[{"embeddable":true,"href":"https:\/\/pueblaexpres.com\/portal\/index.php?rest_route=\/wp\/v2\/users\/2"}],"replies":[{"embeddable":true,"href":"https:\/\/pueblaexpres.com\/portal\/index.php?rest_route=%2Fwp%2Fv2%2Fcomments&post=3161"}],"version-history":[{"count":1,"href":"https:\/\/pueblaexpres.com\/portal\/index.php?rest_route=\/wp\/v2\/posts\/3161\/revisions"}],"predecessor-version":[{"id":3162,"href":"https:\/\/pueblaexpres.com\/portal\/index.php?rest_route=\/wp\/v2\/posts\/3161\/revisions\/3162"}],"wp:attachment":[{"href":"https:\/\/pueblaexpres.com\/portal\/index.php?rest_route=%2Fwp%2Fv2%2Fmedia&parent=3161"}],"wp:term":[{"taxonomy":"category","embeddable":true,"href":"https:\/\/pueblaexpres.com\/portal\/index.php?rest_route=%2Fwp%2Fv2%2Fcategories&post=3161"},{"taxonomy":"post_tag","embeddable":true,"href":"https:\/\/pueblaexpres.com\/portal\/index.php?rest_route=%2Fwp%2Fv2%2Ftags&post=3161"}],"curies":[{"name":"wp","href":"https:\/\/api.w.org\/{rel}","templated":true}]}}