{"id":3155,"date":"2014-01-20T14:53:56","date_gmt":"2014-01-20T20:53:56","guid":{"rendered":"https:\/\/pueblaexpres.com\/portal\/?p=3155"},"modified":"2014-01-20T14:53:56","modified_gmt":"2014-01-20T20:53:56","slug":"nota-de-opinion-en-casa-a-la-caza-del-corre","status":"publish","type":"post","link":"https:\/\/pueblaexpres.com\/portal\/?p=3155","title":{"rendered":"(Nota de Opini\u00f3n) En casa a la caza del Corre"},"content":{"rendered":"<div name=\"googleone_share_1\" style=\"position:relative;z-index:5;float: right; margin-left: 10px;\"><g:plusone size=\"tall\" count=\"1\" href=\"https:\/\/pueblaexpres.com\/portal\/?p=3155\"><\/g:plusone><\/div><p><a title=\"DSC_0134 (Nota de Opini\u00f3n) En casa ( @PueblaFC ) a la caza del Corre ( @CFCorrecaminos ) Fotograf\u00eda Manuel Vela para Mv Fotograf\u00eda Profesional \u2013 Edici\u00f3n y retoque www.pueblaexpres.com por Manuel Vela - MV Fotograf\u00eda Profesional, en Flickr\" href=\"http:\/\/www.flickr.com\/photos\/manitas\/12056571755\/\"><img loading=\"lazy\" decoding=\"async\" alt=\"DSC_0134 (Nota de Opini\u00f3n) En casa ( @PueblaFC ) a la caza del Corre ( @CFCorrecaminos ) Fotograf\u00eda Manuel Vela para Mv Fotograf\u00eda Profesional \u2013 Edici\u00f3n y retoque www.pueblaexpres.com\" src=\"http:\/\/farm6.staticflickr.com\/5508\/12056571755_6f33564778.jpg\" width=\"500\" height=\"334\" \/><\/a><\/p>\n<p><strong>(Nota de Opini\u00f3n) Redacci\u00f3n F\u00e9nix Azul @fenixazul44<\/strong><\/p>\n<p><strong><em>En casa a la caza del Corre<\/em><\/strong><\/p>\n<p>Despu\u00e9s de la goliza que nos pusiera Correcaminos en su casa en la primera fecha de la Copa MX con marcador de 4-1; La escuadra Enfranjada le har\u00e1 los honores al cuadro Tamaulipeco este martes 21 de enero en el Coso de Maravillas a las 7 p.m. Se ve imposible revertir la cantidad de goles para conseguir la llave de la serie.<\/p>\n<p><a title=\"DSC_0208 (Nota de Opini\u00f3n) En casa ( @PueblaFC ) a la caza del Corre ( @CFCorrecaminos ) Fotograf\u00eda Manuel Vela para Mv Fotograf\u00eda Profesional \u2013 Edici\u00f3n y retoque www.pueblaexpres.com por Manuel Vela - MV Fotograf\u00eda Profesional, en Flickr\" href=\"http:\/\/www.flickr.com\/photos\/manitas\/12057427356\/\"><img loading=\"lazy\" decoding=\"async\" alt=\"DSC_0208 (Nota de Opini\u00f3n) En casa ( @PueblaFC ) a la caza del Corre ( @CFCorrecaminos ) Fotograf\u00eda Manuel Vela para Mv Fotograf\u00eda Profesional \u2013 Edici\u00f3n y retoque www.pueblaexpres.com\" src=\"http:\/\/farm6.staticflickr.com\/5547\/12057427356_340fe76439.jpg\" width=\"500\" height=\"334\" \/><\/a><\/p>\n<p>El primer marcador puso muy molesto al Ing. Jes\u00fas L\u00f3pez Chargoy, tanto que en redes sociales advirti\u00f3 que el once poblano cuando juegue de local lo har\u00e1 con TITULARES, situaci\u00f3n que ha ido aclarando que al respecto estar\u00edan 6 o 7 titulares; Que se pueda ganar en casa si lo creo, pero no por abultado marcador, ya que tambi\u00e9n el rival cuenta, enfrente podr\u00edan estar Roberto Nurse qui\u00e9n nos anoto 2 goles, Sergio \u201cEl Samba\u201d Rosas viejo conocido de la afici\u00f3n poblana y Eder Pacheco. Todos probaron la miel de anotar.<\/p>\n<p><a title=\"DSC_0340 (Nota de Opini\u00f3n) En casa ( @PueblaFC ) a la caza del Corre ( @CFCorrecaminos ) Fotograf\u00eda Manuel Vela para Mv Fotograf\u00eda Profesional \u2013 Edici\u00f3n y retoque www.pueblaexpres.com por Manuel Vela - MV Fotograf\u00eda Profesional, en Flickr\" href=\"http:\/\/www.flickr.com\/photos\/manitas\/12056570555\/\"><img loading=\"lazy\" decoding=\"async\" alt=\"DSC_0340 (Nota de Opini\u00f3n) En casa ( @PueblaFC ) a la caza del Corre ( @CFCorrecaminos ) Fotograf\u00eda Manuel Vela para Mv Fotograf\u00eda Profesional \u2013 Edici\u00f3n y retoque www.pueblaexpres.com\" src=\"http:\/\/farm6.staticflickr.com\/5513\/12056570555_ea91977119.jpg\" width=\"500\" height=\"334\" \/><\/a><\/p>\n<p>En honor a la verdad, creo que lejos de jugar con \u201cTitulares\u201d es mejor seguir probando los refuerzos que llegaron, as\u00ed como probar la coordinaci\u00f3n de la defensa, ya que a mi parecer se ve mejor con l\u00ednea de 4 y no de 5 dejando siempre sobrando 1; En el marco, debe seguir estando Armando <!--more-->Navarrete, pues no se ve que la tenga f\u00e1cil para desbancar a Villalpando de inicial en la Liga. En la defensa qui\u00e9n puede hacer referencia es Michael Orozco en la central junto a Uriel \u00c1lvarez, pero de igual forma se pondr\u00eda a Jes\u00fas Ch\u00e1vez, de qui\u00e9n se espera ya se asiente y sea m\u00e1s regular en la campa\u00f1a; Tambi\u00e9n creo estar\u00edan Beasley y Rojas por sus laterales respectivas. En la media me gustar\u00eda que se siguiera probando al \u201cChore\u201d Mej\u00eda, pero si se juega con el cuadro base estar\u00edan Noriega, Zamora, Carlos S\u00e1nchez e Iv\u00e1n Bella, este \u00faltimo jugador si lo colocan de inicio ante el Corre, ya debe empezar a pesar por su condici\u00f3n de extranjero, de otra forma, no tendr\u00e1 mucho futuro jugando de titular en la liga, pues hay qui\u00e9n lucha por estar en su posici\u00f3n. Haciendo el 1-1 en la delantera, me gustar\u00eda ver a Paco Torres, pero si hay que dejar descansar a Alustiza qui\u00e9n viene de una contractura, pero creo que la mejor sorpresa podr\u00eda ser la reaparici\u00f3n de Juan Carlos Cacho, aunque tambi\u00e9n me gustar\u00eda Daniel Guzm\u00e1n Jr. Y se puede dar el caso de muchas incorporaciones de jugadores titulares a la Copa MX porque en primera el equipo jug\u00f3 el pasado viernes y para martes ya est\u00e1 un poco m\u00e1s recuperado, adem\u00e1s de que hasta el domingo tendr\u00e1 nuevamente actividad en el Cuauht\u00e9moc, l\u00f3gicamente que no viajar\u00e1n y se pueden terminar de asentar los jugadores. Por otra parte Correcaminos viene de jugar el s\u00e1bado y le toca pagar la visita reciproca viniendo a tierras poblanas, por lo que igual pueden venir muy cansados sus titulares o presentar un cuadro alterno para buscar el empate o por lo menos conseguir el punto extra por diferencia de goles de ambos encuentros.<\/p>\n<p><a title=\"DSC_0213 (Nota de Opini\u00f3n) En casa ( @PueblaFC ) a la caza del Corre ( @CFCorrecaminos ) Fotograf\u00eda Manuel Vela para Mv Fotograf\u00eda Profesional \u2013 Edici\u00f3n y retoque www.pueblaexpres.com por Manuel Vela - MV Fotograf\u00eda Profesional, en Flickr\" href=\"http:\/\/www.flickr.com\/photos\/manitas\/12056962554\/\"><img loading=\"lazy\" decoding=\"async\" alt=\"DSC_0213 (Nota de Opini\u00f3n) En casa ( @PueblaFC ) a la caza del Corre ( @CFCorrecaminos ) Fotograf\u00eda Manuel Vela para Mv Fotograf\u00eda Profesional \u2013 Edici\u00f3n y retoque www.pueblaexpres.com\" src=\"http:\/\/farm6.staticflickr.com\/5519\/12056962554_3a1e33a8cd.jpg\" width=\"500\" height=\"334\" \/><\/a><\/p>\n<p>El costo que ha colocado la directiva de Puebla F.C. es de $40 pesos, que ser\u00eda para todas las localidades de la parte de abajo del estadio y por supuesto que \u00e1rea de rampas no estar\u00e1 abierta.<\/p>\n<p>En casa vamos a la caza del Corre \u201cTODOS JUNTOS AL CUAUHT\u00c9MOC\u201d<\/p>\n<p><strong><em>La opini\u00f3n expresada en esta columna es responsabilidad de quien la escribe y no busca generar conflictos entre los involucrados, si no generar conciencia en cada lector.<\/em><\/strong><\/p>\n","protected":false},"excerpt":{"rendered":"<p>(Nota de Opini\u00f3n) Redacci\u00f3n F\u00e9nix Azul @fenixazul44 En casa a la caza del Corre Despu\u00e9s de la goliza que nos pusiera Correcaminos en su casa en la primera fecha de la Copa MX con marcador de 4-1; La escuadra Enfranjada le har\u00e1 los honores al cuadro Tamaulipeco este martes 21 de enero en el Coso [&hellip;]<\/p>\n","protected":false},"author":2,"featured_media":0,"comment_status":"open","ping_status":"open","sticky":false,"template":"","format":"standard","meta":{"footnotes":""},"categories":[8,79,13,3,1,7],"tags":[],"_links":{"self":[{"href":"https:\/\/pueblaexpres.com\/portal\/index.php?rest_route=\/wp\/v2\/posts\/3155"}],"collection":[{"href":"https:\/\/pueblaexpres.com\/portal\/index.php?rest_route=\/wp\/v2\/posts"}],"about":[{"href":"https:\/\/pueblaexpres.com\/portal\/index.php?rest_route=\/wp\/v2\/types\/post"}],"author":[{"embeddable":true,"href":"https:\/\/pueblaexpres.com\/portal\/index.php?rest_route=\/wp\/v2\/users\/2"}],"replies":[{"embeddable":true,"href":"https:\/\/pueblaexpres.com\/portal\/index.php?rest_route=%2Fwp%2Fv2%2Fcomments&post=3155"}],"version-history":[{"count":1,"href":"https:\/\/pueblaexpres.com\/portal\/index.php?rest_route=\/wp\/v2\/posts\/3155\/revisions"}],"predecessor-version":[{"id":3156,"href":"https:\/\/pueblaexpres.com\/portal\/index.php?rest_route=\/wp\/v2\/posts\/3155\/revisions\/3156"}],"wp:attachment":[{"href":"https:\/\/pueblaexpres.com\/portal\/index.php?rest_route=%2Fwp%2Fv2%2Fmedia&parent=3155"}],"wp:term":[{"taxonomy":"category","embeddable":true,"href":"https:\/\/pueblaexpres.com\/portal\/index.php?rest_route=%2Fwp%2Fv2%2Fcategories&post=3155"},{"taxonomy":"post_tag","embeddable":true,"href":"https:\/\/pueblaexpres.com\/portal\/index.php?rest_route=%2Fwp%2Fv2%2Ftags&post=3155"}],"curies":[{"name":"wp","href":"https:\/\/api.w.org\/{rel}","templated":true}]}}