{"id":3152,"date":"2014-01-19T14:46:56","date_gmt":"2014-01-19T20:46:56","guid":{"rendered":"https:\/\/pueblaexpres.com\/portal\/?p=3152"},"modified":"2014-01-19T14:46:56","modified_gmt":"2014-01-19T20:46:56","slug":"entrenamiento-matutino-del-puebla-fc-liga-bancomer-mx","status":"publish","type":"post","link":"https:\/\/pueblaexpres.com\/portal\/?p=3152","title":{"rendered":"Entrenamiento matutino del Puebla FC Liga Bancomer MX"},"content":{"rendered":"<div name=\"googleone_share_1\" style=\"position:relative;z-index:5;float: right; margin-left: 10px;\"><g:plusone size=\"tall\" count=\"1\" href=\"https:\/\/pueblaexpres.com\/portal\/?p=3152\"><\/g:plusone><\/div><p><a title=\"DSC_0113 Entrenamiento matutino del Puebla FC Estadio Cuauht\u00e9moc Fotograf\u00eda Manuel Vela para Mv Fotograf\u00eda Profesional \u2013 Edici\u00f3n y retoque www.pueblaexpres.com por Manuel Vela - MV Fotograf\u00eda Profesional, en Flickr\" href=\"http:\/\/www.flickr.com\/photos\/manitas\/12038024266\/\"><img loading=\"lazy\" decoding=\"async\" alt=\"DSC_0113 Entrenamiento matutino del Puebla FC Estadio Cuauht\u00e9moc Fotograf\u00eda Manuel Vela para Mv Fotograf\u00eda Profesional \u2013 Edici\u00f3n y retoque www.pueblaexpres.com\" src=\"http:\/\/farm8.staticflickr.com\/7294\/12038024266_f11d3f5ca3.jpg\" width=\"500\" height=\"334\" \/><\/a><\/p>\n<p>El Puebla de la Franja regres\u00f3 a los entrenamientos este domingo para la preparaci\u00f3n del duelo de Copa ante Correcaminos de la UAT.<\/p>\n<p>Con un duelo ante la Categor\u00eda Sub20 de la Franja, el cuadro dirigido por Rub\u00e9n Omar Romano, empez\u00f3 a delinear el once titular de la escuadra.<\/p>\n<p>Adem\u00e1s, hicieron trabajo por separado los lesionados Juan Carlos Cacho y Mat\u00edas Alustiza, quienes realizaron suave trote y ejercicios de recuperaci\u00f3n para su rehabilitaci\u00f3n.<\/p>\n<p><a title=\"DSC_0465 Entrenamiento matutino del Puebla FC Estadio Cuauht\u00e9moc Fotograf\u00eda Manuel Vela para Mv Fotograf\u00eda Profesional \u2013 Edici\u00f3n y retoque www.pueblaexpres.com por Manuel Vela - MV Fotograf\u00eda Profesional, en Flickr\" href=\"http:\/\/www.flickr.com\/photos\/manitas\/12038020966\/\"><img loading=\"lazy\" decoding=\"async\" alt=\"DSC_0465 Entrenamiento matutino del Puebla FC Estadio Cuauht\u00e9moc Fotograf\u00eda Manuel Vela para Mv Fotograf\u00eda Profesional \u2013 Edici\u00f3n y retoque www.pueblaexpres.com\" src=\"http:\/\/farm8.staticflickr.com\/7323\/12038020966_33509f9e30.jpg\" width=\"500\" height=\"334\" \/><\/a><\/p>\n<p>Por su parte, Eduardo Arce destac\u00f3 los minutos que ha recibido tanto en liga como en copa, por lo cual el compromiso es mayor ante el equipo.<\/p>\n<p>&#8220;Hay que aprovechar el ritmo y los minutos, debo demostrar que puedo tener un lugar en el once inicial y eso ser\u00e1 con trabajo&#8221; indic\u00f3 el mediocampista.<\/p>\n<p>Destac\u00f3 el orden que present\u00f3 la escuadra blanquiazul ante Santos, misma que deber\u00e1 mostrarse ante Correcaminos para dejar de lado la situaci\u00f3n vivida en el juego de visita ante los Naranjas.<!--more--><\/p>\n<p><a title=\"DSC_0261 Entrenamiento matutino del Puebla FC Estadio Cuauht\u00e9moc Fotograf\u00eda Manuel Vela para Mv Fotograf\u00eda Profesional \u2013 Edici\u00f3n y retoque www.pueblaexpres.com por Manuel Vela - MV Fotograf\u00eda Profesional, en Flickr\" href=\"http:\/\/www.flickr.com\/photos\/manitas\/12038024086\/\"><img loading=\"lazy\" decoding=\"async\" alt=\"DSC_0261 Entrenamiento matutino del Puebla FC Estadio Cuauht\u00e9moc Fotograf\u00eda Manuel Vela para Mv Fotograf\u00eda Profesional \u2013 Edici\u00f3n y retoque www.pueblaexpres.com\" src=\"http:\/\/farm4.staticflickr.com\/3766\/12038024086_2e850769d8.jpg\" width=\"500\" height=\"334\" \/><\/a><\/p>\n<p>&#8220;No puede volver a suceder, no podemos repetir esa imagen mala que exhibimos, tenemos que ganar de local&#8221; asegur\u00f3 Arce Pe\u00f1a.<\/p>\n<p>Cabe destacar que el equipo poblano, contin\u00faa invicto en el torneo y no ha perdido como local despu\u00e9s de 6 juegos, tanto en el apertura 2013 y lo que va de este torneo Clausura.<\/p>\n<p>La Franja continuar\u00e1 con su preparaci\u00f3n este lunes en punto de las 11 de la ma\u00f1ana en el estadio Cuauht\u00e9moc.<\/p>\n<p>[miniflickr photoset_id=72157639937240266&amp;sortby=date-posted-asc&amp;per_page=6]<\/p>\n","protected":false},"excerpt":{"rendered":"<p>El Puebla de la Franja regres\u00f3 a los entrenamientos este domingo para la preparaci\u00f3n del duelo de Copa ante Correcaminos de la UAT. Con un duelo ante la Categor\u00eda Sub20 de la Franja, el cuadro dirigido por Rub\u00e9n Omar Romano, empez\u00f3 a delinear el once titular de la escuadra. Adem\u00e1s, hicieron trabajo por separado los [&hellip;]<\/p>\n","protected":false},"author":2,"featured_media":0,"comment_status":"open","ping_status":"open","sticky":false,"template":"","format":"standard","meta":{"footnotes":""},"categories":[8,79,13,3,1,7],"tags":[],"_links":{"self":[{"href":"https:\/\/pueblaexpres.com\/portal\/index.php?rest_route=\/wp\/v2\/posts\/3152"}],"collection":[{"href":"https:\/\/pueblaexpres.com\/portal\/index.php?rest_route=\/wp\/v2\/posts"}],"about":[{"href":"https:\/\/pueblaexpres.com\/portal\/index.php?rest_route=\/wp\/v2\/types\/post"}],"author":[{"embeddable":true,"href":"https:\/\/pueblaexpres.com\/portal\/index.php?rest_route=\/wp\/v2\/users\/2"}],"replies":[{"embeddable":true,"href":"https:\/\/pueblaexpres.com\/portal\/index.php?rest_route=%2Fwp%2Fv2%2Fcomments&post=3152"}],"version-history":[{"count":1,"href":"https:\/\/pueblaexpres.com\/portal\/index.php?rest_route=\/wp\/v2\/posts\/3152\/revisions"}],"predecessor-version":[{"id":3153,"href":"https:\/\/pueblaexpres.com\/portal\/index.php?rest_route=\/wp\/v2\/posts\/3152\/revisions\/3153"}],"wp:attachment":[{"href":"https:\/\/pueblaexpres.com\/portal\/index.php?rest_route=%2Fwp%2Fv2%2Fmedia&parent=3152"}],"wp:term":[{"taxonomy":"category","embeddable":true,"href":"https:\/\/pueblaexpres.com\/portal\/index.php?rest_route=%2Fwp%2Fv2%2Fcategories&post=3152"},{"taxonomy":"post_tag","embeddable":true,"href":"https:\/\/pueblaexpres.com\/portal\/index.php?rest_route=%2Fwp%2Fv2%2Ftags&post=3152"}],"curies":[{"name":"wp","href":"https:\/\/api.w.org\/{rel}","templated":true}]}}