{"id":3085,"date":"2013-12-09T15:26:12","date_gmt":"2013-12-09T21:26:12","guid":{"rendered":"https:\/\/pueblaexpres.com\/portal\/?p=3085"},"modified":"2013-12-09T15:29:30","modified_gmt":"2013-12-09T21:29:30","slug":"21-dic-polideportivo-xonaca-artes-marciales-mixtas-vale-todo","status":"publish","type":"post","link":"https:\/\/pueblaexpres.com\/portal\/?p=3085","title":{"rendered":"[21 Dic.] Polideportivo Xonaca -Artes Marciales Mixtas- \u201cVale Todo\u201d"},"content":{"rendered":"<div name=\"googleone_share_1\" style=\"position:relative;z-index:5;float: right; margin-left: 10px;\"><g:plusone size=\"tall\" count=\"1\" href=\"https:\/\/pueblaexpres.com\/portal\/?p=3085\"><\/g:plusone><\/div><p><a title=\"DSCN4914 El pr\u00f3ximo 21 de Diciembre en el Polideportivo Xonaca - Artes Marciales Mixtas- \u201cVale Todo\u201d en Puebla Fotograf\u00eda Cortes\u00eda para Mv Fotograf\u00eda Profesional \u2013 Edici\u00f3n y retoque www.pueblaexpres.com por Manuel Vela - MV Fotograf\u00eda Profesional, en Flickr\" href=\"http:\/\/www.flickr.com\/photos\/manitas\/11296585125\/\"><img loading=\"lazy\" decoding=\"async\" alt=\"DSCN4914 El pr\u00f3ximo 21 de Diciembre en el Polideportivo Xonaca - Artes Marciales Mixtas- \u201cVale Todo\u201d en Puebla Fotograf\u00eda Cortes\u00eda para Mv Fotograf\u00eda Profesional \u2013 Edici\u00f3n y retoque www.pueblaexpres.com\" src=\"http:\/\/farm8.staticflickr.com\/7326\/11296585125_1d85d13d70.jpg\" width=\"500\" height=\"333\" \/><\/a><\/p>\n<p><strong>Artes Marciales Mixtas en Puebla<\/strong><\/p>\n<p><em>Vale Todo en el Polideportivo Xonaca<\/em><\/p>\n<p>Se present\u00f3 la cartelera de MMA (Artes Marciales Mixtas) en las instalaciones de la Comisi\u00f3n de Box y Lucha Libre del Municipio de Puebla que preside la regidora Martha Patricia Thom\u00e9 Andrade, Eliseo V\u00e1zquez que promueve las artes marciales mixtas y un grupo de gladiadores que se presentar\u00e1n el pr\u00f3ximo s\u00e1bado veintiuno de diciembre en el polideportivo Jos\u00e9 Mar\u00eda Morelos y Pav\u00f3n, mejor conocido como polideportivo Xonaca.<\/p>\n<p>El evento denominado Gran Duelo de Titanes, constar\u00e1 de once peleas, de las que destaca el combate entre Mariana D\u00edaz y Michelle Dur\u00e1n; que ser\u00e1 el \u00fanico encuentro en el que tengan actividad las f\u00e9minas, por otra parte Jordan Bull de Puebla har\u00e1 lo propio con el espa\u00f1ol Chucho Zuares, C\u00e9sar El Lic., enfrentar\u00e1 al brasile\u00f1o Eduardo Casimeiros que en marzo pasado visit\u00f3 Puebla asimismo Alejandro Lemus de Guatemala har\u00e1 los honores frente al gladiador local Roberto Prisco.<\/p>\n<p><a title=\"DSCN4909 El pr\u00f3ximo 21 de Diciembre en el Polideportivo Xonaca - Artes Marciales Mixtas- \u201cVale Todo\u201d en Puebla Fotograf\u00eda Cortes\u00eda para Mv Fotograf\u00eda Profesional \u2013 Edici\u00f3n y retoque www.pueblaexpres.com por Manuel Vela - MV Fotograf\u00eda Profesional, en Flickr\" href=\"http:\/\/www.flickr.com\/photos\/manitas\/11296654114\/\"><img loading=\"lazy\" decoding=\"async\" alt=\"DSCN4909 El pr\u00f3ximo 21 de Diciembre en el Polideportivo Xonaca - Artes Marciales Mixtas- \u201cVale Todo\u201d en Puebla Fotograf\u00eda Cortes\u00eda para Mv Fotograf\u00eda Profesional \u2013 Edici\u00f3n y retoque www.pueblaexpres.com\" src=\"http:\/\/farm3.staticflickr.com\/2882\/11296654114_6c4e38049f.jpg\" width=\"500\" height=\"334\" \/><\/a><\/p>\n<p>Dentro de las dem\u00e1s contiendas, los estados de Veracruz y Tlaxcala ver\u00e1n acci\u00f3n junto a los poblanos que, se ver\u00e1n cara a cara, duelos interesantes que si bien, no son de campeonato prometen dar un buen espect\u00e1culo. La modalidad de las artes marciales mixtas ser\u00e1 en un ring octagonal.<\/p>\n<p>Por su parte Martha Patricia Thom\u00e9 Andrade, asegur\u00f3 que despu\u00e9s de dar resultados positivos en box y lucha libre la oportunidad ahora es para las artes marciales mixtas \u201cYa vimos por la lucha libre y el boxeo en la administraci\u00f3n, ahora tambi\u00e9n apoyaremos las artes marciales mixtas que est\u00e1n incluidas como un deporte de contacto y que ellos se han acercado a nosotros para trabajar en conjunto, se trata de sumar y seguiremos apoyando este tipo de eventos. Afirm\u00f3 la presidenta de la Comisi\u00f3n de Box y Lucha Libre del Municipio de Puebla.<!--more--><\/p>\n<p><a title=\"IMG_0001 El pr\u00f3ximo 21 de Diciembre en el Polideportivo Xonaca - Artes Marciales Mixtas- \u201cVale Todo\u201d en Puebla Fotograf\u00eda Cortes\u00eda para Mv Fotograf\u00eda Profesional \u2013 Edici\u00f3n y retoque www.pueblaexpres.com por Manuel Vela - MV Fotograf\u00eda Profesional, en Flickr\" href=\"http:\/\/www.flickr.com\/photos\/manitas\/11296688763\/\"><img loading=\"lazy\" decoding=\"async\" class=\"aligncenter\" alt=\"IMG_0001 El pr\u00f3ximo 21 de Diciembre en el Polideportivo Xonaca - Artes Marciales Mixtas- \u201cVale Todo\u201d en Puebla Fotograf\u00eda Cortes\u00eda para Mv Fotograf\u00eda Profesional \u2013 Edici\u00f3n y retoque www.pueblaexpres.com\" src=\"http:\/\/farm8.staticflickr.com\/7299\/11296688763_2ac39f0c00.jpg\" width=\"327\" height=\"500\" \/><\/a><\/p>\n<p>Eliseo V\u00e1zquez, promotor de los talentos de Artes Marciales Mixtas en Puebla mencion\u00f3 que mientras la gente siga respondiendo, \u00e9l buscar\u00e1 la forma de seguir actuando de mano de la Comisi\u00f3n de Box y Lucha Libre del Municipio de Puebla \u201cAgradezco a las autoridades municipales, a la regidora Thom\u00e9 Andrade a sus comisionados y a toda la gente que nos est\u00e1 apoyando para dar mayor difusi\u00f3n a lo que son las artes marciales mixtas, MMA o Vale Todo, esta disciplina est\u00e1 evolucionando y pronto veremos eventos m\u00e1s grandes, como los de la televisi\u00f3n o los eventos de luta Livre de Brasil\u201d concluy\u00f3 el gerente de Producciones V\u00e1zquez.<\/p>\n<p>La venta de boletos ser\u00e1 a partir del pr\u00f3ximo viernes en las oficinas del polideportivo Jos\u00e9 Mar\u00eda Morelos y Pav\u00f3n.<\/p>\n<p><strong><em>Fotograf\u00eda y\/o imagen -\u201cCORTES\u00cdA\u201d -proporcionada por el departamento de Prensa Comisi\u00f3n de Box y Lucha Libre del Municipio de Puebla<\/em><\/strong><\/p>\n<p>[miniflickr photoset_id=72157638524673264&amp;sortby=date-posted-asc&amp;per_page=4]<\/p>\n","protected":false},"excerpt":{"rendered":"<p>Artes Marciales Mixtas en Puebla Vale Todo en el Polideportivo Xonaca Se present\u00f3 la cartelera de MMA (Artes Marciales Mixtas) en las instalaciones de la Comisi\u00f3n de Box y Lucha Libre del Municipio de Puebla que preside la regidora Martha Patricia Thom\u00e9 Andrade, Eliseo V\u00e1zquez que promueve las artes marciales mixtas y un grupo de [&hellip;]<\/p>\n","protected":false},"author":2,"featured_media":0,"comment_status":"open","ping_status":"open","sticky":false,"template":"","format":"standard","meta":{"footnotes":""},"categories":[36,1,7],"tags":[],"_links":{"self":[{"href":"https:\/\/pueblaexpres.com\/portal\/index.php?rest_route=\/wp\/v2\/posts\/3085"}],"collection":[{"href":"https:\/\/pueblaexpres.com\/portal\/index.php?rest_route=\/wp\/v2\/posts"}],"about":[{"href":"https:\/\/pueblaexpres.com\/portal\/index.php?rest_route=\/wp\/v2\/types\/post"}],"author":[{"embeddable":true,"href":"https:\/\/pueblaexpres.com\/portal\/index.php?rest_route=\/wp\/v2\/users\/2"}],"replies":[{"embeddable":true,"href":"https:\/\/pueblaexpres.com\/portal\/index.php?rest_route=%2Fwp%2Fv2%2Fcomments&post=3085"}],"version-history":[{"count":2,"href":"https:\/\/pueblaexpres.com\/portal\/index.php?rest_route=\/wp\/v2\/posts\/3085\/revisions"}],"predecessor-version":[{"id":3087,"href":"https:\/\/pueblaexpres.com\/portal\/index.php?rest_route=\/wp\/v2\/posts\/3085\/revisions\/3087"}],"wp:attachment":[{"href":"https:\/\/pueblaexpres.com\/portal\/index.php?rest_route=%2Fwp%2Fv2%2Fmedia&parent=3085"}],"wp:term":[{"taxonomy":"category","embeddable":true,"href":"https:\/\/pueblaexpres.com\/portal\/index.php?rest_route=%2Fwp%2Fv2%2Fcategories&post=3085"},{"taxonomy":"post_tag","embeddable":true,"href":"https:\/\/pueblaexpres.com\/portal\/index.php?rest_route=%2Fwp%2Fv2%2Ftags&post=3085"}],"curies":[{"name":"wp","href":"https:\/\/api.w.org\/{rel}","templated":true}]}}