{"id":3083,"date":"2013-12-08T11:38:44","date_gmt":"2013-12-08T17:38:44","guid":{"rendered":"https:\/\/pueblaexpres.com\/portal\/?p=3083"},"modified":"2013-12-08T11:38:44","modified_gmt":"2013-12-08T17:38:44","slug":"nota-de-opinion-fut-de-conjunto-o-de-nombres-para-el-puebla-fc","status":"publish","type":"post","link":"https:\/\/pueblaexpres.com\/portal\/?p=3083","title":{"rendered":"(Nota de Opini\u00f3n) \u00bfFut de Conjunto o de Nombres? para el Puebla FC"},"content":{"rendered":"<div name=\"googleone_share_1\" style=\"position:relative;z-index:5;float: right; margin-left: 10px;\"><g:plusone size=\"tall\" count=\"1\" href=\"https:\/\/pueblaexpres.com\/portal\/?p=3083\"><\/g:plusone><\/div><p><a title=\"DSC_0009 (Nota de Opini\u00f3n) \u00bfFut de Conjunto o de Nombres? para el Puebla FC Fotograf\u00eda Manuel Vela para Mv Fotograf\u00eda Profesional \u2013 Edici\u00f3n y retoque www.pueblaexpres.com por Manuel Vela - MV Fotograf\u00eda Profesional, en Flickr\" href=\"http:\/\/www.flickr.com\/photos\/manitas\/11273403594\/\"><img loading=\"lazy\" decoding=\"async\" alt=\"DSC_0009 (Nota de Opini\u00f3n) \u00bfFut de Conjunto o de Nombres? para el Puebla FC Fotograf\u00eda Manuel Vela para Mv Fotograf\u00eda Profesional \u2013 Edici\u00f3n y retoque www.pueblaexpres.com\" src=\"http:\/\/farm8.staticflickr.com\/7309\/11273403594_f2bb3b1135.jpg\" width=\"500\" height=\"334\" \/><\/a><\/p>\n<p><em>Redacci\u00f3n F\u00e9nix Azul<\/em><br \/>\n<em><strong>\u00bfFut de Conjunto o de Nombres?<\/strong><\/em><\/p>\n<p>La salida de Diego De Buen del Puebla F.C. genero mucha controversia entre los aficionados poblanos; Y es que se pensaba que dicho jugador ser\u00eda una de las bases que podr\u00eda tener Romano para el Clausura 2014.<\/p>\n<p>Parece podemos descansar, ya que si se quedan jugadores firmes, como Villa, Noriega y Carlos S\u00e1nchez quienes son referentes en la instituci\u00f3n. De Mat\u00edas Alustiza como puede quedarse como no, ya que mucho se ha rumorado que equipos han solicitado sus servicios, pero este aficionado no entrar\u00e1 en este fut de estufa, pero si quiero hacer patente en mi opini\u00f3n que es personalista y no comparte el bal\u00f3n, de 17 juegos en 12 sali\u00f3 de cambio y en los 3 torneos de liga que lleva en Puebla F.C. ha anotado 15 goles.<\/p>\n<p><a title=\"DSC_0181 (Nota de Opini\u00f3n) \u00bfFut de Conjunto o de Nombres? para el Puebla FC Fotograf\u00eda Manuel Vela para Mv Fotograf\u00eda Profesional \u2013 Edici\u00f3n y retoque www.pueblaexpres.com por Manuel Vela - MV Fotograf\u00eda Profesional, en Flickr\" href=\"http:\/\/www.flickr.com\/photos\/manitas\/11273341065\/\"><img loading=\"lazy\" decoding=\"async\" alt=\"DSC_0181 (Nota de Opini\u00f3n) \u00bfFut de Conjunto o de Nombres? para el Puebla FC Fotograf\u00eda Manuel Vela para Mv Fotograf\u00eda Profesional \u2013 Edici\u00f3n y retoque www.pueblaexpres.com\" src=\"http:\/\/farm4.staticflickr.com\/3704\/11273341065_6d00e0b90b.jpg\" width=\"500\" height=\"334\" \/><\/a><\/p>\n<p>Por ello mi encabezado y la preocupaci\u00f3n de la llegada de refuerzos es m\u00e1s marcada. Es casi un hecho el arribo de Maidana defensa central de River e Iv\u00e1n Bella (qui\u00e9n ya se incorporo a la pretemporada de playa) mediocampista argentino venido de Jaguares han sido los que en este momento m\u00e1s han llamado la atenci\u00f3n en aficionados poblanos, pero NO ES SUFICIENTE, ya que se necesitan m\u00ednimo 4 jugadores m\u00e1s de jerarqu\u00eda (1 delantero, 1 lateral izquierdo, 1 contenci\u00f3n y 1 defensa) para hacer un equipo de Conjunto y no de Nombres.<\/p>\n<p>No podemos estar esperanzados a un solo jugador, pues como paso con F\u00e9lix Borja qui\u00e9n en el Clausura 2013 anoto 7 goles en 14 juegos una vez lesionado, ya no pudo recuperar su toque goleador en el Apertura 2013, y se recurri\u00f3 ya como titular a Alustiza.<!--more--><\/p>\n<p>LA ESENCIA DEL FUTBOL deber\u00eda radicar en chutar el bal\u00f3n por pasi\u00f3n y no por el \u201ccuanto voy ganando en plata\u201d; Cierto es que no se puede vivir solo del aire, pero tampoco el solo \u201ccumplir\u201d en el campo puede justificar un sueldo sobre valuado, caso especifico el de Beasley quien en este torneo fue de bajo rendimiento en su accionar en tierras poblanas y de buen nivel con su Selecci\u00f3n de las barras y las estrellas; Caso contrario lo encontramos en Los Leones Negros de la U. de G. quienes han ganado la mitad de su boleto en la liga de ascenso con la nomina m\u00e1s baja de ese torneo.<\/p>\n<p><a title=\"DSC_0453 (Nota de Opini\u00f3n) \u00bfFut de Conjunto o de Nombres? para el Puebla FC Fotograf\u00eda Manuel Vela para Mv Fotograf\u00eda Profesional \u2013 Edici\u00f3n y retoque www.pueblaexpres.com por Manuel Vela - MV Fotograf\u00eda Profesional, en Flickr\" href=\"http:\/\/www.flickr.com\/photos\/manitas\/11273449783\/\"><img loading=\"lazy\" decoding=\"async\" alt=\"DSC_0453 (Nota de Opini\u00f3n) \u00bfFut de Conjunto o de Nombres? para el Puebla FC Fotograf\u00eda Manuel Vela para Mv Fotograf\u00eda Profesional \u2013 Edici\u00f3n y retoque www.pueblaexpres.com\" src=\"http:\/\/farm8.staticflickr.com\/7423\/11273449783_853a3e1685.jpg\" width=\"333\" height=\"500\" \/><\/a><\/p>\n<p>No se trata de conjuntar \u00fanicamente jugadores caros o baratos en sueldos, sino que como equipo se sientan identificados con un estilo de juego parecido y compa\u00f1erismo, ya que el hecho de permanecer largo tiempo en la misma instituci\u00f3n no es garant\u00eda tampoco de ser referente en un equipo. Tal es el caso de Jaime Dur\u00e1n y Bryan Mart\u00ednez, quienes seguir\u00e1n en la escuadra camotera en este torneo y poco o nada han demostrado como jugadores.<\/p>\n<p>La primera prueba de fuego-juego ser\u00e1 cuando La Franja enfrente el torneo LA CUNA DEL FUTBOL en Pachuca, pero antes de ello esperemos que lleguen refuerzos para ser titulares.<\/p>\n<p><em>Dice mi primo Lupe Pintor que m\u00e1s vale una vez colorado que cien veces descolorido, yo le agregar\u00eda, muchas veces hay m\u00e1s rellenos que plato fuerte.<\/em><\/p>\n<p><em><strong>La opini\u00f3n expresada en esta columna es responsabilidad de quien la escribe y no busca generar conflictos entre los involucrados, si no generar conciencia en cada lector.<\/strong><\/em><\/p>\n<p>[miniflickr photoset_id=72157638480234054&amp;sortby=date-posted-asc&amp;per_page=3]<\/p>\n","protected":false},"excerpt":{"rendered":"<p>Redacci\u00f3n F\u00e9nix Azul \u00bfFut de Conjunto o de Nombres? La salida de Diego De Buen del Puebla F.C. genero mucha controversia entre los aficionados poblanos; Y es que se pensaba que dicho jugador ser\u00eda una de las bases que podr\u00eda tener Romano para el Clausura 2014. Parece podemos descansar, ya que si se quedan jugadores [&hellip;]<\/p>\n","protected":false},"author":2,"featured_media":0,"comment_status":"open","ping_status":"open","sticky":false,"template":"","format":"standard","meta":{"footnotes":""},"categories":[8,36,13,3,1,7],"tags":[],"_links":{"self":[{"href":"https:\/\/pueblaexpres.com\/portal\/index.php?rest_route=\/wp\/v2\/posts\/3083"}],"collection":[{"href":"https:\/\/pueblaexpres.com\/portal\/index.php?rest_route=\/wp\/v2\/posts"}],"about":[{"href":"https:\/\/pueblaexpres.com\/portal\/index.php?rest_route=\/wp\/v2\/types\/post"}],"author":[{"embeddable":true,"href":"https:\/\/pueblaexpres.com\/portal\/index.php?rest_route=\/wp\/v2\/users\/2"}],"replies":[{"embeddable":true,"href":"https:\/\/pueblaexpres.com\/portal\/index.php?rest_route=%2Fwp%2Fv2%2Fcomments&post=3083"}],"version-history":[{"count":1,"href":"https:\/\/pueblaexpres.com\/portal\/index.php?rest_route=\/wp\/v2\/posts\/3083\/revisions"}],"predecessor-version":[{"id":3084,"href":"https:\/\/pueblaexpres.com\/portal\/index.php?rest_route=\/wp\/v2\/posts\/3083\/revisions\/3084"}],"wp:attachment":[{"href":"https:\/\/pueblaexpres.com\/portal\/index.php?rest_route=%2Fwp%2Fv2%2Fmedia&parent=3083"}],"wp:term":[{"taxonomy":"category","embeddable":true,"href":"https:\/\/pueblaexpres.com\/portal\/index.php?rest_route=%2Fwp%2Fv2%2Fcategories&post=3083"},{"taxonomy":"post_tag","embeddable":true,"href":"https:\/\/pueblaexpres.com\/portal\/index.php?rest_route=%2Fwp%2Fv2%2Ftags&post=3083"}],"curies":[{"name":"wp","href":"https:\/\/api.w.org\/{rel}","templated":true}]}}