{"id":3076,"date":"2013-12-06T14:39:00","date_gmt":"2013-12-06T20:39:00","guid":{"rendered":"https:\/\/pueblaexpres.com\/portal\/?p=3076"},"modified":"2013-12-06T14:39:00","modified_gmt":"2013-12-06T20:39:00","slug":"pretemporada-triunfar-y-demostrar-ivan-bella-puebla-fc-rumbo-al-clausura-2014","status":"publish","type":"post","link":"https:\/\/pueblaexpres.com\/portal\/?p=3076","title":{"rendered":"[Pretemporada] Triunfar y demostrar: Iv\u00e1n Bella Puebla FC rumbo al Clausura 2014"},"content":{"rendered":"<div name=\"googleone_share_1\" style=\"position:relative;z-index:5;float: right; margin-left: 10px;\"><g:plusone size=\"tall\" count=\"1\" href=\"https:\/\/pueblaexpres.com\/portal\/?p=3076\"><\/g:plusone><\/div><p><a title=\"IMG_0011 [Pretemporada] El equipo del Puebla FC realiza su pretemporada en el puerto de Acapulco rumbo al Torneo Clausura 2014 Imagen departamento de Prensa Puebla FC para Mv Fotograf\u00eda Profesional \u2013 Edici\u00f3n y retoque www.pueblaexpres.com por Manuel Vela - MV Fotograf\u00eda Profesional, en Flickr\" href=\"http:\/\/www.flickr.com\/photos\/manitas\/11241520154\/\"><img loading=\"lazy\" decoding=\"async\" alt=\"IMG_0011 [Pretemporada] El equipo del Puebla FC realiza su pretemporada en el puerto de Acapulco rumbo al Torneo Clausura 2014 Imagen departamento de Prensa Puebla FC para Mv Fotograf\u00eda Profesional \u2013 Edici\u00f3n y retoque www.pueblaexpres.com\" src=\"http:\/\/farm4.staticflickr.com\/3683\/11241520154_fe1a2a3fb0.jpg\" width=\"500\" height=\"334\" \/><\/a><\/p>\n<p>Triunfar y demostrar su val\u00eda en el equipo, son las metas que Iv\u00e1n Gonzalo Bella se ha propuesto a su llegada al equipo poblano.<\/p>\n<p>Despu\u00e9s del entrenamiento matutino en Acapulco, Guerrero, el volante argentino afirm\u00f3 que su integraci\u00f3n desde el inicio de la pretemporada ser\u00e1 la clave para un \u00f3ptimo rendimiento en el equipo poblano.<\/p>\n<p>\u201cEstoy contento, porque en Jaguares no tuve oportunidades de jugar y porque no inicie la pretemporada all\u00e1, pero ahora, se me da la oportunidad ac\u00e1 y estoy contento de arrancar de cero\u201d<\/p>\n<p><a title=\"IMG_0021 [Pretemporada] El equipo del Puebla FC realiza su pretemporada en el puerto de Acapulco rumbo al Torneo Clausura 2014 Imagen departamento de Prensa Puebla FC para Mv Fotograf\u00eda Profesional \u2013 Edici\u00f3n y retoque www.pueblaexpres.com por Manuel Vela - MV Fotograf\u00eda Profesional, en Flickr\" href=\"http:\/\/www.flickr.com\/photos\/manitas\/11241518844\/\"><img loading=\"lazy\" decoding=\"async\" alt=\"IMG_0021 [Pretemporada] El equipo del Puebla FC realiza su pretemporada en el puerto de Acapulco rumbo al Torneo Clausura 2014 Imagen departamento de Prensa Puebla FC para Mv Fotograf\u00eda Profesional \u2013 Edici\u00f3n y retoque www.pueblaexpres.com\" src=\"http:\/\/farm4.staticflickr.com\/3821\/11241518844_e3f76a583f.jpg\" width=\"500\" height=\"333\" \/><\/a><\/p>\n<p>Gonzalo Bella, se defini\u00f3 como un jugador habilidoso y buscador de oportunidades de gol con un fuerte disparo de larga distancia.<\/p>\n<p>\u201cSoy un volante por derecha e izquierda o carrilero por izquierda. Lo m\u00edo es desbordar por afuera, tirar centros y tirar el arco\u201d<!--more--><\/p>\n<p>El jugador argentino afirm\u00f3 que su llegada al equipo camotero es una oportunidad de revancha futbol\u00edstica por lo que agradeci\u00f3 a la directiva y al cuerpo t\u00e9cnico por la oportunidad presentada.<\/p>\n<p><a title=\"IMG_0001 [Pretemporada] El equipo del Puebla FC realiza su pretemporada en el puerto de Acapulco rumbo al Torneo Clausura 2014 Imagen departamento de Prensa Puebla FC para Mv Fotograf\u00eda Profesional \u2013 Edici\u00f3n y retoque www.pueblaexpres.com por Manuel Vela - MV Fotograf\u00eda Profesional, en Flickr\" href=\"http:\/\/www.flickr.com\/photos\/manitas\/11241589373\/\"><img loading=\"lazy\" decoding=\"async\" alt=\"IMG_0001 [Pretemporada] El equipo del Puebla FC realiza su pretemporada en el puerto de Acapulco rumbo al Torneo Clausura 2014 Imagen departamento de Prensa Puebla FC para Mv Fotograf\u00eda Profesional \u2013 Edici\u00f3n y retoque www.pueblaexpres.com\" src=\"http:\/\/farm3.staticflickr.com\/2826\/11241589373_0e2d63dc54.jpg\" width=\"500\" height=\"334\" \/><\/a><br \/>\n\u201cMe voy a poner la camiseta, a dejar lo m\u00e1ximo, quiero una carrera larga aqu\u00ed\u201d<br \/>\nIv\u00e1n Gonzalo Bella, tuvo la oportunidad de jugar contra Carlos S\u00e1nchez y Mat\u00edas Alustiza en la Liga Nacional de Argentina en 2010, por ello, conocedor de su calidad, el porte\u00f1o afirma que es un honor poder compartir con ellos el campo por lo que se muestra ansioso de arrancar el torneo.<\/p>\n<p>\u201cSon dos jugadores muy importantes, es un placer un vestidor con ellos, podremos hacer algo grande, mi meta es jugar y hacer goles para entrar a la liguilla\u201d<\/p>\n<p>Por la tarde, el equipo de la Franja continuar\u00e1 su preparaci\u00f3n con trabajo t\u00e1ctico en cancha.<\/p>\n<p><strong>VENTA DE<\/strong><br \/>\n<strong> FRANJA ABONOS<\/strong><br \/>\n70 a\u00f1os de orgullo, tradici\u00f3n y pasi\u00f3n\u2026 cel\u00e9bralo con nosotros.<br \/>\nEl Puebla de la Franja anuncia los precios de la nueva tarjeta \u201cFranja Abono: Clausura 2014\u201d<\/p>\n<p><a title=\"IMG_0011 Puebla FC anuncia el \u201cFranja Abono: Clausura 2014\u201d Imagen departamento de Prensa Puebla FC para Mv Fotograf\u00eda Profesional \u2013 Edici\u00f3n y retoque www.pueblaexpres.com por Manuel Vela - MV Fotograf\u00eda Profesional, en Flickr\" href=\"http:\/\/www.flickr.com\/photos\/manitas\/11108365215\/\"><img loading=\"lazy\" decoding=\"async\" alt=\"IMG_0011 Puebla FC anuncia el \u201cFranja Abono: Clausura 2014\u201d Imagen departamento de Prensa Puebla FC para Mv Fotograf\u00eda Profesional \u2013 Edici\u00f3n y retoque www.pueblaexpres.com\" src=\"http:\/\/farm4.staticflickr.com\/3802\/11108365215_6c82d656b9.jpg\" width=\"500\" height=\"386\" \/><\/a><br \/>\n<strong><em>COSTOS:<\/em><\/strong><br \/>\n<strong><em> Rampa: $ 1100<\/em><\/strong><br \/>\n<strong><em> Soles: $ 1400<\/em><\/strong><br \/>\n<strong><em> Preferente $ 1900<\/em><\/strong><br \/>\n<strong><em> Plateas $ 2800<\/em><\/strong><\/p>\n<p>La compra del abono incluye una tarjeta electromagn\u00e9tica con acceso especial en todos los partidos de Liga Bancomer MX y Copa MX de fase regular como local del equipo Camotero. Adem\u00e1s de la nueva playera oficial de juego del Puebla F.C de la temporada Clausura 2014, misma que ser\u00e1 entregada previo al juego ante Monterrey de la jornada 2 de liga.<\/p>\n<p>Los Franja abonos estar\u00e1n a la venta a partir del d\u00eda 10 de diciembre y hasta el 11 de enero en oficinas del Estadio Cuauht\u00e9moc, con horario de 10 a 5 pm.<\/p>\n<p>Porque los goles sin ti, no son iguales.<\/p>\n<p>Somos muchos\u2026 m\u00e1s que 11!<\/p>\n<p>\u00a1Enfr\u00e1njate!<\/p>\n<p><em><strong>Fotograf\u00eda y\/o imagen -\u201cCORTES\u00cdA\u201d -proporcionada por el departamento de Prensa Puebla FC y\/o Puebla de la Franja<\/strong><\/em><\/p>\n<p>[miniflickr photoset_id=72157638419640233&amp;sortby=date-posted-asc&amp;per_page=6]<\/p>\n","protected":false},"excerpt":{"rendered":"<p>Triunfar y demostrar su val\u00eda en el equipo, son las metas que Iv\u00e1n Gonzalo Bella se ha propuesto a su llegada al equipo poblano. Despu\u00e9s del entrenamiento matutino en Acapulco, Guerrero, el volante argentino afirm\u00f3 que su integraci\u00f3n desde el inicio de la pretemporada ser\u00e1 la clave para un \u00f3ptimo rendimiento en el equipo poblano. [&hellip;]<\/p>\n","protected":false},"author":2,"featured_media":0,"comment_status":"open","ping_status":"open","sticky":false,"template":"","format":"standard","meta":{"footnotes":""},"categories":[8,13,3,1,7],"tags":[],"_links":{"self":[{"href":"https:\/\/pueblaexpres.com\/portal\/index.php?rest_route=\/wp\/v2\/posts\/3076"}],"collection":[{"href":"https:\/\/pueblaexpres.com\/portal\/index.php?rest_route=\/wp\/v2\/posts"}],"about":[{"href":"https:\/\/pueblaexpres.com\/portal\/index.php?rest_route=\/wp\/v2\/types\/post"}],"author":[{"embeddable":true,"href":"https:\/\/pueblaexpres.com\/portal\/index.php?rest_route=\/wp\/v2\/users\/2"}],"replies":[{"embeddable":true,"href":"https:\/\/pueblaexpres.com\/portal\/index.php?rest_route=%2Fwp%2Fv2%2Fcomments&post=3076"}],"version-history":[{"count":1,"href":"https:\/\/pueblaexpres.com\/portal\/index.php?rest_route=\/wp\/v2\/posts\/3076\/revisions"}],"predecessor-version":[{"id":3077,"href":"https:\/\/pueblaexpres.com\/portal\/index.php?rest_route=\/wp\/v2\/posts\/3076\/revisions\/3077"}],"wp:attachment":[{"href":"https:\/\/pueblaexpres.com\/portal\/index.php?rest_route=%2Fwp%2Fv2%2Fmedia&parent=3076"}],"wp:term":[{"taxonomy":"category","embeddable":true,"href":"https:\/\/pueblaexpres.com\/portal\/index.php?rest_route=%2Fwp%2Fv2%2Fcategories&post=3076"},{"taxonomy":"post_tag","embeddable":true,"href":"https:\/\/pueblaexpres.com\/portal\/index.php?rest_route=%2Fwp%2Fv2%2Ftags&post=3076"}],"curies":[{"name":"wp","href":"https:\/\/api.w.org\/{rel}","templated":true}]}}