{"id":3071,"date":"2013-12-02T10:16:48","date_gmt":"2013-12-02T16:16:48","guid":{"rendered":"https:\/\/pueblaexpres.com\/portal\/?p=3071"},"modified":"2013-12-02T10:17:10","modified_gmt":"2013-12-02T16:17:10","slug":"nota-de-opinion-dupla-chargoy-romano-puebla-fc","status":"publish","type":"post","link":"https:\/\/pueblaexpres.com\/portal\/?p=3071","title":{"rendered":"(Nota de Opini\u00f3n) Dupla Chargoy-Romano Puebla FC"},"content":{"rendered":"<div name=\"googleone_share_1\" style=\"position:relative;z-index:5;float: right; margin-left: 10px;\"><g:plusone size=\"tall\" count=\"1\" href=\"https:\/\/pueblaexpres.com\/portal\/?p=3071\"><\/g:plusone><\/div><p><a title=\"DSC_7429 (Nota de Opini\u00f3n) Dupla Chargoy-Romano Puebla FC Fotograf\u00eda Manuel Vela para Mv Fotograf\u00eda Profesional \u2013 Edici\u00f3n y retoque www.pueblaexpres.com por Manuel Vela - MV Fotograf\u00eda Profesional, en Flickr\" href=\"http:\/\/www.flickr.com\/photos\/manitas\/11173804765\/\"><img loading=\"lazy\" decoding=\"async\" alt=\"DSC_7429 (Nota de Opini\u00f3n) Dupla Chargoy-Romano Puebla FC Fotograf\u00eda Manuel Vela para Mv Fotograf\u00eda Profesional \u2013 Edici\u00f3n y retoque www.pueblaexpres.com\" src=\"http:\/\/farm6.staticflickr.com\/5492\/11173804765_b0477334b6.jpg\" width=\"500\" height=\"334\" \/><\/a><\/p>\n<p><strong>Redacci\u00f3n F\u00e9nix Azul<\/strong><\/p>\n<p>La parte Administrativa de Puebla F.C. encabezada por nuestro Presidente El Ing. Jes\u00fas L\u00f3pez Chargoy, esta sediento de que la instituci\u00f3n sea m\u00e1s que PROTAGONISTA en el clausura 2014, pues se nota que ha dado total apoyo su D.T. Rub\u00e9n Omar Romano al dejar que este \u00faltimo traiga a jugadores de su confianza y que respondan a su estilo fiel ofensivo en el campo.<\/p>\n<p>La muy posible contrataci\u00f3n al 95% de Jonathan Maidana (Defensa central de River y Ex-jugador de Boca), los medios campistas Iv\u00e1n Bella (Ex-jugador de V\u00e9lez en Argentina y Jaguares) y Mois\u00e9s Velasco (Ex-jugador de San Luis y Jaguares), adem\u00e1s del delantero Francisco Torres (Ex-jugador de Santos y Jaguares), hacen que se vayan reforzando todas las l\u00edneas. Y al parecer a\u00fan faltan 6 contrataciones m\u00e1s.<\/p>\n<p><a title=\"DSC_0122 (Nota de Opini\u00f3n) Dupla Chargoy-Romano Puebla FC Fotograf\u00eda Manuel Vela para Mv Fotograf\u00eda Profesional \u2013 Edici\u00f3n y retoque www.pueblaexpres.com por Manuel Vela - MV Fotograf\u00eda Profesional, en Flickr\" href=\"http:\/\/www.flickr.com\/photos\/manitas\/11173869514\/\"><img loading=\"lazy\" decoding=\"async\" alt=\"DSC_0122 (Nota de Opini\u00f3n) Dupla Chargoy-Romano Puebla FC Fotograf\u00eda Manuel Vela para Mv Fotograf\u00eda Profesional \u2013 Edici\u00f3n y retoque www.pueblaexpres.com\" src=\"http:\/\/farm6.staticflickr.com\/5534\/11173869514_e8bfa0bdf2.jpg\" width=\"400\" height=\"500\" \/><\/a><\/p>\n<p>La \u00faltima semana de Noviembre del 2013 han llegado varias buenas noticias para los Enfranjados Poblanos.<\/p>\n<p>A partir del 10 de Diciembre estar\u00e1 a la venta el #FranjaAbono , que cuenta adem\u00e1s de muchos puntos buenos, IDENTIDAD; Vamos haciendo cuentas y beneficios: Por ejemplo en rampas tiene costo de $1,100 baros; Incluye 8 partidos de liga, 8 x 70 = 560 (Precio tomado de apertura 2013), 3 de copa, 3 x 20 = 60, playera oficial de la marca de los gemelos Kappa (Precio aproximado m\u00ednimo 500), Total: $1,120 chuchulucos!! Los beneficios son muchos, se estar\u00eda cobrando a precio normal los juegos frente a Chivas y Am\u00e9rica, entrega de tarjeta electro-magn\u00e9tica con entrada \u00daNICA a los abonados en la secci\u00f3n comprada, tener la nueva piel que vestir\u00e1 Puebla F.C. hecha por Kappa antes del 10 de enero que despu\u00e9s pudiera costar $700, adem\u00e1s entrada a exclusivos entrenamientos de La Franja, y lo m\u00e1s importante el trato preferencial al Enfranjado Abonado que NO TIENE PRECIO!!<!--more--><\/p>\n<p><a title=\"DSC_0153 (Nota de Opini\u00f3n) Dupla Chargoy-Romano Puebla FC Fotograf\u00eda Manuel Vela para Mv Fotograf\u00eda Profesional \u2013 Edici\u00f3n y retoque www.pueblaexpres.com por Manuel Vela - MV Fotograf\u00eda Profesional, en Flickr\" href=\"http:\/\/www.flickr.com\/photos\/manitas\/11173847826\/\"><img loading=\"lazy\" decoding=\"async\" alt=\"DSC_0153 (Nota de Opini\u00f3n) Dupla Chargoy-Romano Puebla FC Fotograf\u00eda Manuel Vela para Mv Fotograf\u00eda Profesional \u2013 Edici\u00f3n y retoque www.pueblaexpres.com\" src=\"http:\/\/farm4.staticflickr.com\/3807\/11173847826_fd2c753636.jpg\" width=\"500\" height=\"401\" \/><\/a><\/p>\n<p>Todo lo anterior hace que el Ing. Jes\u00fas vea por el aficionado verdadero y fiel a La Franja, pues es \u00e9l en gran importancia quien siente, ama y de siempre le desea dar IDENTIDAD a los colores de Puebla F.C. y junto con Rub\u00e9n Omar Romano que tiene hambre de campeonar, la dupla se vuelve infalible para que la instituci\u00f3n sea GRANDE en este clausura 2014.<\/p>\n<p>Otra noticia buena, es el anuncio por parte del Gobernador de Puebla Rafael Moreno Valle de hacer una reingenier\u00eda al 2 veces mundialista Estadio Cuauht\u00e9moc, en el que tendr\u00e1 desde nuevas butacas y palcos, hasta restaurante dentro del inmueble, todo ello para atraer mejores eventos masivos deportivos y espect\u00e1culos mundiales de primer nivel; Yo le pedir\u00eda algo que necesitamos mucho, tambi\u00e9n una casa club para los camoteros cerca del estadio, ya que muchas veces los jugadores deben prepararse f\u00edsicamente en gimnasios, saunas y salones de concentraci\u00f3n muy alejados del estadio.<\/p>\n<p><a title=\"DSC_0294 (Nota de Opini\u00f3n) Dupla Chargoy-Romano Puebla FC Fotograf\u00eda Manuel Vela para Mv Fotograf\u00eda Profesional \u2013 Edici\u00f3n y retoque www.pueblaexpres.com por Manuel Vela - MV Fotograf\u00eda Profesional, en Flickr\" href=\"http:\/\/www.flickr.com\/photos\/manitas\/11173847436\/\"><img loading=\"lazy\" decoding=\"async\" alt=\"DSC_0294 (Nota de Opini\u00f3n) Dupla Chargoy-Romano Puebla FC Fotograf\u00eda Manuel Vela para Mv Fotograf\u00eda Profesional \u2013 Edici\u00f3n y retoque www.pueblaexpres.com\" src=\"http:\/\/farm3.staticflickr.com\/2883\/11173847436_8b3d697e25.jpg\" width=\"332\" height=\"500\" \/><\/a><\/p>\n<p>Cuando se trabaja con pasi\u00f3n y verdad con y para el aficionado poblano, este enfranjado cr\u00edtico de opini\u00f3n independiente lejos de quedarse callado, apoya con todo desde una red social hasta haciendo presencia en el Cuauht\u00e9moc ahora con la compra del #FranjaAbono !!<\/p>\n<p>Dice mi t\u00edo Juan que al nopal solo lo van a ver cuando tiene tunas, yo le agregar\u00eda, y todav\u00eda hay quien pide que la tuna florezca sin espinas.<\/p>\n<p><em><strong>La opini\u00f3n expresada en esta columna es responsabilidad de quien la escribe y no busca generar conflictos entre los involucrados, si no generar conciencia en cada lector.<\/strong><\/em><\/p>\n<p>[miniflickr photoset_id=72157638284508346&amp;sortby=date-posted-asc&amp;per_page=4]<\/p>\n","protected":false},"excerpt":{"rendered":"<p>Redacci\u00f3n F\u00e9nix Azul La parte Administrativa de Puebla F.C. encabezada por nuestro Presidente El Ing. Jes\u00fas L\u00f3pez Chargoy, esta sediento de que la instituci\u00f3n sea m\u00e1s que PROTAGONISTA en el clausura 2014, pues se nota que ha dado total apoyo su D.T. Rub\u00e9n Omar Romano al dejar que este \u00faltimo traiga a jugadores de su [&hellip;]<\/p>\n","protected":false},"author":2,"featured_media":0,"comment_status":"open","ping_status":"open","sticky":false,"template":"","format":"standard","meta":{"footnotes":""},"categories":[8,36,3,1,7],"tags":[],"_links":{"self":[{"href":"https:\/\/pueblaexpres.com\/portal\/index.php?rest_route=\/wp\/v2\/posts\/3071"}],"collection":[{"href":"https:\/\/pueblaexpres.com\/portal\/index.php?rest_route=\/wp\/v2\/posts"}],"about":[{"href":"https:\/\/pueblaexpres.com\/portal\/index.php?rest_route=\/wp\/v2\/types\/post"}],"author":[{"embeddable":true,"href":"https:\/\/pueblaexpres.com\/portal\/index.php?rest_route=\/wp\/v2\/users\/2"}],"replies":[{"embeddable":true,"href":"https:\/\/pueblaexpres.com\/portal\/index.php?rest_route=%2Fwp%2Fv2%2Fcomments&post=3071"}],"version-history":[{"count":2,"href":"https:\/\/pueblaexpres.com\/portal\/index.php?rest_route=\/wp\/v2\/posts\/3071\/revisions"}],"predecessor-version":[{"id":3073,"href":"https:\/\/pueblaexpres.com\/portal\/index.php?rest_route=\/wp\/v2\/posts\/3071\/revisions\/3073"}],"wp:attachment":[{"href":"https:\/\/pueblaexpres.com\/portal\/index.php?rest_route=%2Fwp%2Fv2%2Fmedia&parent=3071"}],"wp:term":[{"taxonomy":"category","embeddable":true,"href":"https:\/\/pueblaexpres.com\/portal\/index.php?rest_route=%2Fwp%2Fv2%2Fcategories&post=3071"},{"taxonomy":"post_tag","embeddable":true,"href":"https:\/\/pueblaexpres.com\/portal\/index.php?rest_route=%2Fwp%2Fv2%2Ftags&post=3071"}],"curies":[{"name":"wp","href":"https:\/\/api.w.org\/{rel}","templated":true}]}}