{"id":2832,"date":"2013-08-21T19:23:00","date_gmt":"2013-08-22T01:23:00","guid":{"rendered":"https:\/\/pueblaexpres.com\/portal\/?p=2832"},"modified":"2013-08-21T19:23:00","modified_gmt":"2013-08-22T01:23:00","slug":"pretemporada-intensa-competencia-interna-en-fc-los-angeles-tercera-division-profesional-rumbo-t2013-2014","status":"publish","type":"post","link":"https:\/\/pueblaexpres.com\/portal\/?p=2832","title":{"rendered":"[Pretemporada] Intensa competencia interna en FC Los \u00c1ngeles Tercera Divisi\u00f3n Profesional rumbo T2013-2014"},"content":{"rendered":"<div name=\"googleone_share_1\" style=\"position:relative;z-index:5;float: right; margin-left: 10px;\"><g:plusone size=\"tall\" count=\"1\" href=\"https:\/\/pueblaexpres.com\/portal\/?p=2832\"><\/g:plusone><\/div><p><a title=\"IMG_0001 A 4 semanas del inicio de la temporada, la lucha por la titularidad se ha convertido en una constante en FC Los \u00c1ngeles rumbo al T2013- Fotograf\u00eda Cortes\u00eda para Mv Fotograf\u00eda Profesional \u2013 Edici\u00f3n y retoque www.pueblaexpres.com por Manuel Vela - MV Fotograf\u00eda Profesional, en Flickr\" href=\"http:\/\/www.flickr.com\/photos\/manitas\/9564901265\/\"><img loading=\"lazy\" decoding=\"async\" alt=\"IMG_0001 A 4 semanas del inicio de la temporada, la lucha por la titularidad se ha convertido en una constante en FC Los \u00c1ngeles rumbo al T2013- Fotograf\u00eda Cortes\u00eda para Mv Fotograf\u00eda Profesional \u2013 Edici\u00f3n y retoque www.pueblaexpres.com\" src=\"http:\/\/farm3.staticflickr.com\/2814\/9564901265_17287de4d6.jpg\" width=\"500\" height=\"333\" \/><\/a><\/p>\n<p>A cuatro semanas del inicio de la temporada, la lucha por la titularidad se ha convertido en una constante entre los elementos rojiblancos.<\/p>\n<p>A pesar de ser pr\u00e1cticamente la base que se coron\u00f3 en la Cuarta Premier, los jugadores de Chivas Los \u00c1ngeles son conscientes de que no tienen su lugar asegurado en el once titular que arrancar\u00e1 el torneo en la Tercera Divisi\u00f3n, por lo que la competencia interna por un puesto ha ido incrementando, situaci\u00f3n que ha obligado a los integrantes del Reba\u00f1o poblano a redoblar esfuerzos para amarrar su permanencia en la plantilla.<\/p>\n<p>As\u00ed lo confirm\u00f3 el mediocampista Gustavo Rodr\u00edguez, quien luego del entrenamiento que tuvo lugar en el Deportivo La Piedad 475, reconoci\u00f3 que el equipo se encuentra a un noventa por ciento de su capacidad, pues luego de cinco amistosos disputados, los rojiblancos han sabido mostrarse ante los ojos del t\u00e9cnico Luis Romero, quien tendr\u00e1 una tarea dif\u00edcil para definir su cuadro ante la calidad de jugadores de los que puede echar mano.<\/p>\n<p>\u201cVa muy bien, todos ahorita est\u00e1n meti\u00e9ndole, ning\u00fan lugar est\u00e1 asegurado y todos les est\u00e1n echando ganas para ver qui\u00e9n queda en el cuadro titular, hay mucha competencia, todos mis compa\u00f1eros juegan muy bien y aqu\u00ed si tienes un lugar pues no soltarlo, seguirle metiendo para no bajar el nivel y apoyar al equipo, ya vamos por un noventa por ciento, nada m\u00e1s es asegurar bien el cuadro y meterle para Tercera y meterle con todo\u201d.<\/p>\n<p><a title=\"IMG_0011 A 4 semanas del inicio de la temporada, la lucha por la titularidad se ha convertido en una constante en FC Los \u00c1ngeles rumbo al T2013- Fotograf\u00eda Cortes\u00eda para Mv Fotograf\u00eda Profesional \u2013 Edici\u00f3n y retoque www.pueblaexpres.com por Manuel Vela - MV Fotograf\u00eda Profesional, en Flickr\" href=\"http:\/\/www.flickr.com\/photos\/manitas\/9567693338\/\"><img loading=\"lazy\" decoding=\"async\" alt=\"IMG_0011 A 4 semanas del inicio de la temporada, la lucha por la titularidad se ha convertido en una constante en FC Los \u00c1ngeles rumbo al T2013- Fotograf\u00eda Cortes\u00eda para Mv Fotograf\u00eda Profesional \u2013 Edici\u00f3n y retoque www.pueblaexpres.com\" src=\"http:\/\/farm3.staticflickr.com\/2806\/9567693338_b50ee3f0a6.jpg\" width=\"500\" height=\"334\" \/><\/a><\/p>\n<p>Y es que al enfrentar a rivales de la talla de Lobos Prepa de la Segunda Divisi\u00f3n y el Zacatepec del Grupo III de la Tercera categor\u00eda, han servido de mucho a los angelopolitanos, pues han sabido adaptarse a lo que vivieron en la Cuarta Premier donde la exigencia no era tan demandante como en el nuevo reto que se les presenta, el cual esperan responder con creces para lograr los objetivos planteados.<!--more--><\/p>\n<p>\u201cEl nivel est\u00e1 muy bien, en unos partidos como que bajamos un poco pero ahorita contra Zacatepec estuvimos muy bien, jugamos al nivel de ellos y creo que vamos por buen camino, en Cuarta era menos choque y un poquito m\u00e1s de toque, ahorita en Tercera ya corres m\u00e1s, hay m\u00e1s choque entre cada jugador y hay que disputar cada bal\u00f3n si no, no agarras el bal\u00f3n y andas muy precipitado\u201d, advirti\u00f3 Rodr\u00edguez Barrales.<\/p>\n<p>Por lo pronto, Chivas Los \u00c1ngeles aguarda ansiosamente el inicio de la contienda, que una vez m\u00e1s la Rama de la Tercera Divisi\u00f3n posterg\u00f3 una semana m\u00e1s, por lo que el inicio para el Grupo VI est\u00e1 programado para el fin de semana del 20 al 22 de septiembre, fecha desde la que el estratega Luis Romero y su Reba\u00f1o poblano buscar\u00e1n de nueva cuenta dar la cara por Puebla en la categor\u00eda y buscar el ascenso a la Segunda Divisi\u00f3n.<\/p>\n<p>[miniflickr photoset_id=72157635181074414&amp;sortby=date-posted-asc&amp;per_page=3]<\/p>\n","protected":false},"excerpt":{"rendered":"<p>A cuatro semanas del inicio de la temporada, la lucha por la titularidad se ha convertido en una constante entre los elementos rojiblancos. A pesar de ser pr\u00e1cticamente la base que se coron\u00f3 en la Cuarta Premier, los jugadores de Chivas Los \u00c1ngeles son conscientes de que no tienen su lugar asegurado en el once [&hellip;]<\/p>\n","protected":false},"author":2,"featured_media":0,"comment_status":"open","ping_status":"open","sticky":false,"template":"","format":"standard","meta":{"footnotes":""},"categories":[13,3],"tags":[],"_links":{"self":[{"href":"https:\/\/pueblaexpres.com\/portal\/index.php?rest_route=\/wp\/v2\/posts\/2832"}],"collection":[{"href":"https:\/\/pueblaexpres.com\/portal\/index.php?rest_route=\/wp\/v2\/posts"}],"about":[{"href":"https:\/\/pueblaexpres.com\/portal\/index.php?rest_route=\/wp\/v2\/types\/post"}],"author":[{"embeddable":true,"href":"https:\/\/pueblaexpres.com\/portal\/index.php?rest_route=\/wp\/v2\/users\/2"}],"replies":[{"embeddable":true,"href":"https:\/\/pueblaexpres.com\/portal\/index.php?rest_route=%2Fwp%2Fv2%2Fcomments&post=2832"}],"version-history":[{"count":1,"href":"https:\/\/pueblaexpres.com\/portal\/index.php?rest_route=\/wp\/v2\/posts\/2832\/revisions"}],"predecessor-version":[{"id":2833,"href":"https:\/\/pueblaexpres.com\/portal\/index.php?rest_route=\/wp\/v2\/posts\/2832\/revisions\/2833"}],"wp:attachment":[{"href":"https:\/\/pueblaexpres.com\/portal\/index.php?rest_route=%2Fwp%2Fv2%2Fmedia&parent=2832"}],"wp:term":[{"taxonomy":"category","embeddable":true,"href":"https:\/\/pueblaexpres.com\/portal\/index.php?rest_route=%2Fwp%2Fv2%2Fcategories&post=2832"},{"taxonomy":"post_tag","embeddable":true,"href":"https:\/\/pueblaexpres.com\/portal\/index.php?rest_route=%2Fwp%2Fv2%2Ftags&post=2832"}],"curies":[{"name":"wp","href":"https:\/\/api.w.org\/{rel}","templated":true}]}}