{"id":2829,"date":"2013-08-21T18:56:07","date_gmt":"2013-08-22T00:56:07","guid":{"rendered":"https:\/\/pueblaexpres.com\/portal\/?p=2829"},"modified":"2013-08-21T18:56:07","modified_gmt":"2013-08-22T00:56:07","slug":"previo-sabado-2408-borregos-itesm-puebla-vs-centinelas-de-guardias-presidenciales","status":"publish","type":"post","link":"https:\/\/pueblaexpres.com\/portal\/?p=2829","title":{"rendered":"[Previo] Sabado 24\/08 Borregos ITESM Puebla vs Centinelas de Guardias Presidenciales"},"content":{"rendered":"<div name=\"googleone_share_1\" style=\"position:relative;z-index:5;float: right; margin-left: 10px;\"><g:plusone size=\"tall\" count=\"1\" href=\"https:\/\/pueblaexpres.com\/portal\/?p=2829\"><\/g:plusone><\/div><p><a title=\"IMG_0011 S\u00e1bado 24 de agosto a las 12:00 horas Borregos ITESM Puebla vs Centinelas de Guardias Presidenciales Fotograf\u00eda Cortes\u00eda para Mv Fotograf\u00eda Profesional \u2013 Edici\u00f3n y retoque www.pueblaexpres.com por Manuel Vela - MV Fotograf\u00eda Profesional, en Flickr\" href=\"http:\/\/www.flickr.com\/photos\/manitas\/9564781493\/\"><img loading=\"lazy\" decoding=\"async\" alt=\"IMG_0011 S\u00e1bado 24 de agosto a las 12:00 horas Borregos ITESM Puebla vs Centinelas de Guardias Presidenciales Fotograf\u00eda Cortes\u00eda para Mv Fotograf\u00eda Profesional \u2013 Edici\u00f3n y retoque www.pueblaexpres.com\" src=\"http:\/\/farm4.staticflickr.com\/3784\/9564781493_d54b4e05b4.jpg\" width=\"500\" height=\"281\" \/><\/a><\/p>\n<p>El plazo por fin se ha cumplido y la espera ha terminado para que los Borregos Puebla entren en acci\u00f3n el pr\u00f3ximo s\u00e1bado 24 de agosto a las 12:00 horas, cuando den el banderazo a la actividad formal de cara a la Temporada 2013 de la Conferencia Premier de la CONADEIP.<\/p>\n<p>Aunque el partido no es en s\u00ed oficial, debido a que los rivales Centinelas de Guardias Presidenciales se agremian dentro de la Liga ONEFA, si le servir\u00e1 al representativo del Tecnol\u00f3gico de Monterrey Campus Puebla como juego inaugural, debido a que los juegos oficiales de la Conferencia Premier arrancar\u00e1n los d\u00edas 6 y 7 de septiembre, pero ser\u00e1 hasta el 27 de septiembre en la Semana Cuatro, luego de tres salidas, cuando los \u201clanudos\u201d se presenten para jugar ante su afici\u00f3n en el \u201cCr\u00e1ter Azul\u201d.<\/p>\n<p>Mientras tanto, los pupilos del Entrenador en Jefe de los Borregos Puebla Hugo Lira, saben que el pr\u00f3ximo s\u00e1bado tendr\u00e1n en frente un rival importante, por lo que ya velan armas al tiempo que planean salir con todo en un enfrentamiento en el que para ellos tiene tintes de temporada regular dentro de la denominada \u201cJornada Cero\u201d.<\/p>\n<p><a title=\"IMG_0021 S\u00e1bado 24 de agosto a las 12:00 horas Borregos ITESM Puebla vs Centinelas de Guardias Presidenciales Fotograf\u00eda Cortes\u00eda para Mv Fotograf\u00eda Profesional \u2013 Edici\u00f3n y retoque www.pueblaexpres.com por Manuel Vela - MV Fotograf\u00eda Profesional, en Flickr\" href=\"http:\/\/www.flickr.com\/photos\/manitas\/9567572260\/\"><img loading=\"lazy\" decoding=\"async\" alt=\"IMG_0021 S\u00e1bado 24 de agosto a las 12:00 horas Borregos ITESM Puebla vs Centinelas de Guardias Presidenciales Fotograf\u00eda Cortes\u00eda para Mv Fotograf\u00eda Profesional \u2013 Edici\u00f3n y retoque www.pueblaexpres.com\" src=\"http:\/\/farm8.staticflickr.com\/7360\/9567572260_d286e9680e.jpg\" width=\"500\" height=\"334\" \/><\/a><\/p>\n<p>\u201cYa tuvimos nuestros dos scremages, este es un juego que aunque en estad\u00edsticas no cuenta, tampoco es un scremage; es la jornada cero, as\u00ed se le denomin\u00f3, es Conadeip-Onefa y para nosotros sobre todo el hecho de estar en casa ya no lo tomamos como un juego de preparaci\u00f3n, es el inicio de temporada para nosotros.<!--more--><br \/>\nVamos a tener mucho menos rotaci\u00f3n de jugadores que la que tuvimos en los dos juegos anteriores, estaremos viendo a nuestra gente titular para que agarre el ritmo final rumbo a esta temporada 2013\u201d se\u00f1al\u00f3 el coach.<\/p>\n<p>Lira Hern\u00e1ndez extendi\u00f3 la invitaci\u00f3n para que los aficionados al deporte de los emparrillados se den cita en el \u201cCr\u00e1ter Azul\u201d durante la temporada y apoyen a los Borregos Puebla en la b\u00fasqueda de los Play Offs. Al mismo tiempo y a manera de balance, hizo un recuento del pasado y espera que su equipo tenga una muy buena actuaci\u00f3n en la temporada que se avecina.<\/p>\n<p>\u201cEste equipo del 2011 al 2012 mejor\u00f3 much\u00edsimo en la parte t\u00e9cnica, en la parte de actitud, en la parte de calidad de futbol que se mostr\u00f3 y se pudo demostrar ante equipos del Grupo 1 como el caso de Borregos Monterrey a quienes tuvimos abajo en el marcador una buena parte del juego; en los dos juegos ante Borregos CEM tanto en el juego de temporada regular como en el de postemporada estuvimos ah\u00ed con muy poca desventaja; para este 2013 espero una calidad de futbol y una actitud que debe superar por mucho lo realizado anteriormente\u201d.<\/p>\n<p>As\u00ed mismo espera que cuando se d\u00e9 el inicio oficial de temporada ante Aztecas el 7 de septiembre, su equipo muestre buena forma en todos los aspectos y comience a inclinar la balanza a su favor en los choques entre ambos equipos.<\/p>\n<p>[miniflickr photoset_id=72157635174439171&amp;sortby=date-posted-asc&amp;per_page=5]<\/p>\n","protected":false},"excerpt":{"rendered":"<p>El plazo por fin se ha cumplido y la espera ha terminado para que los Borregos Puebla entren en acci\u00f3n el pr\u00f3ximo s\u00e1bado 24 de agosto a las 12:00 horas, cuando den el banderazo a la actividad formal de cara a la Temporada 2013 de la Conferencia Premier de la CONADEIP. Aunque el partido no [&hellip;]<\/p>\n","protected":false},"author":2,"featured_media":0,"comment_status":"open","ping_status":"open","sticky":false,"template":"","format":"standard","meta":{"footnotes":""},"categories":[60],"tags":[],"_links":{"self":[{"href":"https:\/\/pueblaexpres.com\/portal\/index.php?rest_route=\/wp\/v2\/posts\/2829"}],"collection":[{"href":"https:\/\/pueblaexpres.com\/portal\/index.php?rest_route=\/wp\/v2\/posts"}],"about":[{"href":"https:\/\/pueblaexpres.com\/portal\/index.php?rest_route=\/wp\/v2\/types\/post"}],"author":[{"embeddable":true,"href":"https:\/\/pueblaexpres.com\/portal\/index.php?rest_route=\/wp\/v2\/users\/2"}],"replies":[{"embeddable":true,"href":"https:\/\/pueblaexpres.com\/portal\/index.php?rest_route=%2Fwp%2Fv2%2Fcomments&post=2829"}],"version-history":[{"count":1,"href":"https:\/\/pueblaexpres.com\/portal\/index.php?rest_route=\/wp\/v2\/posts\/2829\/revisions"}],"predecessor-version":[{"id":2830,"href":"https:\/\/pueblaexpres.com\/portal\/index.php?rest_route=\/wp\/v2\/posts\/2829\/revisions\/2830"}],"wp:attachment":[{"href":"https:\/\/pueblaexpres.com\/portal\/index.php?rest_route=%2Fwp%2Fv2%2Fmedia&parent=2829"}],"wp:term":[{"taxonomy":"category","embeddable":true,"href":"https:\/\/pueblaexpres.com\/portal\/index.php?rest_route=%2Fwp%2Fv2%2Fcategories&post=2829"},{"taxonomy":"post_tag","embeddable":true,"href":"https:\/\/pueblaexpres.com\/portal\/index.php?rest_route=%2Fwp%2Fv2%2Ftags&post=2829"}],"curies":[{"name":"wp","href":"https:\/\/api.w.org\/{rel}","templated":true}]}}