{"id":2769,"date":"2013-08-01T17:56:35","date_gmt":"2013-08-01T23:56:35","guid":{"rendered":"https:\/\/pueblaexpres.com\/portal\/?p=2769"},"modified":"2013-08-01T17:56:35","modified_gmt":"2013-08-01T23:56:35","slug":"categoria-sub17-j3-ta-2013-puebla-fc-vs-santos-laguna-liga-mx","status":"publish","type":"post","link":"https:\/\/pueblaexpres.com\/portal\/?p=2769","title":{"rendered":"[Categor\u00eda SUB17] J3 TA 2013 Puebla FC vs Santos Laguna Liga MX"},"content":{"rendered":"<div name=\"googleone_share_1\" style=\"position:relative;z-index:5;float: right; margin-left: 10px;\"><g:plusone size=\"tall\" count=\"1\" href=\"https:\/\/pueblaexpres.com\/portal\/?p=2769\"><\/g:plusone><\/div><p><a title=\"DSC_0061 [Categor\u00eda SUB17] Puebla FC vs Santos Laguna Liga MX encuentro disputado en la Unidad Deportiva Mario V\u00e1zquez Ra\u00f1a Fotograf\u00eda Mara Gonz\u00e1lez \/ Manuel Vela para Mv Fotograf\u00eda Profesional \u2013 Edici\u00f3n y retoque www.pueblaexpres.com por Manuel Vela - MV Fotograf\u00eda Profesional, en Flickr\" href=\"http:\/\/www.flickr.com\/photos\/manitas\/9416923809\/\"><img loading=\"lazy\" decoding=\"async\" alt=\"DSC_0061 [Categor\u00eda SUB17] Puebla FC vs Santos Laguna Liga MX encuentro disputado en la Unidad Deportiva Mario V\u00e1zquez Ra\u00f1a Fotograf\u00eda Mara Gonz\u00e1lez \/ Manuel Vela para Mv Fotograf\u00eda Profesional \u2013 Edici\u00f3n y retoque www.pueblaexpres.com\" src=\"http:\/\/farm4.staticflickr.com\/3742\/9416923809_b6cceaa939.jpg\" width=\"500\" height=\"334\" \/><\/a><\/p>\n<p>El conjunto Sub 17 de Santos Laguna se present\u00f3 en el Torneo Apertura 2013 este mi\u00e9rcoles en la Unidad Deportiva Cuauht\u00e9moc, donde empat\u00f3 a cero con su similar de Puebla FC, en partido correspondiente a la jornada 3.<\/p>\n<p>La tanda de penales posterior al cotejo favoreci\u00f3 a La Franja por marcador de 4 a 2.<\/p>\n<p>De esta forma el equipo verdiblanco sum\u00f3 su primer punto del campeonato, ubic\u00e1ndose en la posici\u00f3n 15 de la tabla.<\/p>\n<p><a title=\"DSC_0196 [Categor\u00eda SUB17] Puebla FC vs Santos Laguna Liga MX encuentro disputado en la Unidad Deportiva Mario V\u00e1zquez Ra\u00f1a Fotograf\u00eda Mara Gonz\u00e1lez \/ Manuel Vela para Mv Fotograf\u00eda Profesional \u2013 Edici\u00f3n y retoque www.pueblaexpres.com por Manuel Vela - MV Fotograf\u00eda Profesional, en Flickr\" href=\"http:\/\/www.flickr.com\/photos\/manitas\/9416923535\/\"><img loading=\"lazy\" decoding=\"async\" alt=\"DSC_0196 [Categor\u00eda SUB17] Puebla FC vs Santos Laguna Liga MX encuentro disputado en la Unidad Deportiva Mario V\u00e1zquez Ra\u00f1a Fotograf\u00eda Mara Gonz\u00e1lez \/ Manuel Vela para Mv Fotograf\u00eda Profesional \u2013 Edici\u00f3n y retoque www.pueblaexpres.com\" src=\"http:\/\/farm8.staticflickr.com\/7304\/9416923535_5d89422872.jpg\" width=\"500\" height=\"334\" \/><\/a><\/p>\n<p>Cabe recordar que los Guerreros tienen pendientes dos encuentros, frente a Chivas y Cruz Azul.<\/p>\n<p>El pr\u00f3ximo s\u00e1bado en TSM, el cuadro de Federico \u00c1lvarez enfrentar\u00e1 a Quer\u00e9taro en Territorio Santos Modelo, duelo de la fecha 4.<\/p>\n<p><a title=\"DSC_0429 (2) [Categor\u00eda SUB17] Puebla FC vs Santos Laguna Liga MX encuentro disputado en la Unidad Deportiva Mario V\u00e1zquez Ra\u00f1a Fotograf\u00eda Mara Gonz\u00e1lez \/ Manuel Vela para Mv Fotograf\u00eda Profesional \u2013 Edici\u00f3n y retoque www.pueblaexpres.com por Manuel Vela - MV Fotograf\u00eda Profesional, en Flickr\" href=\"http:\/\/www.flickr.com\/photos\/manitas\/9419688740\/\"><img loading=\"lazy\" decoding=\"async\" alt=\"DSC_0429 (2) [Categor\u00eda SUB17] Puebla FC vs Santos Laguna Liga MX encuentro disputado en la Unidad Deportiva Mario V\u00e1zquez Ra\u00f1a Fotograf\u00eda Mara Gonz\u00e1lez \/ Manuel Vela para Mv Fotograf\u00eda Profesional \u2013 Edici\u00f3n y retoque www.pueblaexpres.com\" src=\"http:\/\/farm6.staticflickr.com\/5462\/9419688740_91075133be.jpg\" width=\"400\" height=\"500\" \/><\/a><\/p>\n<p>Alineaciones<\/p>\n<p>Puebla Sub 17 (Inicial): 71.- Yahir Cisneros, 73.- Aldo Cuautle, 78.- \u00c1ngel Andrade, 80.- Jos\u00e9 P\u00e9rez, 81.- Alejandro Contreras, 82.- Jos\u00e9 Rodr\u00edguez, 83.- Francisco Torres, 85.- Rodrigo Cadenas, 87.- David Mart\u00ednez, 91.- Edson Barrientos, 94.- Felipe Villalva.<br \/>\nDT.- H\u00e9ctor Rosete<\/p>\n<p>Santos Laguna Sub 17 (Inicial): 90.- Jorge Falc\u00f3n, 71.- Isa\u00e1c Aguilar, 72.- Giovanny Annett, 76.- Bryan Garc\u00eda, 77.- Miguel Garc\u00eda, 78.- Eduardo Lomas, 81.- Abraham Mart\u00edn, 84.- Renato Mendoza, 85.- Francisco Pargas, 87.- Iv\u00e1n Reyes, 95.- Fernando Guevara.<br \/>\nDT.- Federico \u00c1lvarez<\/p>\n<p>[miniflickr photoset_id=72157634895912774&amp;sortby=date-posted-asc&amp;per_page=7]<\/p>\n","protected":false},"excerpt":{"rendered":"<p>El conjunto Sub 17 de Santos Laguna se present\u00f3 en el Torneo Apertura 2013 este mi\u00e9rcoles en la Unidad Deportiva Cuauht\u00e9moc, donde empat\u00f3 a cero con su similar de Puebla FC, en partido correspondiente a la jornada 3. La tanda de penales posterior al cotejo favoreci\u00f3 a La Franja por marcador de 4 a 2. [&hellip;]<\/p>\n","protected":false},"author":2,"featured_media":0,"comment_status":"open","ping_status":"open","sticky":false,"template":"","format":"standard","meta":{"footnotes":""},"categories":[13,3],"tags":[],"_links":{"self":[{"href":"https:\/\/pueblaexpres.com\/portal\/index.php?rest_route=\/wp\/v2\/posts\/2769"}],"collection":[{"href":"https:\/\/pueblaexpres.com\/portal\/index.php?rest_route=\/wp\/v2\/posts"}],"about":[{"href":"https:\/\/pueblaexpres.com\/portal\/index.php?rest_route=\/wp\/v2\/types\/post"}],"author":[{"embeddable":true,"href":"https:\/\/pueblaexpres.com\/portal\/index.php?rest_route=\/wp\/v2\/users\/2"}],"replies":[{"embeddable":true,"href":"https:\/\/pueblaexpres.com\/portal\/index.php?rest_route=%2Fwp%2Fv2%2Fcomments&post=2769"}],"version-history":[{"count":1,"href":"https:\/\/pueblaexpres.com\/portal\/index.php?rest_route=\/wp\/v2\/posts\/2769\/revisions"}],"predecessor-version":[{"id":2770,"href":"https:\/\/pueblaexpres.com\/portal\/index.php?rest_route=\/wp\/v2\/posts\/2769\/revisions\/2770"}],"wp:attachment":[{"href":"https:\/\/pueblaexpres.com\/portal\/index.php?rest_route=%2Fwp%2Fv2%2Fmedia&parent=2769"}],"wp:term":[{"taxonomy":"category","embeddable":true,"href":"https:\/\/pueblaexpres.com\/portal\/index.php?rest_route=%2Fwp%2Fv2%2Fcategories&post=2769"},{"taxonomy":"post_tag","embeddable":true,"href":"https:\/\/pueblaexpres.com\/portal\/index.php?rest_route=%2Fwp%2Fv2%2Ftags&post=2769"}],"curies":[{"name":"wp","href":"https:\/\/api.w.org\/{rel}","templated":true}]}}