{"id":241,"date":"2011-03-20T15:01:07","date_gmt":"2011-03-20T21:01:07","guid":{"rendered":"https:\/\/pueblaexpres.com\/portal\/?p=241"},"modified":"2011-03-20T15:04:28","modified_gmt":"2011-03-20T21:04:28","slug":"reunion-directivos-de-pericos-de-puebla-y-vinny-castilla","status":"publish","type":"post","link":"https:\/\/pueblaexpres.com\/portal\/?p=241","title":{"rendered":"Reuni\u00f3n directivos de Pericos de Puebla y Vinny Castilla"},"content":{"rendered":"<div name=\"googleone_share_1\" style=\"position:relative;z-index:5;float: right; margin-left: 10px;\"><g:plusone size=\"tall\" count=\"1\" href=\"https:\/\/pueblaexpres.com\/portal\/?p=241\"><\/g:plusone><\/div><p><a title=\"DSC_0386 Previo al partido inaugural se reunieron directivos de Pericos de Puebla y Vinny Castilla por LAE Manuel Vela by Manuel Vela - MV Fotograf\u00eda Profesional, on Flickr\" href=\"http:\/\/www.flickr.com\/photos\/manitas\/5542332767\/\"><img loading=\"lazy\" decoding=\"async\" class=\"alignleft\" style=\"margin-left: 5px; margin-right: 5px;\" src=\"http:\/\/farm6.static.flickr.com\/5139\/5542332767_bf341be035_m.jpg\" alt=\"DSC_0386 Previo al partido inaugural se reunieron directivos de Pericos de Puebla y Vinny Castilla por LAE Manuel Vela\" width=\"240\" height=\"159\" \/><\/a> El ex pelotero ligamayorista, Vinicio Castilla, mencion\u00f3 que la novena de los Pericos de Puebla cuenta con un r\u00f3ster bueno para refrendar el campeonato de la Zona Sur que obtuvieron en la temporada 2010 de la Liga Mexicana de B\u00e9isbol (LMB).<br \/>\nEn entrevista en el restaurante de conocida zona residencial de Puebla, el ahora miembro de los Rockies de Colorado, dijo que sin hacer un an\u00e1lisis minucioso de los 14 equipos que conforman el circuito veraniego, la novena verde ser\u00e1 protagonista.<br \/>\n\u201cNo he checado mucho los r\u00f3sters, pero Pericos cuenta con un r\u00f3ster bueno para volver a repetir el campeonato\u201d expres\u00f3 Castillo Soria quien adelant\u00f3 que har\u00e1 visor\u00edas para ver el talento que hay en nuestro pa\u00eds y llevarlos a Grandes Ligas.<br \/>\nEl tercera base mexicano ser\u00e1 el encargado de lanzar la primera bola, en el estadio Hermanos Serd\u00e1n, cuando este s\u00e1bado a partir de las 19:00 horas, los Pericos de Puebla sean anfitriones de los Sultanes de Monterrey.<!--more-->\u201cEstoy muy agradecido con los Pericos de Puebla por el ofrecimiento y espero un gran juego de b\u00e9isbol, ojal\u00e1 todo salga bien, que sea una noche especial\u201d indic\u00f3.<br \/>\nDe la misma forma, el director de operaciones internacionales de Rockies tuvo palabras de elogio para el manager de los emplumados, Alfonso \u201cHouston\u201d Jim\u00e9nez del que dijo ser su \u00eddolo.<br \/>\n\u201cEra mi \u00eddolo cuando ven\u00eda verlo a jugar con los Pericos de Puebla y tuve el orgullo de jugar para \u00e9l, despu\u00e9s fue mi coach de tercera base en el Cl\u00e1sico Mundial y hay una admiraci\u00f3n mutua, muy bonita\u201d, se\u00f1al\u00f3.<br \/>\nEl tercera base mexicano se dio tiempo de hablar sobre la situaci\u00f3n del b\u00e9isbol en el pa\u00eds donde aplaudi\u00f3 el hecho de que los directivos sigan promoviendo al rey de los deportes, al tiempo de mencionar que el Cl\u00e1sico Mundial de la especialidad ha sido una v\u00eda para fomentar esta disciplina.<br \/>\nPor \u00faltimo augur\u00f3 un \u00e9xito al primera base, Adran Gonz\u00e1lez, quien a partir de este 2011, vestir\u00e1 la franela de las Medias Rojas de Boston en la Liga Americana. \u201cEs uno de los grandes peloteros y para m\u00ed es el mejor primera base que hay en M\u00e9xico y el Monstruo Verde lo har\u00e1 pedazos, es un gran bateador, tremendo defensivo un pelotero muy completo\u2026 Tendr\u00e1 una gran temporada y ser\u00e1 una gran estrella\u201d remat\u00f3.<br \/>\nTras culminar su participaci\u00f3n en el 2010 con los Naranjeros de Hermosillo, dentro de la Liga del Pac\u00edfico, Vinicio Castillo subray\u00f3 que uno de sus deseos es convertirse en manager a m\u00e1s tardar en dos a\u00f1os.<\/p>\n<p>[miniflickr photoset_id=72157626306675480&amp;sortby=date-posted-asc&amp;per_page=10]<\/p>\n<p><strong><a href=\"http:\/\/www.flickr.com\/photos\/manitas\/sets\/72157626306675480\/\" target=\"_blank\">ver mas fotos de la reuni\u00f3n directivos de Pericos de Puebla y Vinny Castilla<\/a><\/strong><\/p>\n<p>&#8211;<\/p>\n","protected":false},"excerpt":{"rendered":"<p>El ex pelotero ligamayorista, Vinicio Castilla, mencion\u00f3 que la novena de los Pericos de Puebla cuenta con un r\u00f3ster bueno para refrendar el campeonato de la Zona Sur que obtuvieron en la temporada 2010 de la Liga Mexicana de B\u00e9isbol (LMB). En entrevista en el restaurante de conocida zona residencial de Puebla, el ahora miembro [&hellip;]<\/p>\n","protected":false},"author":1,"featured_media":0,"comment_status":"open","ping_status":"open","sticky":false,"template":"","format":"standard","meta":{"footnotes":""},"categories":[9,42],"tags":[17,168,43],"_links":{"self":[{"href":"https:\/\/pueblaexpres.com\/portal\/index.php?rest_route=\/wp\/v2\/posts\/241"}],"collection":[{"href":"https:\/\/pueblaexpres.com\/portal\/index.php?rest_route=\/wp\/v2\/posts"}],"about":[{"href":"https:\/\/pueblaexpres.com\/portal\/index.php?rest_route=\/wp\/v2\/types\/post"}],"author":[{"embeddable":true,"href":"https:\/\/pueblaexpres.com\/portal\/index.php?rest_route=\/wp\/v2\/users\/1"}],"replies":[{"embeddable":true,"href":"https:\/\/pueblaexpres.com\/portal\/index.php?rest_route=%2Fwp%2Fv2%2Fcomments&post=241"}],"version-history":[{"count":3,"href":"https:\/\/pueblaexpres.com\/portal\/index.php?rest_route=\/wp\/v2\/posts\/241\/revisions"}],"predecessor-version":[{"id":245,"href":"https:\/\/pueblaexpres.com\/portal\/index.php?rest_route=\/wp\/v2\/posts\/241\/revisions\/245"}],"wp:attachment":[{"href":"https:\/\/pueblaexpres.com\/portal\/index.php?rest_route=%2Fwp%2Fv2%2Fmedia&parent=241"}],"wp:term":[{"taxonomy":"category","embeddable":true,"href":"https:\/\/pueblaexpres.com\/portal\/index.php?rest_route=%2Fwp%2Fv2%2Fcategories&post=241"},{"taxonomy":"post_tag","embeddable":true,"href":"https:\/\/pueblaexpres.com\/portal\/index.php?rest_route=%2Fwp%2Fv2%2Ftags&post=241"}],"curies":[{"name":"wp","href":"https:\/\/api.w.org\/{rel}","templated":true}]}}