{"id":232,"date":"2011-03-19T16:45:01","date_gmt":"2011-03-19T22:45:01","guid":{"rendered":"https:\/\/pueblaexpres.com\/portal\/?p=232"},"modified":"2011-03-19T16:45:01","modified_gmt":"2011-03-19T22:45:01","slug":"hugo-fernandez-consejero-directivo-y-administrativo-del-puebla-fc","status":"publish","type":"post","link":"https:\/\/pueblaexpres.com\/portal\/?p=232","title":{"rendered":"Hugo Fern\u00e1ndez consejero directivo y administrativo del Puebla FC"},"content":{"rendered":"<div name=\"googleone_share_1\" style=\"position:relative;z-index:5;float: right; margin-left: 10px;\"><g:plusone size=\"tall\" count=\"1\" href=\"https:\/\/pueblaexpres.com\/portal\/?p=232\"><\/g:plusone><\/div><p><a title=\"DSC_0418 Presentaci\u00f3n Hugo Fern\u00e1ndez como consejero directivo y administrativo del Puebla FC por LAE Manuel Vela by Manuel Vela - MV Fotograf\u00eda Profesional, on Flickr\" href=\"http:\/\/www.flickr.com\/photos\/manitas\/5540522401\/\"><img loading=\"lazy\" decoding=\"async\" class=\"alignleft\" style=\"margin-left: 5px; margin-right: 5px;\" src=\"http:\/\/farm6.static.flickr.com\/5011\/5540522401_c02526b3ca_m.jpg\" alt=\"DSC_0418 Presentaci\u00f3n Hugo Fern\u00e1ndez como consejero directivo y administrativo del Puebla FC por LAE Manuel Vela\" width=\"240\" height=\"159\" \/><\/a> Con la consigna de ser un enlace entre el Puebla de La Franja y el gobierno del estado, este d\u00eda fue presentado oficialmente el uruguayo Hugo Fern\u00e1ndez como consejero directivo y administrativo del cuadro camotero.<br \/>\nEntre sus funciones, Fern\u00e1ndez Vallejo tendr\u00e1 el ser el enlace entre jugadores y directiva, la relaci\u00f3n con la Federaci\u00f3n Mexicana de Futbol (Femexfut) y con los representantes de los medios de comunicaci\u00f3n.<br \/>\n\u201cHoy por hoy no soy entrenador, es dif\u00edcil que vuelva a dirigir, no busco dicho cargo, pero ingreso porque la directiva crey\u00f3 que es un momento oportuno para poner orden\u201d expres\u00f3 el uruguayo.<br \/>\nHugo Fern\u00e1ndez milit\u00f3 en el cuadro blanquiazul, como jugador, en la temporada 1979-1980. Adem\u00e1s ocup\u00f3 el cargo como entrenador de 1985 a 1987, en la campa\u00f1a 1995-1996 y por \u00faltimo en el 2003 y regresa al club en una \u00e9poca de crisis tanto a nivel deportivo como directivo.<br \/>\n\u201cYo no olvido que cuando llegue al Puebla como jugador, el equipo iba en pen\u00faltimo, la misi\u00f3n era salvarse y lo logramos. Como entrenador tambi\u00e9n me toc\u00f3 en los \u00faltimos lugares y gracias a Dios llegamos a la liguilla, entonces Puebla siempre ha estado lleno de problemas y lo que queremos es sumarnos a un proyecto, a hacer compa\u00f1\u00eda, tener amistad, pero con orden\u201d a\u00f1adi\u00f3.<br \/>\nY es que el charr\u00faa tambi\u00e9n dar\u00e1 asesoramiento deportivo en las divisiones inferiores, dejando en claro que tratar\u00e1 de que sus funciones no se entrometan en el primer equipo, donde el \u00fanico que debe decidir, dijo, es el t\u00e9cnico H\u00e9ctor Hugo Eugui.<\/p>\n<p>[miniflickr photoset_id=72157626302621418&amp;sortby=date-posted-asc&amp;per_page=10]<\/p>\n<p><strong><a href=\"http:\/\/www.flickr.com\/photos\/manitas\/sets\/72157626302621418\/\" target=\"_blank\">ver mas fotos de Hugo Fern\u00e1ndez consejero directivo y administrativo del Puebla FC<\/a><\/strong><\/p>\n<p>&#8211;<\/p>\n","protected":false},"excerpt":{"rendered":"<p>Con la consigna de ser un enlace entre el Puebla de La Franja y el gobierno del estado, este d\u00eda fue presentado oficialmente el uruguayo Hugo Fern\u00e1ndez como consejero directivo y administrativo del cuadro camotero. Entre sus funciones, Fern\u00e1ndez Vallejo tendr\u00e1 el ser el enlace entre jugadores y directiva, la relaci\u00f3n con la Federaci\u00f3n Mexicana [&hellip;]<\/p>\n","protected":false},"author":1,"featured_media":0,"comment_status":"open","ping_status":"open","sticky":false,"template":"","format":"standard","meta":{"footnotes":""},"categories":[42,3],"tags":[43],"_links":{"self":[{"href":"https:\/\/pueblaexpres.com\/portal\/index.php?rest_route=\/wp\/v2\/posts\/232"}],"collection":[{"href":"https:\/\/pueblaexpres.com\/portal\/index.php?rest_route=\/wp\/v2\/posts"}],"about":[{"href":"https:\/\/pueblaexpres.com\/portal\/index.php?rest_route=\/wp\/v2\/types\/post"}],"author":[{"embeddable":true,"href":"https:\/\/pueblaexpres.com\/portal\/index.php?rest_route=\/wp\/v2\/users\/1"}],"replies":[{"embeddable":true,"href":"https:\/\/pueblaexpres.com\/portal\/index.php?rest_route=%2Fwp%2Fv2%2Fcomments&post=232"}],"version-history":[{"count":3,"href":"https:\/\/pueblaexpres.com\/portal\/index.php?rest_route=\/wp\/v2\/posts\/232\/revisions"}],"predecessor-version":[{"id":235,"href":"https:\/\/pueblaexpres.com\/portal\/index.php?rest_route=\/wp\/v2\/posts\/232\/revisions\/235"}],"wp:attachment":[{"href":"https:\/\/pueblaexpres.com\/portal\/index.php?rest_route=%2Fwp%2Fv2%2Fmedia&parent=232"}],"wp:term":[{"taxonomy":"category","embeddable":true,"href":"https:\/\/pueblaexpres.com\/portal\/index.php?rest_route=%2Fwp%2Fv2%2Fcategories&post=232"},{"taxonomy":"post_tag","embeddable":true,"href":"https:\/\/pueblaexpres.com\/portal\/index.php?rest_route=%2Fwp%2Fv2%2Ftags&post=232"}],"curies":[{"name":"wp","href":"https:\/\/api.w.org\/{rel}","templated":true}]}}