{"id":1965,"date":"2012-10-24T14:19:18","date_gmt":"2012-10-24T20:19:18","guid":{"rendered":"https:\/\/pueblaexpres.com\/portal\/?p=1965"},"modified":"2012-10-24T14:19:18","modified_gmt":"2012-10-24T20:19:18","slug":"previo-correcaminos-uat-vs-neza-fc-torneo-de-copa-mx","status":"publish","type":"post","link":"https:\/\/pueblaexpres.com\/portal\/?p=1965","title":{"rendered":"Previo Correcaminos UAT vs Neza FC Torneo de Copa MX"},"content":{"rendered":"<div name=\"googleone_share_1\" style=\"position:relative;z-index:5;float: right; margin-left: 10px;\"><g:plusone size=\"tall\" count=\"1\" href=\"https:\/\/pueblaexpres.com\/portal\/?p=1965\"><\/g:plusone><\/div><p style=\"text-align: center;\"><a title=\"IMG_0045 Neza FC lleg\u00f3 a Ciudad Victoria de cara al juego ante Correcaminos de la UAT Torneo de Copa MX Fotograf\u00eda Cortes\u00eda para Mv Fotograf\u00eda Profesional \u2013 Edici\u00f3n y retoque www.pueblaexpres.com por Manuel Vela - MV Fotograf\u00eda Profesional, en Flickr\" href=\"http:\/\/www.flickr.com\/photos\/manitas\/8120103576\/\"><img loading=\"lazy\" decoding=\"async\" class=\"aligncenter\" src=\"http:\/\/farm9.staticflickr.com\/8336\/8120103576_153b8f818d.jpg\" alt=\"IMG_0045 Neza FC lleg\u00f3 a Ciudad Victoria de cara al juego ante Correcaminos de la UAT Torneo de Copa MX Fotograf\u00eda Cortes\u00eda para Mv Fotograf\u00eda Profesional \u2013 Edici\u00f3n y retoque www.pueblaexpres.com\" width=\"500\" height=\"421\" \/><\/a><\/p>\n<p>Neza FC lleg\u00f3 a Ciudad Victoria esta tarde para concentrarse de cara al juego ante Correcaminos de la UAT.<\/p>\n<p>Neza FC buscar\u00e1 avanzar a la final de la Copa MX este mi\u00e9rcoles cuando enfrente a Correcaminos a las 21:30 horas en el Estadio Marte R. G\u00f3mez.<\/p>\n<p>En su primera participaci\u00f3n de copa el equipo dirigido por Carlos Bustos se encuentra en las instancias finales e intentar\u00e1 repetir el triunfo que logr\u00f3 en esa misma cancha en el torneo de liga de Ascenso MX.<br \/>\nNeza visit\u00f3 Ciudad Victoria en la jornada 9 del torneo de liga para salir con los tres puntos, al ganar por 1-0 con gol de Rodrigo Prieto.<br \/>\nLos mexiquenses arribaron a la semifinal de la copa tras derrotar con global de 5-4 a los Tuzos del Pachuca en tanda de penales, tras el empate a un gol en el tiempo regular. El juego se disput\u00f3 del Estadio Neza 86.<br \/>\nNeza fue primer lugar del Grupo 2 con 11 puntos, producto de tres triunfos y un empate. Los escarlatas ganaron adem\u00e1s el punto extra de la llave contra los rojinegros.<!--more--><br \/>\nNeza y Correcaminos se han enfrentado en liguilla durante un par de torneos de Ascensos MX.<br \/>\nEn el Clausura 2011 los nezatlenses derrotaron a los tamaulipecos por global de 2-1 en los cuartos de final.<br \/>\nPara el torneo Apertura 2011 el enfrentamiento fue en semifinales, en donde los originarios de Ciudad Victoria avanzaron por posici\u00f3n en la tabla general, tras empatar a 3 goles en el tanteador global.<br \/>\n<strong>CARI\u00d1O VE UN NEZA COMPACTO<\/strong><\/p>\n<p><strong><\/strong>Carlos Cari\u00f1o, jugador de Neza FC, expres\u00f3 que el grupo de jugadores est\u00e1 motivado y concentrado para buscar avanzar a la final de la Copa MX.<br \/>\n\u201cEstamos muy concentrados en lo que va a ser esta semifinal, ser\u00eda algo motivante y un premio al esfuerzo que todos los muchachos hemos hecho hasta ahora, y ojal\u00e1 se culmine llegando a la final\u201d, declar\u00f3.<br \/>\nCari\u00f1o coment\u00f3 todo el plantel est\u00e1 unido y apoy\u00e1ndose de cara al juego ante Correcaminos en Ciudad Victoria.<br \/>\n\u201cLa verdad que esos partidos son los que a uno le gustar\u00eda estar, y ojal\u00e1 nos toque estar presentes, y si no, apoyar a los compa\u00f1eros. Hemos hecho un grupo muy competitivo en todos los aspectos, la verdad que se ha hecho un grupo muy compacto\u201d, declar\u00f3.<br \/>\nEl mediocampista coment\u00f3 que tienen la confianza de poder obtener el triunfo, ya que en el presente torneo Apertura 2012 de Ascenso MX se logr\u00f3 ganar en el Estadio Marte R. G\u00f3mez.<br \/>\n\u201cEst\u00e1 toda la confianza por lo que hemos demostrado dentro de la cancha, da tranquilidad, vamos a ir a una cancha complicada, pero se le ha ganado y le hemos hecho partidos muy intensos\u201d, dijo.<br \/>\nCarlos cumplir\u00e1 17 a\u00f1os como jugador profesional el pr\u00f3ximo 24 de octubre, fecha de su debut, por lo que buscar\u00e1 sumar una final m\u00e1s a su carrera deportiva.<br \/>\n\u201cTantos a\u00f1os jugando y que mejor si me tocar\u00e1 jugar una semifinal, ser\u00eda lo mejor que me pudiera pasar dentro de mi carrera y otra oportunidad m\u00e1s en el futbol\u201d.<br \/>\n\u201cSiempre desde que estuve en Pumas me manejaron as\u00ed, hay que entrenar como si fuera el \u00faltimo entrenamiento de tu carrera, siempre lo hago al cien por ciento y eso me da tranquilidad para estar bien\u201d, explic\u00f3.<\/p>\n<p>[miniflickr photoset_id=72157631845676208&amp;sortby=date-posted-asc&amp;per_page=3]<\/p>\n","protected":false},"excerpt":{"rendered":"<p>Neza FC lleg\u00f3 a Ciudad Victoria esta tarde para concentrarse de cara al juego ante Correcaminos de la UAT. Neza FC buscar\u00e1 avanzar a la final de la Copa MX este mi\u00e9rcoles cuando enfrente a Correcaminos a las 21:30 horas en el Estadio Marte R. G\u00f3mez. En su primera participaci\u00f3n de copa el equipo dirigido [&hellip;]<\/p>\n","protected":false},"author":2,"featured_media":0,"comment_status":"open","ping_status":"open","sticky":false,"template":"","format":"standard","meta":{"footnotes":""},"categories":[3],"tags":[],"_links":{"self":[{"href":"https:\/\/pueblaexpres.com\/portal\/index.php?rest_route=\/wp\/v2\/posts\/1965"}],"collection":[{"href":"https:\/\/pueblaexpres.com\/portal\/index.php?rest_route=\/wp\/v2\/posts"}],"about":[{"href":"https:\/\/pueblaexpres.com\/portal\/index.php?rest_route=\/wp\/v2\/types\/post"}],"author":[{"embeddable":true,"href":"https:\/\/pueblaexpres.com\/portal\/index.php?rest_route=\/wp\/v2\/users\/2"}],"replies":[{"embeddable":true,"href":"https:\/\/pueblaexpres.com\/portal\/index.php?rest_route=%2Fwp%2Fv2%2Fcomments&post=1965"}],"version-history":[{"count":1,"href":"https:\/\/pueblaexpres.com\/portal\/index.php?rest_route=\/wp\/v2\/posts\/1965\/revisions"}],"predecessor-version":[{"id":1966,"href":"https:\/\/pueblaexpres.com\/portal\/index.php?rest_route=\/wp\/v2\/posts\/1965\/revisions\/1966"}],"wp:attachment":[{"href":"https:\/\/pueblaexpres.com\/portal\/index.php?rest_route=%2Fwp%2Fv2%2Fmedia&parent=1965"}],"wp:term":[{"taxonomy":"category","embeddable":true,"href":"https:\/\/pueblaexpres.com\/portal\/index.php?rest_route=%2Fwp%2Fv2%2Fcategories&post=1965"},{"taxonomy":"post_tag","embeddable":true,"href":"https:\/\/pueblaexpres.com\/portal\/index.php?rest_route=%2Fwp%2Fv2%2Ftags&post=1965"}],"curies":[{"name":"wp","href":"https:\/\/api.w.org\/{rel}","templated":true}]}}