{"id":1886,"date":"2012-10-04T00:45:43","date_gmt":"2012-10-04T06:45:43","guid":{"rendered":"https:\/\/pueblaexpres.com\/portal\/?p=1886"},"modified":"2012-10-04T00:45:43","modified_gmt":"2012-10-04T06:45:43","slug":"cumple-con-responsabilidad-social-lobos-buap-ahora-en-el-crit-de-puebla","status":"publish","type":"post","link":"https:\/\/pueblaexpres.com\/portal\/?p=1886","title":{"rendered":"Cumple con responsabilidad social Lobos BUAP, ahora en el CRIT DE PUEBLA"},"content":{"rendered":"<div name=\"googleone_share_1\" style=\"position:relative;z-index:5;float: right; margin-left: 10px;\"><g:plusone size=\"tall\" count=\"1\" href=\"https:\/\/pueblaexpres.com\/portal\/?p=1886\"><\/g:plusone><\/div><p style=\"text-align: center;\"><a title=\"DSC_0089 Lobos BUAP cumple con responsabilidad social, ahora en el CRIT DE PUEBLA Fotograf\u00eda Cortesia para Mv Fotograf\u00eda Profesional \u2013 Edici\u00f3n y retoque www.pueblaexpres.com por Manuel Vela - MV Fotograf\u00eda Profesional, en Flickr\" href=\"http:\/\/www.flickr.com\/photos\/manitas\/8049605808\/\"><img loading=\"lazy\" decoding=\"async\" class=\"aligncenter\" src=\"http:\/\/farm9.staticflickr.com\/8035\/8049605808_1f7f749e8d.jpg\" alt=\"DSC_0089 Lobos BUAP cumple con responsabilidad social, ahora en el CRIT DE PUEBLA Fotograf\u00eda Cortesia para Mv Fotograf\u00eda Profesional \u2013 Edici\u00f3n y retoque www.pueblaexpres.com\" width=\"492\" height=\"328\" \/><\/a><\/p>\n<p>Lobos BUAP cumpli\u00f3 con su segundo d\u00eda de responsabilidad social, con la visita hecha al Centro de Rehabilitaci\u00f3n Infantil Telet\u00f3n (CRIT) Puebla, donde la convivencia, conocer de cerca la labor de la instituci\u00f3n y llevar un poco de alegr\u00eda a los peque\u00f1os y familiares, son otra experiencia de gran valor.<br \/>\nLuego de que el lunes anterior estuvieron en la Casa del Sol, jugadores, cuerpo t\u00e9cnico y directivo volvieron a darse un espacio en su agenda para estar en el CRIT, considerado como uno de los m\u00e1s importantes de Am\u00e9rica Latina por sus dimensiones y por el equipo con el que cuenta para atender a mil pacientes, aunque tiene en lista de espera a m\u00e1s de 2 mil.<br \/>\nDesde la llegada al CRIT Puebla, el plantel universitario fue bien recibido por el personal que mostr\u00f3 su alegr\u00eda por la visita que inici\u00f3 con una pl\u00e1tica introductoria para conocer de cerca la labor que lleva este Centro inaugurado en el 2011 y que es el n\u00famero19 en toda la rep\u00fablica.<br \/>\nDespu\u00e9s de la charla, el equipo de La Jaur\u00eda recorri\u00f3 los espacios del CRIT donde pudieron constatar la manera que el personal atiende y ayuda a peque\u00f1os con capacidades diferentes. A su paso, los integrantes de La Jaur\u00eda obsequiaron pelotas y sonrisas a ni\u00f1os y ni\u00f1as que estaban a la espera de sus respectivas terapias o bien en din\u00e1micas de rehabilitaci\u00f3n.<br \/>\nAdem\u00e1s, intercambiaron saludos, abrazos, aut\u00f3grafos y les brindaron palabras de aliento, tomando conciencia de la labor importante que realiza el CRIT Puebla encabezado por su director general Enrique Ibarrondo y todo el personal que se dedica a la atenci\u00f3n de los peque\u00f1os.<!--more--><br \/>\nEsta visita, sin duda, cambi\u00f3 la visi\u00f3n del plantel de Lobos BUAP quienes no solo estrecharon lazos con los peque\u00f1os y los uni\u00f3 m\u00e1s como grupo, sino que reiteraron su compromiso de apoyar esta causa, especialmente para el pr\u00f3ximo Telet\u00f3n a celebrarse el 6 y 7 de diciembre pr\u00f3ximo.<br \/>\nCon la visita de labor social a Casa del Sol y este martes al CRIT Puebla, Lobos BUAP busca demostrar tambi\u00e9n que el coraz\u00f3n juega fuera de la cancha y que la instituci\u00f3n encabezada por el rector Enrique Ag\u00fcera Ib\u00e1\u00f1ez cumple un compromiso con la gente, como lo har\u00e1 tambi\u00e9n durante el mes de octubre, cuando se ponga \u00e9nfasis en la Campa\u00f1a Rosa de la Liga MX y Ascenso MX.<br \/>\nOSCAR JIM\u00c9NEZ SE REINTEGRA A LOBOS BUAP<br \/>\nAdem\u00e1s un dato muy significativo en la visita al CRIT Puebla, fue la reincorporaci\u00f3n al equipo del guardameta Oscar Jim\u00e9nez despu\u00e9s de que hace aproximadamente un mes sufri\u00f3 una dura fractura en el p\u00f3mulo derecho y que en principio se consider\u00f3 que lo dejar\u00eda fuera de circulaci\u00f3n casi medio a\u00f1o.<br \/>\nSin embargo el propio portero se mostr\u00f3 optimista de su recuperaci\u00f3n y destac\u00f3 que gracias al trabajo, a la rehabilitaci\u00f3n y a su disposici\u00f3n, el regreso a las canchas podr\u00eda ser antes de lo esperado.<br \/>\n\u201cContento por unirme al grupo; creo que todo va muy bien y el doctor les dir\u00e1 que se hizo. Gracias a Dios no pas\u00f3 a mayores y no quedan secuelas del golpe y poco a poco ir\u00e9 haciendo m\u00e1s cosas, por ejemplo ayer (lunes) trot\u00e9 un poco.<br \/>\n\u201cTengo fe en que (la rehabilitaci\u00f3n) ser\u00e1 en menos tiempo, sin apresurar las cosas. El entrenador me dicho que tenga paciencia y no por acelerar, vaya a salir algo mal. Por ahora me siento bien y espero que sea menor del tiempo del que hab\u00edan dicho\u201d, coment\u00f3 Oscar Jim\u00e9nez quien al igual que varios de sus compa\u00f1eros de equipo, valor\u00f3 la visita que realiz\u00f3 junto con el equipo al Centro Telet\u00f3n.<\/p>\n<p>[miniflickr photoset_id=72157631680937165&amp;sortby=date-posted-asc&amp;per_page=4]<\/p>\n","protected":false},"excerpt":{"rendered":"<p>Lobos BUAP cumpli\u00f3 con su segundo d\u00eda de responsabilidad social, con la visita hecha al Centro de Rehabilitaci\u00f3n Infantil Telet\u00f3n (CRIT) Puebla, donde la convivencia, conocer de cerca la labor de la instituci\u00f3n y llevar un poco de alegr\u00eda a los peque\u00f1os y familiares, son otra experiencia de gran valor. Luego de que el lunes [&hellip;]<\/p>\n","protected":false},"author":2,"featured_media":0,"comment_status":"open","ping_status":"open","sticky":false,"template":"","format":"standard","meta":{"footnotes":""},"categories":[3],"tags":[],"_links":{"self":[{"href":"https:\/\/pueblaexpres.com\/portal\/index.php?rest_route=\/wp\/v2\/posts\/1886"}],"collection":[{"href":"https:\/\/pueblaexpres.com\/portal\/index.php?rest_route=\/wp\/v2\/posts"}],"about":[{"href":"https:\/\/pueblaexpres.com\/portal\/index.php?rest_route=\/wp\/v2\/types\/post"}],"author":[{"embeddable":true,"href":"https:\/\/pueblaexpres.com\/portal\/index.php?rest_route=\/wp\/v2\/users\/2"}],"replies":[{"embeddable":true,"href":"https:\/\/pueblaexpres.com\/portal\/index.php?rest_route=%2Fwp%2Fv2%2Fcomments&post=1886"}],"version-history":[{"count":1,"href":"https:\/\/pueblaexpres.com\/portal\/index.php?rest_route=\/wp\/v2\/posts\/1886\/revisions"}],"predecessor-version":[{"id":1887,"href":"https:\/\/pueblaexpres.com\/portal\/index.php?rest_route=\/wp\/v2\/posts\/1886\/revisions\/1887"}],"wp:attachment":[{"href":"https:\/\/pueblaexpres.com\/portal\/index.php?rest_route=%2Fwp%2Fv2%2Fmedia&parent=1886"}],"wp:term":[{"taxonomy":"category","embeddable":true,"href":"https:\/\/pueblaexpres.com\/portal\/index.php?rest_route=%2Fwp%2Fv2%2Fcategories&post=1886"},{"taxonomy":"post_tag","embeddable":true,"href":"https:\/\/pueblaexpres.com\/portal\/index.php?rest_route=%2Fwp%2Fv2%2Ftags&post=1886"}],"curies":[{"name":"wp","href":"https:\/\/api.w.org\/{rel}","templated":true}]}}