{"id":1859,"date":"2012-09-27T10:06:40","date_gmt":"2012-09-27T16:06:40","guid":{"rendered":"https:\/\/pueblaexpres.com\/portal\/?p=1859"},"modified":"2012-09-27T10:06:40","modified_gmt":"2012-09-27T16:06:40","slug":"revision-de-inmuebles-sede-del-pre-mundial-sub-20-concacaf-por-puebla","status":"publish","type":"post","link":"https:\/\/pueblaexpres.com\/portal\/?p=1859","title":{"rendered":"Revisi\u00f3n de inmuebles sede del Pre Mundial Sub 20, CONCACAF por Puebla"},"content":{"rendered":"<div name=\"googleone_share_1\" style=\"position:relative;z-index:5;float: right; margin-left: 10px;\"><g:plusone size=\"tall\" count=\"1\" href=\"https:\/\/pueblaexpres.com\/portal\/?p=1859\"><\/g:plusone><\/div><p style=\"text-align: center;\"><a title=\"IMG_0003 La semana pasada el m\u00e1ximo organismo de la CONCACAF estuvo en los 2 inmuebles poblanos sede del Pre Mundial Sub 20 Fotograf\u00eda Cortes\u00eda para Mv Fotograf\u00eda Profesional \u2013 Edici\u00f3n y retoque www.pueblaexpres.com por Manuel Vela - MV Fotograf\u00eda Profesional, en Flickr\" href=\"http:\/\/www.flickr.com\/photos\/manitas\/8030003801\/\"><img loading=\"lazy\" decoding=\"async\" class=\"aligncenter\" src=\"http:\/\/farm9.staticflickr.com\/8317\/8030003801_0cc53ee14e.jpg\" alt=\"IMG_0003 La semana pasada el m\u00e1ximo organismo de la CONCACAF estuvo en los 2 inmuebles poblanos sede del Pre Mundial Sub 20 Fotograf\u00eda Cortes\u00eda para Mv Fotograf\u00eda Profesional \u2013 Edici\u00f3n y retoque www.pueblaexpres.com\" width=\"493\" height=\"328\" \/><\/a><\/p>\n<p>La semana pasada el m\u00e1ximo organismo del F\u00fatbol de Norte, Centroam\u00e9rica y el Caribe estuvo en los 2 inmuebles poblanos que ser\u00e1n sede del Pre Mundial Sub 20 de CONCACAF. Todo lo relativo a los estadios se ha manejado en los diferentes medios de comunicaci\u00f3n, sin embargo hay algunos datos que les quiero compartir.<br \/>\nEl trato a la prensa: Durante ambos recorridos; el comisario de la CONCACAF, Manolo Zubiria, y el Secretario de la FEMEXFUT, Fernando Cerrilla, cuestionaron a los encargados de los estadios acerca de las salas y zonas de prensa, preguntaron sobre el trato que se les brinda a los representantes de los medios de comunicaci\u00f3n; ya que ellos \u201cSon los ojos y o\u00eddos de estos. Si se les trata con bien hablar\u00e1n de esa manera de tu evento&#8230;\u201d. Destacando que en ambos colosos no tiene una zona designada para los medios. Por cierto los 2 jefes de prensa brillaron por su ausencia, uno por trabajo (Viaje a Irapuato), la otra ser\u00e1 que al ver a un reportero pens\u00f3 que los iba a delatar por \u201cExcelente\u201d trato que da.<br \/>\nLas entradas ser\u00e1n para La Franja y Lobos BUAP: Aunque el gobierno es due\u00f1o del Cuauht\u00e9moc y la BUAP es propietaria del Universitario; la FIFA determina que el dinero que se gener\u00e9 por las entradas son para los equipos que juegan en esos estadios, por lo que camoteros y lobeznos recibir\u00e1n un dinerito nada m\u00e1s por albergar el inmueble mundialistas. Esperemos que no se manchen con el costo de los boletos.<!--more--><br \/>\nContentos y Satisfechos: Al t\u00e9rmino de los 2 d\u00edas de inspecciones, todos se mostraron conforme con lo visto, aunque se tendr\u00e1 que trabajar para que en noviembre que venga una nueva revisi\u00f3n est\u00e9n listos los 2 estadios.<\/p>\n<p>Dispuestos los Pericos a Volar<br \/>\nDespu\u00e9s de la primera convenci\u00f3n del b\u00e9isbol mexicano de cara a la temporada 2013 de la liga mexicana que se celebr\u00f3 en Tabasco, los representantes de los 16 equipos tocaron puntos de marketing, periodismo y cronismo enfocado hacia el \u201cRey de los Deportes\u201d. Lo m\u00e1s importante surgi\u00f3 antier, acerca de los rumores de cambios y ventas de los Petroleros de Minatitl\u00e1n, Broncos de Reynosa y Pericos de Puebla, en este caso en la Angel\u00f3polis tron\u00f3 la bomba ya que a trav\u00e9s de twitter la cuenta emplumada public\u00f3 que el equipo fue vendido a Tijuana, minutos m\u00e1s tarde la directiva desminti\u00f3, argumentando que nuevamente fue hackeada la cuenta. Hasta el momento ninguna plaza de las ya existentes ha cambiado su lugar de residencia y\/o en venta siendo en la segunda convenci\u00f3n, la cual ser\u00e1 del 6 al 8 de noviembre en Canc\u00fan, donde definan su futuro.<br \/>\nPara Puebla hay 3 caminos. El primero, Rafael Moreno Valle S\u00e1nchez est\u00e1 dispuesto vender el equipo, teniendo como interesados a un grupo de 6 empresarios de la ciudad fronteriza. Segundo, el pedir un a\u00f1o de plazo para tomar la decisi\u00f3n y no jugar. Tercero, vender y comprar la franquicia de Minatitl\u00e1n que es mucho m\u00e1s barata y no dejar sin b\u00e9isbol a la ciudad. El hecho es que la pelota caliente puede apagarse y perjudicar a todos sus involucrados.<br \/>\n[Manuel Vela Photography Copyright\u00a9] This image is protected under International Copyright laws and may not be downloaded, reproduced, copied, transmitted or manipulated without written permission.\/ Esta imagen se protege conforme a leyes de Derechos de Autor internacionales y no se puede transferir, reproducir, copiar, transmitir o manipular sin el permiso de escritura.<\/p>\n","protected":false},"excerpt":{"rendered":"<p>La semana pasada el m\u00e1ximo organismo del F\u00fatbol de Norte, Centroam\u00e9rica y el Caribe estuvo en los 2 inmuebles poblanos que ser\u00e1n sede del Pre Mundial Sub 20 de CONCACAF. Todo lo relativo a los estadios se ha manejado en los diferentes medios de comunicaci\u00f3n, sin embargo hay algunos datos que les quiero compartir. El [&hellip;]<\/p>\n","protected":false},"author":2,"featured_media":0,"comment_status":"open","ping_status":"open","sticky":false,"template":"","format":"standard","meta":{"footnotes":""},"categories":[13],"tags":[],"_links":{"self":[{"href":"https:\/\/pueblaexpres.com\/portal\/index.php?rest_route=\/wp\/v2\/posts\/1859"}],"collection":[{"href":"https:\/\/pueblaexpres.com\/portal\/index.php?rest_route=\/wp\/v2\/posts"}],"about":[{"href":"https:\/\/pueblaexpres.com\/portal\/index.php?rest_route=\/wp\/v2\/types\/post"}],"author":[{"embeddable":true,"href":"https:\/\/pueblaexpres.com\/portal\/index.php?rest_route=\/wp\/v2\/users\/2"}],"replies":[{"embeddable":true,"href":"https:\/\/pueblaexpres.com\/portal\/index.php?rest_route=%2Fwp%2Fv2%2Fcomments&post=1859"}],"version-history":[{"count":1,"href":"https:\/\/pueblaexpres.com\/portal\/index.php?rest_route=\/wp\/v2\/posts\/1859\/revisions"}],"predecessor-version":[{"id":1860,"href":"https:\/\/pueblaexpres.com\/portal\/index.php?rest_route=\/wp\/v2\/posts\/1859\/revisions\/1860"}],"wp:attachment":[{"href":"https:\/\/pueblaexpres.com\/portal\/index.php?rest_route=%2Fwp%2Fv2%2Fmedia&parent=1859"}],"wp:term":[{"taxonomy":"category","embeddable":true,"href":"https:\/\/pueblaexpres.com\/portal\/index.php?rest_route=%2Fwp%2Fv2%2Fcategories&post=1859"},{"taxonomy":"post_tag","embeddable":true,"href":"https:\/\/pueblaexpres.com\/portal\/index.php?rest_route=%2Fwp%2Fv2%2Ftags&post=1859"}],"curies":[{"name":"wp","href":"https:\/\/api.w.org\/{rel}","templated":true}]}}