{"id":1809,"date":"2012-09-12T15:35:06","date_gmt":"2012-09-12T21:35:06","guid":{"rendered":"https:\/\/pueblaexpres.com\/portal\/?p=1809"},"modified":"2012-09-12T15:35:06","modified_gmt":"2012-09-12T21:35:06","slug":"nueva-era-de-pasion-sin-limite-ahora-por-puebla-prioridad","status":"publish","type":"post","link":"https:\/\/pueblaexpres.com\/portal\/?p=1809","title":{"rendered":"Nueva era de &#8220;Pasi\u00f3n Sin L\u00edmite&#8221; ahora por Puebla Prioridad"},"content":{"rendered":"<div name=\"googleone_share_1\" style=\"position:relative;z-index:5;float: right; margin-left: 10px;\"><g:plusone size=\"tall\" count=\"1\" href=\"https:\/\/pueblaexpres.com\/portal\/?p=1809\"><\/g:plusone><\/div><p style=\"text-align: center;\"><a title=\"DSCF0075_1 Nueva era de &quot;Pasi\u00f3n Sin L\u00edmite&quot; ahora por Puebla Prioridad (www.pueblaprioridad.com ) Fotograf\u00eda Lyz Vega para Mv Fotograf\u00eda Profesional \u2013 Edici\u00f3n y retoque www.pueblaexpres.com por Manuel Vela - MV Fotograf\u00eda Profesional, en Flickr\" href=\"http:\/\/www.flickr.com\/photos\/manitas\/7980719356\/\"><img loading=\"lazy\" decoding=\"async\" class=\"aligncenter\" src=\"http:\/\/farm9.staticflickr.com\/8308\/7980719356_6549ecea33.jpg\" alt=\"DSCF0075_1 Nueva era de &quot;Pasi\u00f3n Sin L\u00edmite&quot; ahora por Puebla Prioridad (www.pueblaprioridad.com ) Fotograf\u00eda Lyz Vega para Mv Fotograf\u00eda Profesional \u2013 Edici\u00f3n y retoque www.pueblaexpres.com\" width=\"500\" height=\"334\" \/><\/a><\/p>\n<p>El pasado lunes 10 de septiembre a las 21 horas, comenz\u00f3 una nueva era de &#8220;Pasi\u00f3n Sin L\u00edmite&#8221;, debido a que se transmiti\u00f3 la primera emisi\u00f3n a trav\u00e9s de la radio por internet www.pueblaprioridad.com<br \/>\nEn ella dio la bienvenida al equipo encabezado por Sefirot, el comunicador Gerardo Herrera, quien expres\u00f3 entre otras ideas el hecho de que para fomentar la cr\u00edtica y pluralidad es necesaria la libertad de expresi\u00f3n y Puebla Prioridad (www.pueblaprioridad.com ) es un espacio que precisamente se caracteriza por ello.<br \/>\nIgualmente, acompa\u00f1ando al titular de la emisi\u00f3n Sefirot en \u00e9sta primera transmisi\u00f3n estuvieron Manuel Vela y H\u00e9ctor Padilla Lozano. &#8220;Pasi\u00f3n Sin L\u00edmite&#8221;, es un espacio de la afici\u00f3n poblana, el cual, ha mostrado pluralidad, compromiso y algo muy esencial que siempre lo ha caracterizado como el apoyo incondicional a los colores blankyazules. &#8220;Pasi\u00f3n Sin L\u00edmite&#8221;, a pesar de ciertas presiones por evitar la voz del aficionado, nuevamente ratifica su compromiso con el equipo y la misma afici\u00f3n.<br \/>\n<strong>El programa se transmitir\u00e1 en vivo todos los lunes de 9 a 10 pm por Puebla Prioridad.<\/strong><\/p>\n<p><strong><\/strong><br \/>\nMediante este enlace usted podr\u00e1 escuchar la repetici\u00f3n del programa http:\/\/www.pueblaprioridad.com\/index.php\/pasion-sin-limites<\/p>\n<p>&nbsp;<\/p>\n<p>[miniflickr photoset_id=72157631522267427&amp;sortby=date-posted-asc&amp;per_page=5]<\/p>\n","protected":false},"excerpt":{"rendered":"<p>El pasado lunes 10 de septiembre a las 21 horas, comenz\u00f3 una nueva era de &#8220;Pasi\u00f3n Sin L\u00edmite&#8221;, debido a que se transmiti\u00f3 la primera emisi\u00f3n a trav\u00e9s de la radio por internet www.pueblaprioridad.com En ella dio la bienvenida al equipo encabezado por Sefirot, el comunicador Gerardo Herrera, quien expres\u00f3 entre otras ideas el hecho [&hellip;]<\/p>\n","protected":false},"author":2,"featured_media":0,"comment_status":"open","ping_status":"open","sticky":false,"template":"","format":"standard","meta":{"footnotes":""},"categories":[3],"tags":[],"_links":{"self":[{"href":"https:\/\/pueblaexpres.com\/portal\/index.php?rest_route=\/wp\/v2\/posts\/1809"}],"collection":[{"href":"https:\/\/pueblaexpres.com\/portal\/index.php?rest_route=\/wp\/v2\/posts"}],"about":[{"href":"https:\/\/pueblaexpres.com\/portal\/index.php?rest_route=\/wp\/v2\/types\/post"}],"author":[{"embeddable":true,"href":"https:\/\/pueblaexpres.com\/portal\/index.php?rest_route=\/wp\/v2\/users\/2"}],"replies":[{"embeddable":true,"href":"https:\/\/pueblaexpres.com\/portal\/index.php?rest_route=%2Fwp%2Fv2%2Fcomments&post=1809"}],"version-history":[{"count":1,"href":"https:\/\/pueblaexpres.com\/portal\/index.php?rest_route=\/wp\/v2\/posts\/1809\/revisions"}],"predecessor-version":[{"id":1810,"href":"https:\/\/pueblaexpres.com\/portal\/index.php?rest_route=\/wp\/v2\/posts\/1809\/revisions\/1810"}],"wp:attachment":[{"href":"https:\/\/pueblaexpres.com\/portal\/index.php?rest_route=%2Fwp%2Fv2%2Fmedia&parent=1809"}],"wp:term":[{"taxonomy":"category","embeddable":true,"href":"https:\/\/pueblaexpres.com\/portal\/index.php?rest_route=%2Fwp%2Fv2%2Fcategories&post=1809"},{"taxonomy":"post_tag","embeddable":true,"href":"https:\/\/pueblaexpres.com\/portal\/index.php?rest_route=%2Fwp%2Fv2%2Ftags&post=1809"}],"curies":[{"name":"wp","href":"https:\/\/api.w.org\/{rel}","templated":true}]}}