{"id":1807,"date":"2012-09-12T14:49:12","date_gmt":"2012-09-12T20:49:12","guid":{"rendered":"https:\/\/pueblaexpres.com\/portal\/?p=1807"},"modified":"2012-09-12T14:49:12","modified_gmt":"2012-09-12T20:49:12","slug":"puebla-fc-se-prepara-en-cuerpo-y-alma-para-enfrentar-a-rayados-de-monterrey","status":"publish","type":"post","link":"https:\/\/pueblaexpres.com\/portal\/?p=1807","title":{"rendered":"Puebla FC se prepara en cuerpo y alma para enfrentar a Rayados de Monterrey"},"content":{"rendered":"<div name=\"googleone_share_1\" style=\"position:relative;z-index:5;float: right; margin-left: 10px;\"><g:plusone size=\"tall\" count=\"1\" href=\"https:\/\/pueblaexpres.com\/portal\/?p=1807\"><\/g:plusone><\/div><p style=\"text-align: center;\"><a title=\"IMG_0003 Puebla FC se prepara en cuerpo y alma para enfrentar a Rayados de Monterrey Fotograf\u00eda Cortes\u00eda Club Puebla F.C en facebook para Mv Fotograf\u00eda Profesional \u2013 Edici\u00f3n y retoque www.pueblaexpres.com por Manuel Vela - MV Fotograf\u00eda Profesional, en Flickr\" href=\"http:\/\/www.flickr.com\/photos\/manitas\/7980596972\/\"><img loading=\"lazy\" decoding=\"async\" class=\"aligncenter\" src=\"http:\/\/farm9.staticflickr.com\/8461\/7980596972_4cbdf591f0.jpg\" alt=\"IMG_0003 Puebla FC se prepara en cuerpo y alma para enfrentar a Rayados de Monterrey Fotograf\u00eda Cortes\u00eda Club Puebla F.C en facebook para Mv Fotograf\u00eda Profesional \u2013 Edici\u00f3n y retoque www.pueblaexpres.com\" width=\"500\" height=\"301\" \/><\/a><\/p>\n<p>Trabajar a doble sesi\u00f3n durante la semana de descanso en el f\u00fatbol mexicano ayud\u00f3 al Puebla a recuperarse en el aspecto f\u00edsico y ahora piensan en su duelo contra Monterrey.<\/p>\n<p>Este fin de semana se pone en marcha la segunda parte del Apertura 2012, luego de 4 partidos bajo el mando de Daniel Guzm\u00e1n; 2 Copa y 2 de Liga, La Franja piensa todav\u00eda en una posible liguilla aunque no deja de lado el tema porcentual.<\/p>\n<p>\u201cNuestro principal objetivo es eso el tratar de calificar y estamos trabajando en eso. Nos pusimos las pilas, estamos trabajando bien, los profes nos est\u00e1n inculcando cosas buenas y estamos agarrando de esp para salir de esta situaci\u00f3n. Ahora estamos m\u00e1s acoplados m\u00e1s juntitos, atacamos todos juntos, defendemos todos juntos, nos ha ayudado eso&#8230;\u201d manifest\u00f3 Herminio Miranda.<\/p>\n<p>Con trabajo f\u00edsico y t\u00e1ctico en la Unidad Deportiva Mario V\u00e1zquez, los camoteros alistan el duelo ante los Rayados quienes se ubican en la d\u00e9cima posici\u00f3n con 10 unidades, sin embargo saben que los regiomontanos son uno de los mejores conjuntos en el balompi\u00e9 azteca.<!--more--><\/p>\n<p>\u201cNuestro objetivo es ganar, estamos en nuestra casa, trataremos de aprovecharlo, entrar desde el minuto cero con muchas ganas, con mucha humildad y con actitud para sacar esto adelante. Tenemos que atacar con el bal\u00f3n que es lo que a Daniel le gusta y nosotros tenemos que ser propositivos e ir a buscar el gol&#8230;\u201d a\u00f1adi\u00f3 el zaguero paraguayo.<\/p>\n<p>Edinson Toloza y Jair Garc\u00eda entrenan por separado del plantel, debido a que se encuentran en rehabilitaci\u00f3n tras lesiones sufridas en semanas anteriores.<\/p>\n<p>Fotograf\u00eda Cortes\u00eda Club Puebla F.C\u00a0v\u00eda\u00a0facebook<\/p>\n<p>[miniflickr photoset_id=72157631521773826&amp;sortby=date-posted-asc&amp;per_page=3]<\/p>\n","protected":false},"excerpt":{"rendered":"<p>Trabajar a doble sesi\u00f3n durante la semana de descanso en el f\u00fatbol mexicano ayud\u00f3 al Puebla a recuperarse en el aspecto f\u00edsico y ahora piensan en su duelo contra Monterrey. Este fin de semana se pone en marcha la segunda parte del Apertura 2012, luego de 4 partidos bajo el mando de Daniel Guzm\u00e1n; 2 [&hellip;]<\/p>\n","protected":false},"author":2,"featured_media":0,"comment_status":"open","ping_status":"open","sticky":false,"template":"","format":"standard","meta":{"footnotes":""},"categories":[3],"tags":[],"_links":{"self":[{"href":"https:\/\/pueblaexpres.com\/portal\/index.php?rest_route=\/wp\/v2\/posts\/1807"}],"collection":[{"href":"https:\/\/pueblaexpres.com\/portal\/index.php?rest_route=\/wp\/v2\/posts"}],"about":[{"href":"https:\/\/pueblaexpres.com\/portal\/index.php?rest_route=\/wp\/v2\/types\/post"}],"author":[{"embeddable":true,"href":"https:\/\/pueblaexpres.com\/portal\/index.php?rest_route=\/wp\/v2\/users\/2"}],"replies":[{"embeddable":true,"href":"https:\/\/pueblaexpres.com\/portal\/index.php?rest_route=%2Fwp%2Fv2%2Fcomments&post=1807"}],"version-history":[{"count":1,"href":"https:\/\/pueblaexpres.com\/portal\/index.php?rest_route=\/wp\/v2\/posts\/1807\/revisions"}],"predecessor-version":[{"id":1808,"href":"https:\/\/pueblaexpres.com\/portal\/index.php?rest_route=\/wp\/v2\/posts\/1807\/revisions\/1808"}],"wp:attachment":[{"href":"https:\/\/pueblaexpres.com\/portal\/index.php?rest_route=%2Fwp%2Fv2%2Fmedia&parent=1807"}],"wp:term":[{"taxonomy":"category","embeddable":true,"href":"https:\/\/pueblaexpres.com\/portal\/index.php?rest_route=%2Fwp%2Fv2%2Fcategories&post=1807"},{"taxonomy":"post_tag","embeddable":true,"href":"https:\/\/pueblaexpres.com\/portal\/index.php?rest_route=%2Fwp%2Fv2%2Ftags&post=1807"}],"curies":[{"name":"wp","href":"https:\/\/api.w.org\/{rel}","templated":true}]}}