{"id":1789,"date":"2012-09-07T14:26:45","date_gmt":"2012-09-07T20:26:45","guid":{"rendered":"https:\/\/pueblaexpres.com\/portal\/?p=1789"},"modified":"2012-09-07T14:26:45","modified_gmt":"2012-09-07T20:26:45","slug":"todo-listo-para-la-11a-fecha-de-nascar-toyota-series-puebla-240","status":"publish","type":"post","link":"https:\/\/pueblaexpres.com\/portal\/?p=1789","title":{"rendered":"Todo listo para la 11\u00aa fecha de NASCAR Toyota Series \u201cPUEBLA 240\u201d"},"content":{"rendered":"<div name=\"googleone_share_1\" style=\"position:relative;z-index:5;float: right; margin-left: 10px;\"><g:plusone size=\"tall\" count=\"1\" href=\"https:\/\/pueblaexpres.com\/portal\/?p=1789\"><\/g:plusone><\/div><p style=\"text-align: center;\"><a title=\"DSC_0110b Se presenta oficialmente \u201cPUEBLA 240\u201d 11\u00aa fecha de NASCAR Toyota Series a celebrarse en el Aut\u00f3dromo Miguel E. Abed de Amozoc, Puebla Fotograf\u00eda Manuel Vela para Mv Fotograf\u00eda Profesional \u2013 Edici\u00f3n y retoque www.pueblaexpres.com por Manuel Vela - MV Fotograf\u00eda Profesional, en Flickr\" href=\"http:\/\/www.flickr.com\/photos\/manitas\/7951347516\/\"><img loading=\"lazy\" decoding=\"async\" class=\"aligncenter\" src=\"http:\/\/farm9.staticflickr.com\/8446\/7951347516_516dfb8a18.jpg\" alt=\"DSC_0110b Se presenta oficialmente \u201cPUEBLA 240\u201d 11\u00aa fecha de NASCAR Toyota Series a celebrarse en el Aut\u00f3dromo Miguel E. Abed de Amozoc, Puebla Fotograf\u00eda Manuel Vela para Mv Fotograf\u00eda Profesional \u2013 Edici\u00f3n y retoque www.pueblaexpres.com\" width=\"500\" height=\"332\" \/><\/a><\/p>\n<p>Despu\u00e9s de 10 carreras celebradas, Daniel Su\u00e1rez, piloto del auto No. 3 del equipo Telcel, contin\u00faa a la cabeza de la Clasificaci\u00f3n General de Pilotos de Nascar Toyota Series al acumular 398 puntos, producto de dos triunfos y ocho Top-5.<br \/>\nEl regiomontano a\u00fan mantiene con una ventaja relativamente c\u00f3moda sobre su m\u00e1ximo perseguidor, el capitalino Jorge Goeters quien su Stock No. 31 de Canel\u2019s Racing cuenta con 377 puntos, es decir 21 puntos de diferencia respecto al joven Su\u00e1rez.<br \/>\nEn tanto, Homero Richards, piloto del coche No. 20 de Nextel Racing, permanece en el tercer sitio con 348 puntos mientras que Antonio P\u00e9rez, con el auto No, 1 de la Escuder\u00eda Telmex cuenta con 333 unidades en tanto que Jos\u00e9 Luis Ram\u00edrez, del Stock No. 08 del equipo Rayere-Prestoflam, est\u00e1 un punto abajo del tapat\u00edo.<br \/>\nCon su victoria en Aguascalientes, Rub\u00e9n Rovelo (Telcel No. 2) se ha colocado en el sexto lugar general con 326 puntos. Aunque Rafael Mart\u00ednez (Canel\u2019s Racing No. 18) le persigue de cerca con 321; Rub\u00e9n Pardo (Citizen No. 15) con 319; Patrick Goeters (AC Delco No. 03) con 318 y Hugo Oliveras (Monter Energy No. 11) con 315 unidades cierra el Top-10 general.<br \/>\nAbraham Calder\u00f3n, Rogelio L\u00f3pez y Rub\u00e9n Garc\u00eda Jr son los pilotos m\u00e1s cercanos para ingresar al grupo de los 10 primeros lugares de Nascar Toyota Series.<br \/>\nPRESENTACION OFICIAL DEL \u201cPUEBLA 240\u201d<br \/>\nEn el hotel Holiday Inn la Noria de Puebla, se realiz\u00f3 la presentaci\u00f3n de la und\u00e9cima fecha de NASCAR Toyota Series que se correr\u00e1 este 8 y 9 de septiembre, en el aut\u00f3dromo Miguel E. Abed de Amozoc.<br \/>\nEstuvo presente en representaci\u00f3n de la Secretar\u00eda de Turismo del Estado, la Directora de Promoci\u00f3n y Publicidad, Lic. Isabel Maritorena, quien coment\u00f3 aparte de dar la bienvenida a todos los integrantes de la familia NASCAR, que es un evento muy importante para Puebla.<!--more--><br \/>\nPor su parte la Lic. Elizabeth Oropeza, Gerente del hotel Holiday Inn \u201cLaNoria\u201d, dijo que le daba gusto recibir a NASCAR Toyota Series y le deseo suerte a todos los pilotos que participar\u00e1n en esta fecha<br \/>\nEste 9 de septiembre se correr\u00e1 la 11\u00aa fecha de NASCAR TOYOTA SERIES en la ciudad de Puebla y durante la Ceremonia de Protocolo se ha confirmado la presencia de Eduardo Brito, quien entonar\u00e1 el Himno Nacional Mexicano as\u00ed como la personalidad del luchador M\u00edstico, el pr\u00edncipe de oro y plata, quien ha sido designado como el Grand Marshall.<br \/>\nM\u00edstico, el nuevo \u00eddolo enmascarado de la Lucha Libre Mexicana, asistir\u00e1 al aut\u00f3dromo Miguel E. Abed para gritar la frase \u201cPilotos, enciendan los motores\u201d, un momento de gran tradici\u00f3n dentro de las competencias del automovilismo deportivo y es el momento previo para que d\u00e9 inicio la carrera \u201cPuebla 240\u201d.<br \/>\nEn tanto Eduardo Brito, originario de la capital poblana, es una de las promesas musicales m\u00e1s s\u00f3lidas de la actualidad en M\u00e9xico. Su camino art\u00edstico profesional inici\u00f3 a los 16 a\u00f1os siendo seleccionado para participar en el reality show de Televisa \u201cBuscando a Timbiriche, La Nueva Banda\u201d. Actualmente Eduardo prepara su lanzamiento como solista, presentando su show por distintas ciudades de la Rep\u00fablica Mexicana.<br \/>\nLas actividades en pista iniciar\u00e1n el s\u00e1bado 8 de septiembre a partir de las 10:00 hrs con las pr\u00e1cticas oficiales y con la Prueba de Calificaci\u00f3n a las 15:30 hrs para darle forma a la Parrilla de la carrera \u201cPoblana 240\u201d, la cual se disputar\u00e1 el domingo 9 en punto de las 13:30 hrs.<\/p>\n<p>[miniflickr photoset_id=72157631455309690&amp;sortby=date-posted-asc&amp;per_page=20]<\/p>\n","protected":false},"excerpt":{"rendered":"<p>Despu\u00e9s de 10 carreras celebradas, Daniel Su\u00e1rez, piloto del auto No. 3 del equipo Telcel, contin\u00faa a la cabeza de la Clasificaci\u00f3n General de Pilotos de Nascar Toyota Series al acumular 398 puntos, producto de dos triunfos y ocho Top-5. El regiomontano a\u00fan mantiene con una ventaja relativamente c\u00f3moda sobre su m\u00e1ximo perseguidor, el capitalino [&hellip;]<\/p>\n","protected":false},"author":2,"featured_media":0,"comment_status":"open","ping_status":"open","sticky":false,"template":"","format":"standard","meta":{"footnotes":""},"categories":[116],"tags":[],"_links":{"self":[{"href":"https:\/\/pueblaexpres.com\/portal\/index.php?rest_route=\/wp\/v2\/posts\/1789"}],"collection":[{"href":"https:\/\/pueblaexpres.com\/portal\/index.php?rest_route=\/wp\/v2\/posts"}],"about":[{"href":"https:\/\/pueblaexpres.com\/portal\/index.php?rest_route=\/wp\/v2\/types\/post"}],"author":[{"embeddable":true,"href":"https:\/\/pueblaexpres.com\/portal\/index.php?rest_route=\/wp\/v2\/users\/2"}],"replies":[{"embeddable":true,"href":"https:\/\/pueblaexpres.com\/portal\/index.php?rest_route=%2Fwp%2Fv2%2Fcomments&post=1789"}],"version-history":[{"count":1,"href":"https:\/\/pueblaexpres.com\/portal\/index.php?rest_route=\/wp\/v2\/posts\/1789\/revisions"}],"predecessor-version":[{"id":1790,"href":"https:\/\/pueblaexpres.com\/portal\/index.php?rest_route=\/wp\/v2\/posts\/1789\/revisions\/1790"}],"wp:attachment":[{"href":"https:\/\/pueblaexpres.com\/portal\/index.php?rest_route=%2Fwp%2Fv2%2Fmedia&parent=1789"}],"wp:term":[{"taxonomy":"category","embeddable":true,"href":"https:\/\/pueblaexpres.com\/portal\/index.php?rest_route=%2Fwp%2Fv2%2Fcategories&post=1789"},{"taxonomy":"post_tag","embeddable":true,"href":"https:\/\/pueblaexpres.com\/portal\/index.php?rest_route=%2Fwp%2Fv2%2Ftags&post=1789"}],"curies":[{"name":"wp","href":"https:\/\/api.w.org\/{rel}","templated":true}]}}