{"id":1787,"date":"2012-09-06T12:44:16","date_gmt":"2012-09-06T18:44:16","guid":{"rendered":"https:\/\/pueblaexpres.com\/portal\/?p=1787"},"modified":"2012-09-06T12:44:16","modified_gmt":"2012-09-06T18:44:16","slug":"el-vampiro-y-capin-buscaran-el-top-10-poblano-11a-fecha-nascar-toyota-series","status":"publish","type":"post","link":"https:\/\/pueblaexpres.com\/portal\/?p=1787","title":{"rendered":"EL \u2018VAMPIRO\u2019 Y CAP\u00cdN buscar\u00e1n el TOP-10 POBLANO 11\u00aa fecha NASCAR TOYOTA SERIES"},"content":{"rendered":"<div name=\"googleone_share_1\" style=\"position:relative;z-index:5;float: right; margin-left: 10px;\"><g:plusone size=\"tall\" count=\"1\" href=\"https:\/\/pueblaexpres.com\/portal\/?p=1787\"><\/g:plusone><\/div><p style=\"text-align: center;\"><a title=\"IMG_0886b EL \u2018VAMPIRO\u2019 Y CAP\u00cdN BUSCAR\u00c1N EL TOP-10 POBLANO 11\u00aa fecha de NASCAR Toyota Series a celebrarse en el Aut\u00f3dromo Miguel E. Abed de Amozoc, Puebla Fotograf\u00eda Manuel Vela para Mv Fotograf\u00eda Profesional \u2013 Edici\u00f3n y retoque www.pueblaexpres.com por Manuel Vela - MV Fotograf\u00eda Profesional, en Flickr\" href=\"http:\/\/www.flickr.com\/photos\/manitas\/7944934732\/\"><img loading=\"lazy\" decoding=\"async\" class=\"aligncenter\" src=\"http:\/\/farm9.staticflickr.com\/8299\/7944934732_5d9cfb2d8e.jpg\" alt=\"IMG_0886b EL \u2018VAMPIRO\u2019 Y CAP\u00cdN BUSCAR\u00c1N EL TOP-10 POBLANO 11\u00aa fecha de NASCAR Toyota Series a celebrarse en el Aut\u00f3dromo Miguel E. Abed de Amozoc, Puebla Fotograf\u00eda Manuel Vela para Mv Fotograf\u00eda Profesional \u2013 Edici\u00f3n y retoque www.pueblaexpres.com\" width=\"500\" height=\"334\" \/><\/a><\/p>\n<p>Tanto Alejandro Cap\u00edn como Oscar \u201cVampiro\u201d Ru\u00edz, pilotos de la Escuder\u00eda Suspensi\u00f3n y Direcci\u00f3n, se muestran tranquilos y confiados de que para la decimoprimera fecha de NASCAR Toyota Series a celebrarse este pr\u00f3ximo fin de semana en el Aut\u00f3dromo Miguel E. Abed de Amozoc, Puebla, buscar\u00e1n finalizar entre los primeros diez lugares de la denominada \u201cPuebla 240\u201d.<br \/>\nPara Alejandro Cap\u00edn, el \u00f3valo de m\u00e1s de una milla representa una de las pistas m\u00e1s r\u00e1pidas donde se registra mucha competencia dentro de la NASCAR Toyota Series y m\u00e1s a\u00fan cuando se acerca el cierre de la temporada 2012 de la principal categor\u00eda de automovilismo en la Rep\u00fablica Mexicana, donde por cierto, ha logrado tener muy buenos resultados.<br \/>\n\u201cConf\u00edo en que para el fin de semana podamos obtener nuestro mejor resultado de la temporada para nuestro patrocinador, Suspensi\u00f3n y Direcci\u00f3n ya que hemos mejorado a pesar de ser el primer a\u00f1o de la Escuder\u00eda. Siento que estamos llegando a un punto donde llegar\u00e1n mejores resultados y nos esforzaremos porque as\u00ed sea\u201d, estableci\u00f3 el piloto del auto # 66.<!--more--><br \/>\nMientras tanto, su coequipero, Oscar \u201cVampiro\u201d Ru\u00edz piloto del auto # 34 de Suspensi\u00f3n y Direcci\u00f3n y sus patrocinadores Toyota \u2013 Artlux \u2013 Vitamin Water, coincidi\u00f3 en que por ser la recta final del campeonato, la mayor\u00eda de los pilotos saldr\u00e1 a luchar con todo porque tienen que dar los mejores resultados a sus respectivos patrocinadores y por consecuencia, la pelea en la pista se volver\u00e1 aun m\u00e1s complicada.<br \/>\nSin embargo, Oscar Ru\u00edz se\u00f1al\u00f3 que est\u00e1 tranquilo porque d\u00eda con d\u00eda se prepara tanto f\u00edsica como mentalmente para dar lo mejor de s\u00ed en cada carrera: \u201cA pesar de que los resultados que esperamos aun no han llegado, creo que no falta mucho para que la Escuder\u00eda Suspensi\u00f3n y Direcci\u00f3n comience a verse como un rival fuerte en la pista y para ello todos los integrantes de la misma ponemos nuestro m\u00e1ximo esfuerzo no solo en la pista sino tambi\u00e9n en el taller para que en breve estemos dando los resultados que esperamos\u201d, concluy\u00f3 Oscar Ru\u00edz.<\/p>\n<p>[miniflickr photoset_id=72157631439682664&amp;sortby=date-posted-asc&amp;per_page=6]<\/p>\n","protected":false},"excerpt":{"rendered":"<p>Tanto Alejandro Cap\u00edn como Oscar \u201cVampiro\u201d Ru\u00edz, pilotos de la Escuder\u00eda Suspensi\u00f3n y Direcci\u00f3n, se muestran tranquilos y confiados de que para la decimoprimera fecha de NASCAR Toyota Series a celebrarse este pr\u00f3ximo fin de semana en el Aut\u00f3dromo Miguel E. Abed de Amozoc, Puebla, buscar\u00e1n finalizar entre los primeros diez lugares de la denominada [&hellip;]<\/p>\n","protected":false},"author":2,"featured_media":0,"comment_status":"open","ping_status":"open","sticky":false,"template":"","format":"standard","meta":{"footnotes":""},"categories":[116],"tags":[],"_links":{"self":[{"href":"https:\/\/pueblaexpres.com\/portal\/index.php?rest_route=\/wp\/v2\/posts\/1787"}],"collection":[{"href":"https:\/\/pueblaexpres.com\/portal\/index.php?rest_route=\/wp\/v2\/posts"}],"about":[{"href":"https:\/\/pueblaexpres.com\/portal\/index.php?rest_route=\/wp\/v2\/types\/post"}],"author":[{"embeddable":true,"href":"https:\/\/pueblaexpres.com\/portal\/index.php?rest_route=\/wp\/v2\/users\/2"}],"replies":[{"embeddable":true,"href":"https:\/\/pueblaexpres.com\/portal\/index.php?rest_route=%2Fwp%2Fv2%2Fcomments&post=1787"}],"version-history":[{"count":1,"href":"https:\/\/pueblaexpres.com\/portal\/index.php?rest_route=\/wp\/v2\/posts\/1787\/revisions"}],"predecessor-version":[{"id":1788,"href":"https:\/\/pueblaexpres.com\/portal\/index.php?rest_route=\/wp\/v2\/posts\/1787\/revisions\/1788"}],"wp:attachment":[{"href":"https:\/\/pueblaexpres.com\/portal\/index.php?rest_route=%2Fwp%2Fv2%2Fmedia&parent=1787"}],"wp:term":[{"taxonomy":"category","embeddable":true,"href":"https:\/\/pueblaexpres.com\/portal\/index.php?rest_route=%2Fwp%2Fv2%2Fcategories&post=1787"},{"taxonomy":"post_tag","embeddable":true,"href":"https:\/\/pueblaexpres.com\/portal\/index.php?rest_route=%2Fwp%2Fv2%2Ftags&post=1787"}],"curies":[{"name":"wp","href":"https:\/\/api.w.org\/{rel}","templated":true}]}}