{"id":1785,"date":"2012-09-06T12:36:19","date_gmt":"2012-09-06T18:36:19","guid":{"rendered":"https:\/\/pueblaexpres.com\/portal\/?p=1785"},"modified":"2012-09-06T12:36:19","modified_gmt":"2012-09-06T18:36:19","slug":"120-vueltas-la-carrera-puebla-240-11a-fecha-de-nascar-toyota-series","status":"publish","type":"post","link":"https:\/\/pueblaexpres.com\/portal\/?p=1785","title":{"rendered":"120 vueltas la carrera \u201cPUEBLA 240\u201d 11\u00aa fecha de NASCAR TOYOTA SERIES"},"content":{"rendered":"<div name=\"googleone_share_1\" style=\"position:relative;z-index:5;float: right; margin-left: 10px;\"><g:plusone size=\"tall\" count=\"1\" href=\"https:\/\/pueblaexpres.com\/portal\/?p=1785\"><\/g:plusone><\/div><p style=\"text-align: center;\"><a title=\"IMG_0018b SER\u00c1N A 120 VUELTAS LA CARRERA \u201cPUEBLA 240\u201d decimoprimera fecha de NASCAR Toyota Series a celebrarse en el Aut\u00f3dromo Miguel E. Abed de Amozoc, Puebla Fotograf\u00eda Manuel Vela para Mv Fotograf\u00eda Profesional \u2013 Edici\u00f3n y retoque www.pueblaexpres.com por Manuel Vela - MV Fotograf\u00eda Profesional, en Flickr\" href=\"http:\/\/www.flickr.com\/photos\/manitas\/7944888810\/\"><img loading=\"lazy\" decoding=\"async\" class=\"aligncenter\" src=\"http:\/\/farm9.staticflickr.com\/8460\/7944888810_3da68b98f9.jpg\" alt=\"IMG_0018b SER\u00c1N A 120 VUELTAS LA CARRERA \u201cPUEBLA 240\u201d decimoprimera fecha de NASCAR Toyota Series a celebrarse en el Aut\u00f3dromo Miguel E. Abed de Amozoc, Puebla Fotograf\u00eda Manuel Vela para Mv Fotograf\u00eda Profesional \u2013 Edici\u00f3n y retoque www.pueblaexpres.com\" width=\"500\" height=\"333\" \/><\/a><\/p>\n<p>Previo a la recta final de la temporada 2012, la ciudad de Puebla recibir\u00e1 la 11\u00aa fecha de NASCAR TOYOTA SERIES el pr\u00f3ximo 8 y 9 de septiembre en el aut\u00f3dromo Miguel E. Abed, ubicado en el municipio de Amozoc.<br \/>\nBajo el nombre de \u201cPuebla 240\u201d, se ha confirmado el uso del \u00f3valo poblano el cual tiene una longitud de 2040 metros de longitud donde los pilotos participantes deber\u00e1n realizar 120 vueltas al \u00f3valo poblano o bien completar 170 minutos de competencia reglamentaria.<br \/>\nCabe recordar que el \u00f3valo del aut\u00f3dromo Miguel E. Abed tiene el r\u00e9cord de inicio de carrera m\u00e1s limpia con 80 vueltas sin bandera amarilla, equivale a 160 kil\u00f3metros a la pista ovalada.<br \/>\nEl aut\u00f3dromo Miguel E. Abed recibir\u00e1 por 15\u00aa ocasi\u00f3n a la categor\u00eda de Stock Cars V8 donde el m\u00e1ximo ganador es Rogelio L\u00f3pez con tres banderas a cuadros. Le siguen Homero Richards y Germ\u00e1n Quiroga con dos cuadriculadas y finalmente con una est\u00e1n Antonio P\u00e9rez, Patrick Goeters, Freddy Tame, Carlos Pardo (qepd) y Jorge Goeters, conseguida en la pasada carrera de este a\u00f1o<!--more--><br \/>\nPara esta nueva cita poblana, Daniel Su\u00e1rez, piloto del auto No. 3 del equipo TELCEL, llegar\u00e1 a esta nueva cita como l\u00edder del Campeonato al sumar un total de 398 puntos. Esta misma historia vivi\u00f3 el regiomontano en la \u00faltima justa en tierras poblanas pero ahora estar\u00e1 bajo la presi\u00f3n de Jorge Goeters, quien cuenta con 377 unidades y no bajar\u00e1 la guardia para buscar su segundo triunfo en el a\u00f1o.<br \/>\nLas actividades en pista iniciar\u00e1n el s\u00e1bado 8 de septiembre a partir de las 10:00AM con las pr\u00e1cticas oficiales y con la Prueba de Calificaci\u00f3n a las 3:30PM para darle forma a la Parrilla de la carrera \u201cPoblana 240\u201d, la cual se disputar\u00e1 el domingo 9 en punto de las 1:30PM.<br \/>\nEl boletaje est\u00e1 disponible en www.eticket.com.mx, al tel\u00e9fono 01800-384-2538 y en centros autorizados indicados en el interior del portal donde el costo es de $160.00 pesos (adulto) y $90.00 pesos (ni\u00f1os) en grada preferente y de $130.00 y 70.00 para grada general.<\/p>\n<p>[miniflickr photoset_id=72157631439569072&amp;sortby=date-posted-asc&amp;per_page=6]<\/p>\n","protected":false},"excerpt":{"rendered":"<p>Previo a la recta final de la temporada 2012, la ciudad de Puebla recibir\u00e1 la 11\u00aa fecha de NASCAR TOYOTA SERIES el pr\u00f3ximo 8 y 9 de septiembre en el aut\u00f3dromo Miguel E. Abed, ubicado en el municipio de Amozoc. Bajo el nombre de \u201cPuebla 240\u201d, se ha confirmado el uso del \u00f3valo poblano el [&hellip;]<\/p>\n","protected":false},"author":2,"featured_media":0,"comment_status":"open","ping_status":"open","sticky":false,"template":"","format":"standard","meta":{"footnotes":""},"categories":[116],"tags":[],"_links":{"self":[{"href":"https:\/\/pueblaexpres.com\/portal\/index.php?rest_route=\/wp\/v2\/posts\/1785"}],"collection":[{"href":"https:\/\/pueblaexpres.com\/portal\/index.php?rest_route=\/wp\/v2\/posts"}],"about":[{"href":"https:\/\/pueblaexpres.com\/portal\/index.php?rest_route=\/wp\/v2\/types\/post"}],"author":[{"embeddable":true,"href":"https:\/\/pueblaexpres.com\/portal\/index.php?rest_route=\/wp\/v2\/users\/2"}],"replies":[{"embeddable":true,"href":"https:\/\/pueblaexpres.com\/portal\/index.php?rest_route=%2Fwp%2Fv2%2Fcomments&post=1785"}],"version-history":[{"count":1,"href":"https:\/\/pueblaexpres.com\/portal\/index.php?rest_route=\/wp\/v2\/posts\/1785\/revisions"}],"predecessor-version":[{"id":1786,"href":"https:\/\/pueblaexpres.com\/portal\/index.php?rest_route=\/wp\/v2\/posts\/1785\/revisions\/1786"}],"wp:attachment":[{"href":"https:\/\/pueblaexpres.com\/portal\/index.php?rest_route=%2Fwp%2Fv2%2Fmedia&parent=1785"}],"wp:term":[{"taxonomy":"category","embeddable":true,"href":"https:\/\/pueblaexpres.com\/portal\/index.php?rest_route=%2Fwp%2Fv2%2Fcategories&post=1785"},{"taxonomy":"post_tag","embeddable":true,"href":"https:\/\/pueblaexpres.com\/portal\/index.php?rest_route=%2Fwp%2Fv2%2Ftags&post=1785"}],"curies":[{"name":"wp","href":"https:\/\/api.w.org\/{rel}","templated":true}]}}