{"id":1783,"date":"2012-09-06T10:29:12","date_gmt":"2012-09-06T16:29:12","guid":{"rendered":"https:\/\/pueblaexpres.com\/portal\/?p=1783"},"modified":"2012-09-06T10:29:12","modified_gmt":"2012-09-06T16:29:12","slug":"copa-claudio-suarez-y-ramon-ramirez-en-busca-de-talentos-en-los-clubs-alpha","status":"publish","type":"post","link":"https:\/\/pueblaexpres.com\/portal\/?p=1783","title":{"rendered":"COPA \u201cCLAUDIO SU\u00c1REZ Y RAM\u00d3N RAM\u00cdREZ\u201d en busca de talentos en los Clubs Alpha"},"content":{"rendered":"<div name=\"googleone_share_1\" style=\"position:relative;z-index:5;float: right; margin-left: 10px;\"><g:plusone size=\"tall\" count=\"1\" href=\"https:\/\/pueblaexpres.com\/portal\/?p=1783\"><\/g:plusone><\/div><p style=\"text-align: center;\"><a title=\"DSC_0001 COPA \u201cCLAUDIO SU\u00c1REZ Y RAM\u00d3N RAM\u00cdREZ\u201d, en busca de talentos en los Clubs Alpha dirigido a ni\u00f1os y j\u00f3venes entre los 13 y los 16 a\u00f1os Fotograf\u00eda Cortes\u00eda para Mv Fotograf\u00eda Profesional \u2013 Edici\u00f3n y retoque www.pueblaexpres.com por Manuel Vela - MV Fotograf\u00eda Profesional, en Flickr\" href=\"http:\/\/www.flickr.com\/photos\/manitas\/7944229286\/\"><img loading=\"lazy\" decoding=\"async\" class=\"aligncenter\" src=\"http:\/\/farm9.staticflickr.com\/8442\/7944229286_8de868c68a.jpg\" alt=\"DSC_0001 COPA \u201cCLAUDIO SU\u00c1REZ Y RAM\u00d3N RAM\u00cdREZ\u201d, en busca de talentos en los Clubs Alpha dirigido a ni\u00f1os y j\u00f3venes entre los 13 y los 16 a\u00f1os Fotograf\u00eda Cortes\u00eda para Mv Fotograf\u00eda Profesional \u2013 Edici\u00f3n y retoque www.pueblaexpres.com\" width=\"488\" height=\"328\" \/><\/a><\/p>\n<p>Con la destacada presencia de figuras del futbol nacional Claudio Su\u00e1rez y Ram\u00f3n Ram\u00edrez, se present\u00f3 el Torneo \u201cBuscando Talentos 2012\u201d, dirigido a ni\u00f1os y j\u00f3venes entre los 13 y los 16 a\u00f1os y que tendr\u00e1 como escenario las instalaciones de Futcenter, en los Clubs Alpha de Puebla.<br \/>\nDicho torneo que lleva los nombres del \u201cEmperador\u201d Claudio Su\u00e1rez y del nayarita Ram\u00f3n Ram\u00edrez -a manera de homenaje a sus brillantes carreras deportivas-, se llevar\u00e1 a cabo del 13 de octubre al 25 de noviembre en las canchas de la modalidad de Futbol Siete de Futcenter Puebla, que se ubican dentro de las instalaciones de los Clubs Alpha de Puebla, concretamente en el Club Alpha 2.<br \/>\nPrecisamente Claudio Su\u00e1rez, Ram\u00f3n Ram\u00edrez, al lado de Sergio Su\u00e1rez P\u00e9rez, director general de los Clubs Alpha de Puebla, el gerente deportivo de la instituci\u00f3n, Leonel de Aquino, junto con Benjam\u00edn Lara, director de Futcenter M\u00e9xico, dieron a conocer los pormenores del certamen que se augura alcance un gran \u00e9xito.<br \/>\nEste torneo se jugar\u00e1 de manera simult\u00e1nea en todas las instalaciones de Futbol 7 de Futcenter de la rep\u00fablica ubicadas en: Sonora (Hermosillo), Yucat\u00e1n (M\u00e9rida), Guerrero (Acapulco), Michoac\u00e1n (Morelia), Hidalgo (Actopan y Huichapan), Puebla, Veracruz (Boca del R\u00edo), Zacatecas, Quer\u00e9taro, Tlaxcala (Santa Ana Chiautempan), Distrito Federal (Gustavo A. Madero) y Estado de M\u00e9xico (Tlanepantla y Valle de Bravo).<!--more--><br \/>\nA lo largo de las seis semanas, se tendr\u00e1 una intensa actividad, adem\u00e1s de que en dicho torneo se desarrollar\u00e1n visor\u00edas, integrando selecciones en cada ciudad, con base en an\u00e1lisis de personas asignadas a tal labor.<br \/>\nLas categor\u00edas a considerar ser\u00e1n la de 13-14 a\u00f1os (nacidos en 1998 y 1999) y la de 15-16 (nacidos en 1996 y 1997) y los ganadores de cada una de las sedes tendr\u00e1n en derecho de participar en la final nacional a celebrarse del 6 al 9 de diciembre en Tlalnepalnta, en el Estado de M\u00e9xico.<br \/>\nPRESENTACI\u00d3N DE LA TERCERA DIVISI\u00d3N<br \/>\nPrecisamente con Ram\u00f3n Ram\u00edrez y Claudio Su\u00e1rez que fungieron como padrinos, se present\u00f3 oficialmente el equipo del Club Alpha que el fin de semana arranc\u00f3 su participaci\u00f3n en el Torneo de la Tercera Divisi\u00f3n dentro del grupo Tres.<br \/>\nEste equipo, que ya sum\u00f3 su primer punto con el empate a uno en su visita a Chilpancingo, es dirigido por Fernando Mart\u00ednez, tendr\u00e1 su primer partido como local el pr\u00f3ximo s\u00e1bado 8 de septiembre a las tres de la tarde en el Alpha 3 recibiendo al equipo de Zacatepec 1948.<\/p>\n<p>[miniflickr photoset_id=72157631438031588&amp;sortby=date-posted-asc&amp;per_page=3]<\/p>\n","protected":false},"excerpt":{"rendered":"<p>Con la destacada presencia de figuras del futbol nacional Claudio Su\u00e1rez y Ram\u00f3n Ram\u00edrez, se present\u00f3 el Torneo \u201cBuscando Talentos 2012\u201d, dirigido a ni\u00f1os y j\u00f3venes entre los 13 y los 16 a\u00f1os y que tendr\u00e1 como escenario las instalaciones de Futcenter, en los Clubs Alpha de Puebla. Dicho torneo que lleva los nombres del [&hellip;]<\/p>\n","protected":false},"author":2,"featured_media":0,"comment_status":"open","ping_status":"open","sticky":false,"template":"","format":"standard","meta":{"footnotes":""},"categories":[13],"tags":[],"_links":{"self":[{"href":"https:\/\/pueblaexpres.com\/portal\/index.php?rest_route=\/wp\/v2\/posts\/1783"}],"collection":[{"href":"https:\/\/pueblaexpres.com\/portal\/index.php?rest_route=\/wp\/v2\/posts"}],"about":[{"href":"https:\/\/pueblaexpres.com\/portal\/index.php?rest_route=\/wp\/v2\/types\/post"}],"author":[{"embeddable":true,"href":"https:\/\/pueblaexpres.com\/portal\/index.php?rest_route=\/wp\/v2\/users\/2"}],"replies":[{"embeddable":true,"href":"https:\/\/pueblaexpres.com\/portal\/index.php?rest_route=%2Fwp%2Fv2%2Fcomments&post=1783"}],"version-history":[{"count":1,"href":"https:\/\/pueblaexpres.com\/portal\/index.php?rest_route=\/wp\/v2\/posts\/1783\/revisions"}],"predecessor-version":[{"id":1784,"href":"https:\/\/pueblaexpres.com\/portal\/index.php?rest_route=\/wp\/v2\/posts\/1783\/revisions\/1784"}],"wp:attachment":[{"href":"https:\/\/pueblaexpres.com\/portal\/index.php?rest_route=%2Fwp%2Fv2%2Fmedia&parent=1783"}],"wp:term":[{"taxonomy":"category","embeddable":true,"href":"https:\/\/pueblaexpres.com\/portal\/index.php?rest_route=%2Fwp%2Fv2%2Fcategories&post=1783"},{"taxonomy":"post_tag","embeddable":true,"href":"https:\/\/pueblaexpres.com\/portal\/index.php?rest_route=%2Fwp%2Fv2%2Ftags&post=1783"}],"curies":[{"name":"wp","href":"https:\/\/api.w.org\/{rel}","templated":true}]}}