{"id":1729,"date":"2012-08-23T14:59:43","date_gmt":"2012-08-23T20:59:43","guid":{"rendered":"https:\/\/pueblaexpres.com\/portal\/?p=1729"},"modified":"2012-08-23T15:01:13","modified_gmt":"2012-08-23T21:01:13","slug":"frente-blankyazul-invita-a-la-aficion-poblana-a-guadalajara-chivas-vs-puebla-fc-liga-mx-j7-ta2012","status":"publish","type":"post","link":"https:\/\/pueblaexpres.com\/portal\/?p=1729","title":{"rendered":"FRENTE BLANKYAZUL invita a la afici\u00f3n poblana a Guadalajara"},"content":{"rendered":"<div name=\"googleone_share_1\" style=\"position:relative;z-index:5;float: right; margin-left: 10px;\"><g:plusone size=\"tall\" count=\"1\" href=\"https:\/\/pueblaexpres.com\/portal\/?p=1729\"><\/g:plusone><\/div><p style=\"text-align: center;\"><a title=\"DSC_0089 FRENTE BLANKYAZUL invita a la afici\u00f3n poblana ** Chivas vs Puebla FC ** APOYEMOS A LA FRANJA LIGA MX J7 TA2012 Fotograf\u00eda Ra\u00fal Rodr\u00edguez  PIXSPORT para Mv Fotograf\u00eda Profesional \u2013 Edici\u00f3n y retoque www.pueblaexpres.com por Manuel Vela - MV Fotograf\u00eda Profesional, en Flickr\" href=\"http:\/\/www.flickr.com\/photos\/manitas\/7846726634\/\"><img loading=\"lazy\" decoding=\"async\" class=\"aligncenter\" src=\"http:\/\/farm9.staticflickr.com\/8446\/7846726634_3cd15e6d26.jpg\" alt=\"DSC_0089 FRENTE BLANKYAZUL invita a la afici\u00f3n poblana ** Chivas vs Puebla FC ** APOYEMOS A LA FRANJA LIGA MX J7 TA2012 Fotograf\u00eda Ra\u00fal Rodr\u00edguez  PIXSPORT para Mv Fotograf\u00eda Profesional \u2013 Edici\u00f3n y retoque www.pueblaexpres.com\" width=\"500\" height=\"333\" \/><\/a><\/p>\n<p>FRENTE BLANKYAZUL invita a la afici\u00f3n poblana a Guadalajara<br \/>\n* Chivas vs Puebla FC * LIGA MX J7 TA2012<\/p>\n<p>Se invita a la gran afici\u00f3n poblana a viajar a este encuentro ** Chivas vs Puebla FC ** el pr\u00f3ximo DOMINGO 02 de Septiembre 17:00 hrs en la Ciudad de Guadalajara Torneo Apertura 2012 Liga MX.<\/p>\n<p>APOYEMOS A LA FRANJA LIGA MX J7<\/p>\n<p>La cita es el SABADO 01 DE SEPTIEMBRE a partir de las 8 PM en Calle Malintzi N.37 de la Colonia Malintzi \u201cLa Cueva del Drag\u00f3n\u201d INTERESADOS COMUNICARSE al tel\u00e9fono 22 21 32 37 02, la salida est\u00e1 programada a las 10:15 PM<!--more--><\/p>\n<p>Aparten de inmediato<\/p>\n<p>***$600 PESOS INCLUYE TRANSPORTACION Y TICKET*** No faltes<\/p>\n<p>PUEBLA: &#8220;Tu grandeza no se mide en CAMPEONATOS, sino en la pasi\u00f3n que provocas en toda esta gente que realmente te adora&#8221;<br \/>\nSEFIROT<\/p>\n","protected":false},"excerpt":{"rendered":"<p>FRENTE BLANKYAZUL invita a la afici\u00f3n poblana a Guadalajara * Chivas vs Puebla FC * LIGA MX J7 TA2012 Se invita a la gran afici\u00f3n poblana a viajar a este encuentro ** Chivas vs Puebla FC ** el pr\u00f3ximo DOMINGO 02 de Septiembre 17:00 hrs en la Ciudad de Guadalajara Torneo Apertura 2012 Liga MX. [&hellip;]<\/p>\n","protected":false},"author":2,"featured_media":0,"comment_status":"open","ping_status":"open","sticky":false,"template":"","format":"standard","meta":{"footnotes":""},"categories":[8],"tags":[],"_links":{"self":[{"href":"https:\/\/pueblaexpres.com\/portal\/index.php?rest_route=\/wp\/v2\/posts\/1729"}],"collection":[{"href":"https:\/\/pueblaexpres.com\/portal\/index.php?rest_route=\/wp\/v2\/posts"}],"about":[{"href":"https:\/\/pueblaexpres.com\/portal\/index.php?rest_route=\/wp\/v2\/types\/post"}],"author":[{"embeddable":true,"href":"https:\/\/pueblaexpres.com\/portal\/index.php?rest_route=\/wp\/v2\/users\/2"}],"replies":[{"embeddable":true,"href":"https:\/\/pueblaexpres.com\/portal\/index.php?rest_route=%2Fwp%2Fv2%2Fcomments&post=1729"}],"version-history":[{"count":3,"href":"https:\/\/pueblaexpres.com\/portal\/index.php?rest_route=\/wp\/v2\/posts\/1729\/revisions"}],"predecessor-version":[{"id":1732,"href":"https:\/\/pueblaexpres.com\/portal\/index.php?rest_route=\/wp\/v2\/posts\/1729\/revisions\/1732"}],"wp:attachment":[{"href":"https:\/\/pueblaexpres.com\/portal\/index.php?rest_route=%2Fwp%2Fv2%2Fmedia&parent=1729"}],"wp:term":[{"taxonomy":"category","embeddable":true,"href":"https:\/\/pueblaexpres.com\/portal\/index.php?rest_route=%2Fwp%2Fv2%2Fcategories&post=1729"},{"taxonomy":"post_tag","embeddable":true,"href":"https:\/\/pueblaexpres.com\/portal\/index.php?rest_route=%2Fwp%2Fv2%2Ftags&post=1729"}],"curies":[{"name":"wp","href":"https:\/\/api.w.org\/{rel}","templated":true}]}}