{"id":1619,"date":"2012-07-30T14:43:22","date_gmt":"2012-07-30T20:43:22","guid":{"rendered":"https:\/\/pueblaexpres.com\/portal\/?p=1619"},"modified":"2012-07-30T14:43:22","modified_gmt":"2012-07-30T20:43:22","slug":"eduardo-amador-martinez-canterano-poblano-a-espana","status":"publish","type":"post","link":"https:\/\/pueblaexpres.com\/portal\/?p=1619","title":{"rendered":"Eduardo Amador Mart\u00ednez (Canterano Poblano), a Espa\u00f1a"},"content":{"rendered":"<div name=\"googleone_share_1\" style=\"position:relative;z-index:5;float: right; margin-left: 10px;\"><g:plusone size=\"tall\" count=\"1\" href=\"https:\/\/pueblaexpres.com\/portal\/?p=1619\"><\/g:plusone><\/div><p><a title=\"DSC_0345 Eduardo Amador Mart\u00ednez (Canterano Poblano), al Alicante de la Segunda Divisi\u00f3n de Espa\u00f1a -Fotograf\u00eda Archivo Manuel Vela- para Mv Fotograf\u00eda Profesional \u2013 Edici\u00f3n y retoque www.pueblaexpres.com by Manuel Vela - MV Fotograf\u00eda Profesional, on Flickr\" href=\"http:\/\/www.flickr.com\/photos\/manitas\/7679184368\/\"><img loading=\"lazy\" decoding=\"async\" class=\"alignleft\" style=\"margin-left: 5px; margin-right: 5px;\" src=\"http:\/\/farm8.staticflickr.com\/7274\/7679184368_c4c7f6195c_n.jpg\" alt=\"DSC_0345 Eduardo Amador Mart\u00ednez (Canterano Poblano), al Alicante de la Segunda Divisi\u00f3n de Espa\u00f1a -Fotograf\u00eda Archivo Manuel Vela- para Mv Fotograf\u00eda Profesional \u2013 Edici\u00f3n y retoque www.pueblaexpres.com\" width=\"320\" height=\"213\" \/><\/a> Puebla., Puebla a 30 de Julio 2012<\/p>\n<p>El joven de 20 a\u00f1os, surgido de las Fuerzas B\u00e1sicas del Puebla, ha sido contratado por el Alicante de la Segunda Divisi\u00f3n de Espa\u00f1a, equipo al que se reportar\u00e1 este martes.<br \/>\nLalo se desempe\u00f1a como defensa o volante, funci\u00f3n que desempe\u00f1a de acuerdo con las circunstancias del partido que juegue. Por ejemplo, con la Sub-20 de la Franja, el joven particip\u00f3 como defensa, y en la Era de Juan Carlos Osorio, recibi\u00f3 la oportunidad de trabajar con los titulares, sin tener suerte de hacer su deb\u00fat. Sin embargo, su buen futbol le abri\u00f3 las puertas para enrolarse con el cuadro espa\u00f1ol, con el que ha firmado por un a\u00f1o, y lo dirige Efr\u00e9n Soto.<br \/>\nAl respecto, dice: &#8220;Me siento contento e ilusionado. No voy en busca de una aventura, sino hacer historia. Primero, ganarme la confianza del entrenador y luchar por la titularidad. Mi intenci\u00f3n es futbol\u00edsticamente, crecer, y ser un mexicano m\u00e1s que tiene con qu\u00e9. S\u00e9 que extra\u00f1ar\u00e9 muchas cosas, pero mi idea es triunfar&#8221;.<br \/>\n[miniflickr photoset_id=72157630826530624&amp;sortby=date-posted-asc&amp;per_page=5]<\/p>\n","protected":false},"excerpt":{"rendered":"<p>Puebla., Puebla a 30 de Julio 2012 El joven de 20 a\u00f1os, surgido de las Fuerzas B\u00e1sicas del Puebla, ha sido contratado por el Alicante de la Segunda Divisi\u00f3n de Espa\u00f1a, equipo al que se reportar\u00e1 este martes. Lalo se desempe\u00f1a como defensa o volante, funci\u00f3n que desempe\u00f1a de acuerdo con las circunstancias del partido [&hellip;]<\/p>\n","protected":false},"author":1,"featured_media":0,"comment_status":"open","ping_status":"open","sticky":false,"template":"","format":"standard","meta":{"footnotes":""},"categories":[3],"tags":[],"_links":{"self":[{"href":"https:\/\/pueblaexpres.com\/portal\/index.php?rest_route=\/wp\/v2\/posts\/1619"}],"collection":[{"href":"https:\/\/pueblaexpres.com\/portal\/index.php?rest_route=\/wp\/v2\/posts"}],"about":[{"href":"https:\/\/pueblaexpres.com\/portal\/index.php?rest_route=\/wp\/v2\/types\/post"}],"author":[{"embeddable":true,"href":"https:\/\/pueblaexpres.com\/portal\/index.php?rest_route=\/wp\/v2\/users\/1"}],"replies":[{"embeddable":true,"href":"https:\/\/pueblaexpres.com\/portal\/index.php?rest_route=%2Fwp%2Fv2%2Fcomments&post=1619"}],"version-history":[{"count":1,"href":"https:\/\/pueblaexpres.com\/portal\/index.php?rest_route=\/wp\/v2\/posts\/1619\/revisions"}],"predecessor-version":[{"id":1620,"href":"https:\/\/pueblaexpres.com\/portal\/index.php?rest_route=\/wp\/v2\/posts\/1619\/revisions\/1620"}],"wp:attachment":[{"href":"https:\/\/pueblaexpres.com\/portal\/index.php?rest_route=%2Fwp%2Fv2%2Fmedia&parent=1619"}],"wp:term":[{"taxonomy":"category","embeddable":true,"href":"https:\/\/pueblaexpres.com\/portal\/index.php?rest_route=%2Fwp%2Fv2%2Fcategories&post=1619"},{"taxonomy":"post_tag","embeddable":true,"href":"https:\/\/pueblaexpres.com\/portal\/index.php?rest_route=%2Fwp%2Fv2%2Ftags&post=1619"}],"curies":[{"name":"wp","href":"https:\/\/api.w.org\/{rel}","templated":true}]}}