{"id":1600,"date":"2012-07-25T17:34:22","date_gmt":"2012-07-25T23:34:22","guid":{"rendered":"https:\/\/pueblaexpres.com\/portal\/?p=1600"},"modified":"2012-07-25T17:35:01","modified_gmt":"2012-07-25T23:35:01","slug":"fallecio-jorge-vieira","status":"publish","type":"post","link":"https:\/\/pueblaexpres.com\/portal\/?p=1600","title":{"rendered":"Falleci\u00f3 Jorge Vieira"},"content":{"rendered":"<div name=\"googleone_share_1\" style=\"position:relative;z-index:5;float: right; margin-left: 10px;\"><g:plusone size=\"tall\" count=\"1\" href=\"https:\/\/pueblaexpres.com\/portal\/?p=1600\"><\/g:plusone><\/div><p><a title=\"IMG_00012 Falleci\u00f3 Jorge Vieira EX T\u00e9cnico del Puebla Fotograf\u00eda Archivo para Mv Fotograf\u00eda Profesional \u2013 Edici\u00f3n y retoque www.pueblaexpres.com by Manuel Vela - MV Fotograf\u00eda Profesional, on Flickr\" href=\"http:\/\/www.flickr.com\/photos\/manitas\/7646511276\/\"><img loading=\"lazy\" decoding=\"async\" class=\"alignleft\" style=\"margin-left: 5px; margin-right: 5px;\" src=\"http:\/\/farm9.staticflickr.com\/8154\/7646511276_da4509bbdc_n.jpg\" alt=\"IMG_00012 Falleci\u00f3 Jorge Vieira EX T\u00e9cnico del Puebla Fotograf\u00eda Archivo para Mv Fotograf\u00eda Profesional \u2013 Edici\u00f3n y retoque www.pueblaexpres.com\" width=\"320\" height=\"181\" \/><\/a> Puebla, Puebla a 24 de Julio 2012<\/p>\n<p>El martes 24 de julio de este a\u00f1o, falleci\u00f3 de un paro card\u00edaco a la edad de 80 a\u00f1os en R\u00edo de Janeiro, Brasil; Jorge Vieira, \u00cddolo del Madureira de Brasil, Vieira comenz\u00f3 su carrera en aquel equipo en los a\u00f1os 50\u2019s pero su mejor aporte al futbol lo hizo como entrenador cuando en 1960 llev\u00f3 al Am\u00e9rica SP al t\u00edtulo del futbol brasile\u00f1o para luego dirigir a escuadras de la talla del Vit\u00f3ria, el Botafogo, el Fluminense, el Palmeiras, donde tuvo bajo sus \u00f3rdenes a S\u00f3crates, adem\u00e1s del Corinthians.<br \/>\nEn el plano internacional, su carrera despeg\u00f3 cuando en 1985 lleg\u00f3 a la Selecci\u00f3n de Iraq, a\u00fan bajo el r\u00e9gimen de Sadam Hussein para clasificarla a su primera Copa del Mundo y dirigir en el Mundial de M\u00e9xico 86.<br \/>\nAh\u00ed fue visto por la Directiva del Am\u00e9rica, que en la temporada 87-88 le dio la oportunidad de dirigir al cuadro azulcrema, llegando el 15 de noviembre de 1987 en sustituci\u00f3n de Cayetano Rodr\u00edguez. En ese primer torneo, Vieira meti\u00f3 a las \u00c1guilas a la Liguilla y tras eliminar a Puebla, Monarcas Morelia y Pumas se alz\u00f3 con el primero de los dos t\u00edtulos que le dar\u00edan el Bicampeonato.<br \/>\nEn su segunda temporada, el estratega carioca dirigi\u00f3 durante 38 fechas al cuadro azulcrema consiguiendo 42 puntos producto de 15 victorias, 12 empates y 11 derrotas que le dieron el pase a la Liguilla. Ya en la fiesta grande elimin\u00f3 a Chivas, Puebla y Estudiantes Tecos para luego ganar el t\u00edtulo al vencer en la Gran Final al Cruz Azul con marcador global de 5-4.<br \/>\nEn la temporada 1990-1991, t\u00e9cnico del Puebla. Toma la estafeta del equipo, pues Manuel Lapuente, se har\u00eda cargo de la selecci\u00f3n mexicana. Vieyra dentro de ese Puebla dirigi\u00f3 a: Jorge &#8220;Mortero&#8221; Aravena, Carlos Poblete, Roberto Ru\u00edz Esparza, Javier &#8220;Ch\u00edcharo&#8221; Hern\u00e1ndez, Pablo Larios, Mart\u00edn V\u00e1zquez, Edivaldo entre otros.<br \/>\nA nivel internacional estuvo a cargo de la selecci\u00f3n El Salvador dentro de las eliminatorias al mundial de Estados Unidos 94.<br \/>\nTambi\u00e9n fue t\u00e9cnico de los Tigres y Toros Neza en el Invierno 99 durante nueve encuentros.<\/p>\n<h1 id=\"title_div72157630751776860\" data-photoset-id=\"72157630751776860\">Falleci\u00f3 Jorge Vieira<\/h1>\n","protected":false},"excerpt":{"rendered":"<p>Puebla, Puebla a 24 de Julio 2012 El martes 24 de julio de este a\u00f1o, falleci\u00f3 de un paro card\u00edaco a la edad de 80 a\u00f1os en R\u00edo de Janeiro, Brasil; Jorge Vieira, \u00cddolo del Madureira de Brasil, Vieira comenz\u00f3 su carrera en aquel equipo en los a\u00f1os 50\u2019s pero su mejor aporte al futbol [&hellip;]<\/p>\n","protected":false},"author":1,"featured_media":0,"comment_status":"open","ping_status":"open","sticky":false,"template":"","format":"standard","meta":{"footnotes":""},"categories":[3],"tags":[],"_links":{"self":[{"href":"https:\/\/pueblaexpres.com\/portal\/index.php?rest_route=\/wp\/v2\/posts\/1600"}],"collection":[{"href":"https:\/\/pueblaexpres.com\/portal\/index.php?rest_route=\/wp\/v2\/posts"}],"about":[{"href":"https:\/\/pueblaexpres.com\/portal\/index.php?rest_route=\/wp\/v2\/types\/post"}],"author":[{"embeddable":true,"href":"https:\/\/pueblaexpres.com\/portal\/index.php?rest_route=\/wp\/v2\/users\/1"}],"replies":[{"embeddable":true,"href":"https:\/\/pueblaexpres.com\/portal\/index.php?rest_route=%2Fwp%2Fv2%2Fcomments&post=1600"}],"version-history":[{"count":3,"href":"https:\/\/pueblaexpres.com\/portal\/index.php?rest_route=\/wp\/v2\/posts\/1600\/revisions"}],"predecessor-version":[{"id":1603,"href":"https:\/\/pueblaexpres.com\/portal\/index.php?rest_route=\/wp\/v2\/posts\/1600\/revisions\/1603"}],"wp:attachment":[{"href":"https:\/\/pueblaexpres.com\/portal\/index.php?rest_route=%2Fwp%2Fv2%2Fmedia&parent=1600"}],"wp:term":[{"taxonomy":"category","embeddable":true,"href":"https:\/\/pueblaexpres.com\/portal\/index.php?rest_route=%2Fwp%2Fv2%2Fcategories&post=1600"},{"taxonomy":"post_tag","embeddable":true,"href":"https:\/\/pueblaexpres.com\/portal\/index.php?rest_route=%2Fwp%2Fv2%2Ftags&post=1600"}],"curies":[{"name":"wp","href":"https:\/\/api.w.org\/{rel}","templated":true}]}}