{"id":1549,"date":"2012-07-09T23:05:45","date_gmt":"2012-07-10T05:05:45","guid":{"rendered":"https:\/\/pueblaexpres.com\/portal\/?p=1549"},"modified":"2012-07-09T23:05:45","modified_gmt":"2012-07-10T05:05:45","slug":"llega-quinto-extranjero-al-puebla-fc-y-se-toma-fotografia-oficial-del-club-rumbo-al-ta2012-liga-mx","status":"publish","type":"post","link":"https:\/\/pueblaexpres.com\/portal\/?p=1549","title":{"rendered":"Llega quinto extranjero al Puebla FC y se toma fotograf\u00eda oficial del Club rumbo al TA2012 Liga MX"},"content":{"rendered":"<div name=\"googleone_share_1\" style=\"position:relative;z-index:5;float: right; margin-left: 10px;\"><g:plusone size=\"tall\" count=\"1\" href=\"https:\/\/pueblaexpres.com\/portal\/?p=1549\"><\/g:plusone><\/div><p><a title=\"IMG_0003 Llega quinto extranjero al Puebla FC y se toma fotograf\u00eda oficial del Club rumbo al Torneo Apertura 2012 Liga MX Fotograf\u00eda para Mv Fotograf\u00eda Profesional \/ Edici\u00f3n y retoque www.pueblaexpres.com by Manuel Vela - MV Fotograf\u00eda Profesional, on Flickr\" href=\"http:\/\/www.flickr.com\/photos\/manitas\/7540791980\/\"><img loading=\"lazy\" decoding=\"async\" class=\"alignleft\" style=\"margin-left: 5px; margin-right: 5px;\" src=\"http:\/\/farm8.staticflickr.com\/7125\/7540791980_da7c053e56_n.jpg\" alt=\"IMG_0003 Llega quinto extranjero al Puebla FC y se toma fotograf\u00eda oficial del Club rumbo al Torneo Apertura 2012 Liga MX Fotograf\u00eda para Mv Fotograf\u00eda Profesional \/ Edici\u00f3n y retoque www.pueblaexpres.com\" width=\"320\" height=\"130\" \/><\/a> Puebla., Puebla a 09 de Julio 2012<\/p>\n<p>El quinto extranjero del Puebla ya est\u00e1 en la Angel\u00f3polis. Gustavo Mat\u00edas Alustiza ya viste la de La Franja. Con la llegada del delantero argentino el plantel est\u00e1 completo y adem\u00e1s se tom\u00f3 la fotograf\u00eda oficial para el torneo Apertura 2012, donde cada elemento visti\u00f3 una franja con la bandera de su pa\u00eds.<br \/>\nA 11 d\u00edas de arrancar el campeonato, Roberto Henaine, Hugo Fern\u00e1ndez y Daniel Bartolotta presentaron a Mat\u00edas Alustiza como el \u00faltimo refuerzo del Puebla.<br \/>\nDentro del acto protocolario, Miller Lite tambi\u00e9n fue presentado como patrocinador del equipo. La cervecer\u00eda norteamericana y Puebla realizaron un contrato por un a\u00f1o futbol\u00edstico.<br \/>\nVengo a Realizar Mi Trabajo: \u201cEl Chavo\u201d<br \/>\nProveniente del Deportivo Quito, Puebla ser\u00e1 una oportunidad m\u00e1s en la carrera de Mat\u00edas Alustiza, qui\u00e9n no busca ser el reemplazo del espa\u00f1ol Luis Garc\u00eda o de alg\u00fan elemento que dejo el plantel.<br \/>\n\u201cMe interes\u00f3 la propuesta yo vengo aqu\u00ed a sumar, cuando me toque jugar lo har\u00e9 de la mejor manera. Responsabilidad ni reemplazo, yo no, vengo a hacer mi trabajo, no me fijo en el pasado y lo que pas\u00f3 pas\u00f3. Soy delantero quiero hacer goles, contento y a disfrutar la oportunidad\u2026\u201d sentenci\u00f3 en la sala de prensa del Estadio Cuauht\u00e9moc.<br \/>\nEl nacido en Azul, Argentina, llega en plan gran al termino como campe\u00f3n de goleo de la Copa Santander Libertadores, al marcar 8 tantos con el Deportivo Quito. Hoy junto a Herminio Miranda, DaMarcus Beasley, Edinson Toloza y Mat\u00edas Abelaira integran a los extranjeros del Puebla.<br \/>\n\u201cOjala que nos vaya bien a todos, son un buen grupo, ac\u00e1 todos estamos en mismo barco, M\u00e9xico no ser\u00e1 un trampol\u00edn en mi carrera yo vengo aqu\u00ed a aportar. La verdad hoy entren\u00e9 con todo el grupo, a pesar del viaje, estoy a disposici\u00f3n del t\u00e9cnico y ojala que me emple\u00e9\u2026\u201d acat\u00f3 Mat\u00edas Alustiza.<\/p>\n<h1 id=\"title_div72157630507573226\" data-photoset-id=\"72157630507573226\">Llega quinto extranjero al Puebla FC y se toma fotograf\u00eda oficial del Club rumbo al TA2012 Liga MX<\/h1>\n","protected":false},"excerpt":{"rendered":"<p>Puebla., Puebla a 09 de Julio 2012 El quinto extranjero del Puebla ya est\u00e1 en la Angel\u00f3polis. Gustavo Mat\u00edas Alustiza ya viste la de La Franja. Con la llegada del delantero argentino el plantel est\u00e1 completo y adem\u00e1s se tom\u00f3 la fotograf\u00eda oficial para el torneo Apertura 2012, donde cada elemento visti\u00f3 una franja con [&hellip;]<\/p>\n","protected":false},"author":1,"featured_media":0,"comment_status":"open","ping_status":"open","sticky":false,"template":"","format":"standard","meta":{"footnotes":""},"categories":[42],"tags":[],"_links":{"self":[{"href":"https:\/\/pueblaexpres.com\/portal\/index.php?rest_route=\/wp\/v2\/posts\/1549"}],"collection":[{"href":"https:\/\/pueblaexpres.com\/portal\/index.php?rest_route=\/wp\/v2\/posts"}],"about":[{"href":"https:\/\/pueblaexpres.com\/portal\/index.php?rest_route=\/wp\/v2\/types\/post"}],"author":[{"embeddable":true,"href":"https:\/\/pueblaexpres.com\/portal\/index.php?rest_route=\/wp\/v2\/users\/1"}],"replies":[{"embeddable":true,"href":"https:\/\/pueblaexpres.com\/portal\/index.php?rest_route=%2Fwp%2Fv2%2Fcomments&post=1549"}],"version-history":[{"count":2,"href":"https:\/\/pueblaexpres.com\/portal\/index.php?rest_route=\/wp\/v2\/posts\/1549\/revisions"}],"predecessor-version":[{"id":1551,"href":"https:\/\/pueblaexpres.com\/portal\/index.php?rest_route=\/wp\/v2\/posts\/1549\/revisions\/1551"}],"wp:attachment":[{"href":"https:\/\/pueblaexpres.com\/portal\/index.php?rest_route=%2Fwp%2Fv2%2Fmedia&parent=1549"}],"wp:term":[{"taxonomy":"category","embeddable":true,"href":"https:\/\/pueblaexpres.com\/portal\/index.php?rest_route=%2Fwp%2Fv2%2Fcategories&post=1549"},{"taxonomy":"post_tag","embeddable":true,"href":"https:\/\/pueblaexpres.com\/portal\/index.php?rest_route=%2Fwp%2Fv2%2Ftags&post=1549"}],"curies":[{"name":"wp","href":"https:\/\/api.w.org\/{rel}","templated":true}]}}