{"id":14459,"date":"2026-04-13T20:59:01","date_gmt":"2026-04-14T02:59:01","guid":{"rendered":"https:\/\/pueblaexpres.com\/portal\/?p=14459"},"modified":"2026-04-30T21:01:58","modified_gmt":"2026-05-01T03:01:58","slug":"copa-del-mundo-de-tiro-con-arco-2026-en-puebla-a-delegacion-mexicana-consiguio-tres-preseas-en-este-evento-zocalo-de-la-ciudad-de-puebla","status":"publish","type":"post","link":"https:\/\/pueblaexpres.com\/portal\/?p=14459","title":{"rendered":"[Copa del Mundo de Tiro con Arco 2026 en Puebla] a delegaci\u00f3n mexicana consigui\u00f3 tres preseas en este evento | Z\u00f3calo de la Ciudad De Puebla"},"content":{"rendered":"<div name=\"googleone_share_1\" style=\"position:relative;z-index:5;float: right; margin-left: 10px;\"><g:plusone size=\"tall\" count=\"1\" href=\"https:\/\/pueblaexpres.com\/portal\/?p=14459\"><\/g:plusone><\/div><p><a href=\"https:\/\/pueblaexpres.com\/portal\/wp-content\/uploads\/2026\/04\/new-enhance-photo-v2-17.jpg\"><img loading=\"lazy\" decoding=\"async\" class=\"wp-image-14460 aligncenter\" src=\"https:\/\/pueblaexpres.com\/portal\/wp-content\/uploads\/2026\/04\/new-enhance-photo-v2-17.jpg\" alt=\"\" width=\"501\" height=\"333\" srcset=\"https:\/\/pueblaexpres.com\/portal\/wp-content\/uploads\/2026\/04\/new-enhance-photo-v2-17.jpg 800w, https:\/\/pueblaexpres.com\/portal\/wp-content\/uploads\/2026\/04\/new-enhance-photo-v2-17-300x200.jpg 300w, https:\/\/pueblaexpres.com\/portal\/wp-content\/uploads\/2026\/04\/new-enhance-photo-v2-17-768x511.jpg 768w, https:\/\/pueblaexpres.com\/portal\/wp-content\/uploads\/2026\/04\/new-enhance-photo-v2-17-640x426.jpg 640w\" sizes=\"(max-width: 501px) 100vw, 501px\" \/><\/a><\/p>\n<p><strong>Redacci\u00f3n | Fotograf\u00edas Mara Gonz\u00e1lez @maragonzalez_13 \/ Manuel Vela @Mv_ManuelVela | #PueblaExpres @PueblaExpres<\/strong><\/p>\n<p>La delegaci\u00f3n mexicana consigui\u00f3 tres preseas en este evento.<\/p>\n<p>Desde el jueves pasado con una estupenda clasificaci\u00f3n al quedar dentro de los ochos mejores en la modalidad de recurvo varonil fue como se traz\u00f3 el camino de Mat\u00edas Grande en la Etapa 1 de la Copa del Mundo de Tiro con Arco Puebla 2026.<\/p>\n<p><a title=\"0001 [Copa del Mundo de Tiro con Arco 2026 en Puebla] a delegaci\u00f3n mexicana consigui\u00f3 tres preseas en este evento | Z\u00f3calo de la Ciudad De Puebla | Im\u00e1genes @Mv_ManuelVela @PueblaExpres www.pueblaexpres.com\" href=\"https:\/\/www.flickr.com\/photos\/manitas\/55241652879\/in\/dateposted-public\" data-flickr-embed=\"true\"><img loading=\"lazy\" decoding=\"async\" class=\"aligncenter\" src=\"https:\/\/live.staticflickr.com\/65535\/55241652879_90ef8e6449.jpg\" alt=\"0001 [Copa del Mundo de Tiro con Arco 2026 en Puebla] a delegaci\u00f3n mexicana consigui\u00f3 tres preseas en este evento | Z\u00f3calo de la Ciudad De Puebla | Im\u00e1genes @Mv_ManuelVela @PueblaExpres www.pueblaexpres.com\" width=\"500\" height=\"333\" \/><\/a><script async src=\"\/\/embedr.flickr.com\/assets\/client-code.js\" charset=\"utf-8\"><\/script><\/p>\n<p>Andr\u00e9s Temino de Espa\u00f1a, Dhiraj Bommadevara de India y Aldar Tsybikzhapov como Atleta Independiente fueron los arqueros que el coahuilense derrot\u00f3 en el Parque del Arte en dieciseisavos, octavos y cuartos de final para asegurar su acceso al z\u00f3calo capitalino.<\/p>\n<p>En semifinales, Brady Ellison de los Estados Unidos fue la prueba para buscar su pase a la medalla de oro, sin embargo, el norteamericano nunca cedi\u00f3 tregua y venci\u00f3 6-4 al azteca para mandarlo a la disputa del bronce.<\/p>\n<p><a title=\"0001 [Copa del Mundo de Tiro con Arco 2026 en Puebla] a delegaci\u00f3n mexicana consigui\u00f3 tres preseas en este evento | Z\u00f3calo de la Ciudad De Puebla | Im\u00e1genes @Mv_ManuelVela @PueblaExpres www.pueblaexpres.com\" href=\"https:\/\/www.flickr.com\/photos\/manitas\/55241813690\/in\/dateposted-public\" data-flickr-embed=\"true\"><img loading=\"lazy\" decoding=\"async\" class=\"aligncenter\" src=\"https:\/\/live.staticflickr.com\/65535\/55241813690_973cf23aaf.jpg\" alt=\"0001 [Copa del Mundo de Tiro con Arco 2026 en Puebla] a delegaci\u00f3n mexicana consigui\u00f3 tres preseas en este evento | Z\u00f3calo de la Ciudad De Puebla | Im\u00e1genes @Mv_ManuelVela @PueblaExpres www.pueblaexpres.com\" width=\"500\" height=\"333\" \/><\/a><script async src=\"\/\/embedr.flickr.com\/assets\/client-code.js\" charset=\"utf-8\"><\/script><\/p>\n<p>En ese duelo por el tercer lugar, Grande Kalionchiz trat\u00f3 de sacar la casta para quedarse con la presea, aunque enfrente tuvo a un medallista ol\u00edmpico como Mete Gazoz, el de Turqu\u00eda le brind\u00f3 todo desde la l\u00ednea de tiro y gan\u00f3 el partido por 7-3.<!--more--><\/p>\n<p>M\u00e9xico cerr\u00f3 con tres medallas de bronce en esta primera etapa del serial del 2026, las cuales se presentaron en compuestos por equipo; tanto varonil como femenil; y recurvo por equipos femenil.<\/p>\n<p><a title=\"0001 [Copa del Mundo de Tiro con Arco 2026 en Puebla] a delegaci\u00f3n mexicana consigui\u00f3 tres preseas en este evento | Z\u00f3calo de la Ciudad De Puebla | Im\u00e1genes @Mv_ManuelVela @PueblaExpres www.pueblaexpres.com\" href=\"https:\/\/www.flickr.com\/photos\/manitas\/55241813695\/in\/dateposted-public\" data-flickr-embed=\"true\"><img loading=\"lazy\" decoding=\"async\" class=\"aligncenter\" src=\"https:\/\/live.staticflickr.com\/65535\/55241813695_9c746dbcd5.jpg\" alt=\"0001 [Copa del Mundo de Tiro con Arco 2026 en Puebla] a delegaci\u00f3n mexicana consigui\u00f3 tres preseas en este evento | Z\u00f3calo de la Ciudad De Puebla | Im\u00e1genes @Mv_ManuelVela @PueblaExpres www.pueblaexpres.com\" width=\"500\" height=\"333\" \/><\/a><script async src=\"\/\/embedr.flickr.com\/assets\/client-code.js\" charset=\"utf-8\"><\/script><\/p>\n<p>La siguiente parada ser\u00e1 en China del 5 al 10 de mayo. As\u00ed culmin\u00f3 este evento organizado por World Archery (WA), World Archery M\u00e9xico (WA M\u00e9xico), el Gobierno del Estado de Puebla, la secretaria de Deporte y Juventud y la Comisi\u00f3n Nacional de Cultura F\u00edsica y Deporte (CONADE).<\/p>\n<p><strong>LA OPINI\u00d3N EXPRESADA EN ESTA COLUMNA ES RESPONSABILIDAD DE QUIEN LA ESCRIBE Y NO BUSCA GENERAR CONFLICTOS ENTRE LOS INVOLUCRADOS, SINO GENERAR CONCIENCIA EN CADA LECTOR.<\/strong><\/p>\n","protected":false},"excerpt":{"rendered":"<p>Redacci\u00f3n | Fotograf\u00edas Mara Gonz\u00e1lez @maragonzalez_13 \/ Manuel Vela @Mv_ManuelVela | #PueblaExpres @PueblaExpres La delegaci\u00f3n mexicana consigui\u00f3 tres preseas en este evento. Desde el jueves pasado con una estupenda clasificaci\u00f3n al quedar dentro de los ochos mejores en la modalidad de recurvo varonil fue como se traz\u00f3 el camino de Mat\u00edas Grande en la Etapa [&hellip;]<\/p>\n","protected":false},"author":2,"featured_media":14460,"comment_status":"open","ping_status":"open","sticky":false,"template":"","format":"standard","meta":{"footnotes":""},"categories":[8,42,166,79,171,1,7],"tags":[],"_links":{"self":[{"href":"https:\/\/pueblaexpres.com\/portal\/index.php?rest_route=\/wp\/v2\/posts\/14459"}],"collection":[{"href":"https:\/\/pueblaexpres.com\/portal\/index.php?rest_route=\/wp\/v2\/posts"}],"about":[{"href":"https:\/\/pueblaexpres.com\/portal\/index.php?rest_route=\/wp\/v2\/types\/post"}],"author":[{"embeddable":true,"href":"https:\/\/pueblaexpres.com\/portal\/index.php?rest_route=\/wp\/v2\/users\/2"}],"replies":[{"embeddable":true,"href":"https:\/\/pueblaexpres.com\/portal\/index.php?rest_route=%2Fwp%2Fv2%2Fcomments&post=14459"}],"version-history":[{"count":1,"href":"https:\/\/pueblaexpres.com\/portal\/index.php?rest_route=\/wp\/v2\/posts\/14459\/revisions"}],"predecessor-version":[{"id":14461,"href":"https:\/\/pueblaexpres.com\/portal\/index.php?rest_route=\/wp\/v2\/posts\/14459\/revisions\/14461"}],"wp:featuredmedia":[{"embeddable":true,"href":"https:\/\/pueblaexpres.com\/portal\/index.php?rest_route=\/wp\/v2\/media\/14460"}],"wp:attachment":[{"href":"https:\/\/pueblaexpres.com\/portal\/index.php?rest_route=%2Fwp%2Fv2%2Fmedia&parent=14459"}],"wp:term":[{"taxonomy":"category","embeddable":true,"href":"https:\/\/pueblaexpres.com\/portal\/index.php?rest_route=%2Fwp%2Fv2%2Fcategories&post=14459"},{"taxonomy":"post_tag","embeddable":true,"href":"https:\/\/pueblaexpres.com\/portal\/index.php?rest_route=%2Fwp%2Fv2%2Ftags&post=14459"}],"curies":[{"name":"wp","href":"https:\/\/api.w.org\/{rel}","templated":true}]}}