{"id":14185,"date":"2025-09-02T13:32:27","date_gmt":"2025-09-02T19:32:27","guid":{"rendered":"https:\/\/pueblaexpres.com\/portal\/?p=14185"},"modified":"2025-09-06T13:35:34","modified_gmt":"2025-09-06T19:35:34","slug":"ficomics-buap-2025-complejo-cultural-universitario-buap-los-dias-2930-y-31-de-agosto","status":"publish","type":"post","link":"https:\/\/pueblaexpres.com\/portal\/?p=14185","title":{"rendered":"[FICOMICS BUAP 2025] Complejo Cultural Universitario BUAP los d\u00edas 29,30 y 31 de Agosto"},"content":{"rendered":"<div name=\"googleone_share_1\" style=\"position:relative;z-index:5;float: right; margin-left: 10px;\"><g:plusone size=\"tall\" count=\"1\" href=\"https:\/\/pueblaexpres.com\/portal\/?p=14185\"><\/g:plusone><\/div><p><a href=\"https:\/\/pueblaexpres.com\/portal\/wp-content\/uploads\/2025\/09\/YDRAY-21.jpg\"><img loading=\"lazy\" decoding=\"async\" class=\"wp-image-14186 aligncenter\" src=\"https:\/\/pueblaexpres.com\/portal\/wp-content\/uploads\/2025\/09\/YDRAY-21.jpg\" alt=\"\" width=\"506\" height=\"337\" srcset=\"https:\/\/pueblaexpres.com\/portal\/wp-content\/uploads\/2025\/09\/YDRAY-21.jpg 800w, https:\/\/pueblaexpres.com\/portal\/wp-content\/uploads\/2025\/09\/YDRAY-21-300x200.jpg 300w, https:\/\/pueblaexpres.com\/portal\/wp-content\/uploads\/2025\/09\/YDRAY-21-768x512.jpg 768w, https:\/\/pueblaexpres.com\/portal\/wp-content\/uploads\/2025\/09\/YDRAY-21-640x426.jpg 640w\" sizes=\"(max-width: 506px) 100vw, 506px\" \/><\/a><\/p>\n<p><strong>Redacci\u00f3n | Fotograf\u00edas Sebasti\u00e1n Salado Zer\u00f3n @seb.sz98 \/ Manuel Vela @Mv_ManuelVela | #PueblaExpres @PueblaExpres<\/strong><\/p>\n<p>\ud83d\udea8\ud83d\udea8 FICOMICS \ud83d\udcd6 \ud83d\udea8\ud83d\udea8<\/p>\n<p>Evento organizado por la Direcci\u00f3n General de Bibliotecas de la BUAP, surge por el inter\u00e9s de fomentar la lectura a trav\u00e9s del comic.<\/p>\n<p><a title=\"YDRAY-Emi-2 [FICOMICS BUAP 2025] Complejo Cultural Universitario BUAP los d\u00edas 29,30 y 31 de agosto | Im\u00e1genes Sebasti\u00e1n Salado Zer\u00f3n @seb.sz98 @PueblaExpres www.pueblaexpres.com\" href=\"https:\/\/www.flickr.com\/photos\/manitas\/54769758058\/in\/dateposted-public\/\" data-flickr-embed=\"true\"><img loading=\"lazy\" decoding=\"async\" class=\"aligncenter\" src=\"https:\/\/live.staticflickr.com\/65535\/54769758058_0ecdac54f3.jpg\" alt=\"YDRAY-Emi-2 [FICOMICS BUAP 2025] Complejo Cultural Universitario BUAP los d\u00edas 29,30 y 31 de agosto | Im\u00e1genes Sebasti\u00e1n Salado Zer\u00f3n @seb.sz98 @PueblaExpres www.pueblaexpres.com\" width=\"500\" height=\"333\" \/><\/a><script async src=\"\/\/embedr.flickr.com\/assets\/client-code.js\" charset=\"utf-8\"><\/script><\/p>\n<p>La Biblioteca Central Universitaria BUAP, es sede de la primer Comicteca de M\u00e9xico, que resguarda una colecci\u00f3n de comics abierta a la comunidad universitaria y p\u00fablico en general, en la que se realizan c\u00edrculos de lectura de comics, talleres y el Encuentro de Autores de Comic.<\/p>\n<p>FICOMICS es un evento que ha reunido a renombrados autores de M\u00e9xico, como Sixto Valencia -Memin Pinguin-, Jis y Trino -Santos-, Rene Del Valle -Kaliman-, Ra\u00fal Cruz Figueroa -RACRUFI, Arte fant\u00e1stico- entre otros, as\u00ed como talentos emergentes.<!--more--><\/p>\n<p><a title=\"YDRAY-20 [FICOMICS BUAP 2025] Complejo Cultural Universitario BUAP los d\u00edas 29,30 y 31 de agosto | Im\u00e1genes Sebasti\u00e1n Salado Zer\u00f3n @seb.sz98 @PueblaExpres www.pueblaexpres.com\" href=\"https:\/\/www.flickr.com\/photos\/manitas\/54769758138\/in\/dateposted-public\/\" data-flickr-embed=\"true\"><img loading=\"lazy\" decoding=\"async\" class=\"aligncenter\" src=\"https:\/\/live.staticflickr.com\/65535\/54769758138_63a0579b10.jpg\" alt=\"YDRAY-20 [FICOMICS BUAP 2025] Complejo Cultural Universitario BUAP los d\u00edas 29,30 y 31 de agosto | Im\u00e1genes Sebasti\u00e1n Salado Zer\u00f3n @seb.sz98 @PueblaExpres www.pueblaexpres.com\" width=\"500\" height=\"333\" \/><\/a><script async src=\"\/\/embedr.flickr.com\/assets\/client-code.js\" charset=\"utf-8\"><\/script><\/p>\n<p>Participan, adem\u00e1s, diversos especialistas, editoriales, ilustradores, coleccionistas relacionadas al medio.<\/p>\n<p>Este a\u00f1o se llev\u00f3 a cabo en las instalaciones del CCU los d\u00edas 29,30 y 31 de agosto<\/p>\n<p><a title=\"YDRAY-10 [FICOMICS BUAP 2025] Complejo Cultural Universitario BUAP los d\u00edas 29,30 y 31 de agosto | Im\u00e1genes Sebasti\u00e1n Salado Zer\u00f3n @seb.sz98 @PueblaExpres www.pueblaexpres.com\" href=\"https:\/\/www.flickr.com\/photos\/manitas\/54769857960\/in\/dateposted-public\/\" data-flickr-embed=\"true\"><img loading=\"lazy\" decoding=\"async\" class=\"aligncenter\" src=\"https:\/\/live.staticflickr.com\/65535\/54769857960_a0e1016bb3.jpg\" alt=\"YDRAY-10 [FICOMICS BUAP 2025] Complejo Cultural Universitario BUAP los d\u00edas 29,30 y 31 de agosto | Im\u00e1genes Sebasti\u00e1n Salado Zer\u00f3n @seb.sz98 @PueblaExpres www.pueblaexpres.com\" width=\"500\" height=\"333\" \/><\/a><script async src=\"\/\/embedr.flickr.com\/assets\/client-code.js\" charset=\"utf-8\"><\/script><\/p>\n<p>#ficomicsbuap2025<\/p>\n<p>#PueblaExpres \ud83d\udcf8\ud83c\uddf2\ud83c\uddfd\ud83d\udcf7<\/p>\n<p>Im\u00e1genes @seb.sz98 \ud83d\udcf7\ud83c\uddf2\ud83c\uddfd<\/p>\n<p><a title=\"YDRAY-3 [FICOMICS BUAP 2025] Complejo Cultural Universitario BUAP los d\u00edas 29,30 y 31 de agosto | Im\u00e1genes Sebasti\u00e1n Salado Zer\u00f3n @seb.sz98 @PueblaExpres www.pueblaexpres.com\" href=\"https:\/\/www.flickr.com\/photos\/manitas\/54769750144\/in\/dateposted-public\/\" data-flickr-embed=\"true\"><img loading=\"lazy\" decoding=\"async\" class=\"aligncenter\" src=\"https:\/\/live.staticflickr.com\/65535\/54769750144_f93f4093c7.jpg\" alt=\"YDRAY-3 [FICOMICS BUAP 2025] Complejo Cultural Universitario BUAP los d\u00edas 29,30 y 31 de agosto | Im\u00e1genes Sebasti\u00e1n Salado Zer\u00f3n @seb.sz98 @PueblaExpres www.pueblaexpres.com\" width=\"500\" height=\"333\" \/><\/a><script async src=\"\/\/embedr.flickr.com\/assets\/client-code.js\" charset=\"utf-8\"><\/script><\/p>\n<p>#CCU #BUAP<\/p>\n<p><strong>LA OPINI\u00d3N EXPRESADA EN ESTA COLUMNA ES RESPONSABILIDAD DE QUIEN LA ESCRIBE Y NO BUSCA GENERAR CONFLICTOS ENTRE LOS INVOLUCRADOS, SINO GENERAR CONCIENCIA EN CADA LECTOR.<\/strong><\/p>\n","protected":false},"excerpt":{"rendered":"<p>Redacci\u00f3n | Fotograf\u00edas Sebasti\u00e1n Salado Zer\u00f3n @seb.sz98 \/ Manuel Vela @Mv_ManuelVela | #PueblaExpres @PueblaExpres \ud83d\udea8\ud83d\udea8 FICOMICS \ud83d\udcd6 \ud83d\udea8\ud83d\udea8 Evento organizado por la Direcci\u00f3n General de Bibliotecas de la BUAP, surge por el inter\u00e9s de fomentar la lectura a trav\u00e9s del comic. La Biblioteca Central Universitaria BUAP, es sede de la primer Comicteca de M\u00e9xico, que [&hellip;]<\/p>\n","protected":false},"author":2,"featured_media":14186,"comment_status":"open","ping_status":"open","sticky":false,"template":"","format":"standard","meta":{"footnotes":""},"categories":[8,42,166,79,170,36,171,1,7],"tags":[],"_links":{"self":[{"href":"https:\/\/pueblaexpres.com\/portal\/index.php?rest_route=\/wp\/v2\/posts\/14185"}],"collection":[{"href":"https:\/\/pueblaexpres.com\/portal\/index.php?rest_route=\/wp\/v2\/posts"}],"about":[{"href":"https:\/\/pueblaexpres.com\/portal\/index.php?rest_route=\/wp\/v2\/types\/post"}],"author":[{"embeddable":true,"href":"https:\/\/pueblaexpres.com\/portal\/index.php?rest_route=\/wp\/v2\/users\/2"}],"replies":[{"embeddable":true,"href":"https:\/\/pueblaexpres.com\/portal\/index.php?rest_route=%2Fwp%2Fv2%2Fcomments&post=14185"}],"version-history":[{"count":1,"href":"https:\/\/pueblaexpres.com\/portal\/index.php?rest_route=\/wp\/v2\/posts\/14185\/revisions"}],"predecessor-version":[{"id":14187,"href":"https:\/\/pueblaexpres.com\/portal\/index.php?rest_route=\/wp\/v2\/posts\/14185\/revisions\/14187"}],"wp:featuredmedia":[{"embeddable":true,"href":"https:\/\/pueblaexpres.com\/portal\/index.php?rest_route=\/wp\/v2\/media\/14186"}],"wp:attachment":[{"href":"https:\/\/pueblaexpres.com\/portal\/index.php?rest_route=%2Fwp%2Fv2%2Fmedia&parent=14185"}],"wp:term":[{"taxonomy":"category","embeddable":true,"href":"https:\/\/pueblaexpres.com\/portal\/index.php?rest_route=%2Fwp%2Fv2%2Fcategories&post=14185"},{"taxonomy":"post_tag","embeddable":true,"href":"https:\/\/pueblaexpres.com\/portal\/index.php?rest_route=%2Fwp%2Fv2%2Ftags&post=14185"}],"curies":[{"name":"wp","href":"https:\/\/api.w.org\/{rel}","templated":true}]}}