{"id":14087,"date":"2025-05-06T20:22:24","date_gmt":"2025-05-07T02:22:24","guid":{"rendered":"https:\/\/pueblaexpres.com\/portal\/?p=14087"},"modified":"2025-05-08T20:26:23","modified_gmt":"2025-05-09T02:26:23","slug":"espectaculos-reik-feria-de-puebla-2025-presentacion-en-el-teatro-del-pueblo","status":"publish","type":"post","link":"https:\/\/pueblaexpres.com\/portal\/?p=14087","title":{"rendered":"[ESPECT\u00c1CULOS] Reik | Feria De Puebla 2025 presentaci\u00f3n en el Teatro Del Pueblo"},"content":{"rendered":"<div name=\"googleone_share_1\" style=\"position:relative;z-index:5;float: right; margin-left: 10px;\"><g:plusone size=\"tall\" count=\"1\" href=\"https:\/\/pueblaexpres.com\/portal\/?p=14087\"><\/g:plusone><\/div><p><a href=\"https:\/\/pueblaexpres.com\/portal\/wp-content\/uploads\/2025\/05\/YDRAY-IMG_20250506_224048.jpg\"><img loading=\"lazy\" decoding=\"async\" class=\"wp-image-14088 aligncenter\" src=\"https:\/\/pueblaexpres.com\/portal\/wp-content\/uploads\/2025\/05\/YDRAY-IMG_20250506_224048.jpg\" alt=\"\" width=\"501\" height=\"334\" srcset=\"https:\/\/pueblaexpres.com\/portal\/wp-content\/uploads\/2025\/05\/YDRAY-IMG_20250506_224048.jpg 800w, https:\/\/pueblaexpres.com\/portal\/wp-content\/uploads\/2025\/05\/YDRAY-IMG_20250506_224048-300x200.jpg 300w, https:\/\/pueblaexpres.com\/portal\/wp-content\/uploads\/2025\/05\/YDRAY-IMG_20250506_224048-768x512.jpg 768w, https:\/\/pueblaexpres.com\/portal\/wp-content\/uploads\/2025\/05\/YDRAY-IMG_20250506_224048-640x426.jpg 640w\" sizes=\"(max-width: 501px) 100vw, 501px\" \/><\/a><\/p>\n<p><strong>Redacci\u00f3n | Fotograf\u00edas Mara Gonz\u00e1lez @maragonzalez_13 \/ Manuel Vela @Mv_ManuelVela | #PueblaExpres @PueblaExpres<\/strong><\/p>\n<p>#FeriaDePuebla2025 presentaci\u00f3n Reik en el #TeatroDelPueblo<\/p>\n<p>Una noche de nostalgia se vivi\u00f3 en el Teatro del Pueblo con la presentaci\u00f3n de Reik, debido a que la banda interpret\u00f3 canciones que se han vuelto entra\u00f1ables para sus fans.<\/p>\n<p><a title=\"_0001 [ESPECT\u00c1CULOS] Reik | Feria De Puebla 2025 presentaci\u00f3n en el Teatro Del Pueblo | Im\u00e1genes Mara Gonz\u00e1lez @maragonzalez_13 @PueblaExpres www.pueblaexpres.com\" href=\"https:\/\/www.flickr.com\/photos\/manitas\/54506978385\/in\/album-72177720325995083\" data-flickr-embed=\"true\"><img loading=\"lazy\" decoding=\"async\" class=\"aligncenter\" src=\"https:\/\/live.staticflickr.com\/65535\/54506978385_f7a25dce6b.jpg\" alt=\"_0001 [ESPECT\u00c1CULOS] Reik | Feria De Puebla 2025 presentaci\u00f3n en el Teatro Del Pueblo | Im\u00e1genes Mara Gonz\u00e1lez @maragonzalez_13 @PueblaExpres www.pueblaexpres.com\" width=\"500\" height=\"333\" \/><\/a><script async src=\"\/\/embedr.flickr.com\/assets\/client-code.js\" charset=\"utf-8\"><\/script><\/p>\n<p>El Foro Art\u00edstico de la Feria de Puebla 2025, fue el punto de encuentro donde m\u00e1s de 45 mil asistentes durante hora y media de los grandes \u00e9xitos de la banda.<\/p>\n<p>Con las canciones &#8220;Baja California&#8221;, &#8220;Panorama&#8221; y &#8220;El Correcto&#8221; sencillos que forman parte de su nuevo \u00e1lbum, con los que dieron por iniciada su presentaci\u00f3n.<\/p>\n<p><a title=\"_0001 [ESPECT\u00c1CULOS] Reik | Feria De Puebla 2025 presentaci\u00f3n en el Teatro Del Pueblo | Im\u00e1genes Mara Gonz\u00e1lez @maragonzalez_13 @PueblaExpres www.pueblaexpres.com\" href=\"https:\/\/www.flickr.com\/photos\/manitas\/54506896358\/in\/album-72177720325995083\" data-flickr-embed=\"true\"><img loading=\"lazy\" decoding=\"async\" class=\"aligncenter\" src=\"https:\/\/live.staticflickr.com\/65535\/54506896358_dfdaecb0f5.jpg\" alt=\"_0001 [ESPECT\u00c1CULOS] Reik | Feria De Puebla 2025 presentaci\u00f3n en el Teatro Del Pueblo | Im\u00e1genes Mara Gonz\u00e1lez @maragonzalez_13 @PueblaExpres www.pueblaexpres.com\" width=\"500\" height=\"333\" \/><\/a><script async src=\"\/\/embedr.flickr.com\/assets\/client-code.js\" charset=\"utf-8\"><\/script><\/p>\n<p>\u201cHola Puebla, tenemos mucha m\u00fasica nueva que compartir con ustedes, m\u00fasica nueva, m\u00fasica vieja, poquito de todo, la idea es entretenerlos un rato pasarla bien y disfrutar y ojal\u00e1 logremos nuestro objetivo, nosotros somos Reik\u201d expres\u00f3 el vocalista Jes\u00fas Navarro.<!--more--><\/p>\n<p>Asimismo, presentaron sus grandes \u00e9xitos como \u201cYa me enter\u00e9\u201d, \u201cNoviembre sin ti\u201d, \u201cTu mirada\u201d, \u201cInolvidable\u201d que fueron coreados por el p\u00fablico poblano.<\/p>\n<p><a title=\"_0001 [ESPECT\u00c1CULOS] Reik | Feria De Puebla 2025 presentaci\u00f3n en el Teatro Del Pueblo | Im\u00e1genes Mara Gonz\u00e1lez @maragonzalez_13 @PueblaExpres www.pueblaexpres.com\" href=\"https:\/\/www.flickr.com\/photos\/manitas\/54506814249\/in\/album-72177720325995083\" data-flickr-embed=\"true\"><img loading=\"lazy\" decoding=\"async\" class=\"aligncenter\" src=\"https:\/\/live.staticflickr.com\/65535\/54506814249_2276e93506.jpg\" alt=\"_0001 [ESPECT\u00c1CULOS] Reik | Feria De Puebla 2025 presentaci\u00f3n en el Teatro Del Pueblo | Im\u00e1genes Mara Gonz\u00e1lez @maragonzalez_13 @PueblaExpres www.pueblaexpres.com\" width=\"500\" height=\"333\" \/><\/a><script async src=\"\/\/embedr.flickr.com\/assets\/client-code.js\" charset=\"utf-8\"><\/script><\/p>\n<p>Al repertorio tambi\u00e9n se sumaron canciones en las que han colaborado con artistas de talla internacional, como Sebasti\u00e1n Yatra con el sencillo \u201cUn a\u00f1o\u201d, o con los colombianos Morat \u201cLa bella y la bestia\u201d, Ricky Martin \u201cA veces bien y a veces mal\u201d, \u201cMe Niego\u201d ft. Ozuna, Wisin y \u201cSi me dices que s\u00ed\u201d con Camilo.<\/p>\n<p>Durante esta noche no pudieron faltar canciones como \u201cTe fuiste de aqu\u00ed\u201d, \u201cMe duele amarte\u201d, \u201cQue gano olvid\u00e1ndote\u201d, \u00e9xito tras \u00e9xito son\u00f3 en la Feria.<\/p>\n<p><a title=\"_0001 [ESPECT\u00c1CULOS] Reik | Feria De Puebla 2025 presentaci\u00f3n en el Teatro Del Pueblo | Im\u00e1genes Mara Gonz\u00e1lez @maragonzalez_13 @PueblaExpres www.pueblaexpres.com\" href=\"https:\/\/www.flickr.com\/photos\/manitas\/54506628121\/in\/album-72177720325995083\" data-flickr-embed=\"true\"><img loading=\"lazy\" decoding=\"async\" class=\"aligncenter\" src=\"https:\/\/live.staticflickr.com\/65535\/54506628121_d921f20978.jpg\" alt=\"_0001 [ESPECT\u00c1CULOS] Reik | Feria De Puebla 2025 presentaci\u00f3n en el Teatro Del Pueblo | Im\u00e1genes Mara Gonz\u00e1lez @maragonzalez_13 @PueblaExpres www.pueblaexpres.com\" width=\"500\" height=\"333\" \/><\/a><script async src=\"\/\/embedr.flickr.com\/assets\/client-code.js\" charset=\"utf-8\"><\/script><\/p>\n<p>Para el cierre de la presentaci\u00f3n la banda eligi\u00f3 grandes \u00e9xitos que los hizo un referente de los 2000 \u201cQue vida la m\u00eda\u201d, \u201cYa me enter\u00e9\u201d, \u201cCreo en ti\u201d, \u201cIndeciso\u201d, \u201cAmigos con derechos\u201d, y terminaron la velada con las notas de \u201cYo quisiera\u201d.<\/p>\n<p>Centro Expositor y de Convenciones Puebla ubicado en la Unidad C\u00edvica 5 de Mayo en la zona de Los Fuertes de Loreto y Guadalupe.<\/p>\n<p><a title=\"_0001 [ESPECT\u00c1CULOS] Reik | Feria De Puebla 2025 presentaci\u00f3n en el Teatro Del Pueblo | Im\u00e1genes Mara Gonz\u00e1lez @maragonzalez_13 @PueblaExpres www.pueblaexpres.com\" href=\"https:\/\/www.flickr.com\/photos\/manitas\/54506814274\/in\/album-72177720325995083\" data-flickr-embed=\"true\"><img loading=\"lazy\" decoding=\"async\" class=\"aligncenter\" src=\"https:\/\/live.staticflickr.com\/65535\/54506814274_e987998461.jpg\" alt=\"_0001 [ESPECT\u00c1CULOS] Reik | Feria De Puebla 2025 presentaci\u00f3n en el Teatro Del Pueblo | Im\u00e1genes Mara Gonz\u00e1lez @maragonzalez_13 @PueblaExpres www.pueblaexpres.com\" width=\"500\" height=\"333\" \/><\/a><script async src=\"\/\/embedr.flickr.com\/assets\/client-code.js\" charset=\"utf-8\"><\/script><\/p>\n<p>@reikmx<\/p>\n<p>#PueblaExpres \ud83c\uddf2\ud83c\uddfd\ud83d\udcf7<br \/>\nIm\u00e1genes @maragonzalez13<br \/>\nAgencia Fotogr\u00e1fica Puebla Expres<\/p>\n<p><strong>LA OPINI\u00d3N EXPRESADA EN ESTA COLUMNA ES RESPONSABILIDAD DE QUIEN LA ESCRIBE Y NO BUSCA GENERAR CONFLICTOS ENTRE LOS INVOLUCRADOS, SINO GENERAR CONCIENCIA EN CADA LECTOR.<\/strong><\/p>\n","protected":false},"excerpt":{"rendered":"<p>Redacci\u00f3n | Fotograf\u00edas Mara Gonz\u00e1lez @maragonzalez_13 \/ Manuel Vela @Mv_ManuelVela | #PueblaExpres @PueblaExpres #FeriaDePuebla2025 presentaci\u00f3n Reik en el #TeatroDelPueblo Una noche de nostalgia se vivi\u00f3 en el Teatro del Pueblo con la presentaci\u00f3n de Reik, debido a que la banda interpret\u00f3 canciones que se han vuelto entra\u00f1ables para sus fans. El Foro Art\u00edstico de la [&hellip;]<\/p>\n","protected":false},"author":2,"featured_media":14088,"comment_status":"open","ping_status":"open","sticky":false,"template":"","format":"standard","meta":{"footnotes":""},"categories":[8,42,166,170,36,171,1,7],"tags":[],"_links":{"self":[{"href":"https:\/\/pueblaexpres.com\/portal\/index.php?rest_route=\/wp\/v2\/posts\/14087"}],"collection":[{"href":"https:\/\/pueblaexpres.com\/portal\/index.php?rest_route=\/wp\/v2\/posts"}],"about":[{"href":"https:\/\/pueblaexpres.com\/portal\/index.php?rest_route=\/wp\/v2\/types\/post"}],"author":[{"embeddable":true,"href":"https:\/\/pueblaexpres.com\/portal\/index.php?rest_route=\/wp\/v2\/users\/2"}],"replies":[{"embeddable":true,"href":"https:\/\/pueblaexpres.com\/portal\/index.php?rest_route=%2Fwp%2Fv2%2Fcomments&post=14087"}],"version-history":[{"count":1,"href":"https:\/\/pueblaexpres.com\/portal\/index.php?rest_route=\/wp\/v2\/posts\/14087\/revisions"}],"predecessor-version":[{"id":14089,"href":"https:\/\/pueblaexpres.com\/portal\/index.php?rest_route=\/wp\/v2\/posts\/14087\/revisions\/14089"}],"wp:featuredmedia":[{"embeddable":true,"href":"https:\/\/pueblaexpres.com\/portal\/index.php?rest_route=\/wp\/v2\/media\/14088"}],"wp:attachment":[{"href":"https:\/\/pueblaexpres.com\/portal\/index.php?rest_route=%2Fwp%2Fv2%2Fmedia&parent=14087"}],"wp:term":[{"taxonomy":"category","embeddable":true,"href":"https:\/\/pueblaexpres.com\/portal\/index.php?rest_route=%2Fwp%2Fv2%2Fcategories&post=14087"},{"taxonomy":"post_tag","embeddable":true,"href":"https:\/\/pueblaexpres.com\/portal\/index.php?rest_route=%2Fwp%2Fv2%2Ftags&post=14087"}],"curies":[{"name":"wp","href":"https:\/\/api.w.org\/{rel}","templated":true}]}}