{"id":14081,"date":"2025-05-05T12:26:23","date_gmt":"2025-05-05T18:26:23","guid":{"rendered":"https:\/\/pueblaexpres.com\/portal\/?p=14081"},"modified":"2025-05-08T12:31:44","modified_gmt":"2025-05-08T18:31:44","slug":"desfile-civico-militar-conmemorativo-a-la-batalla-de-puebla-mausoleo-al-general-ignacio-zaragoza-unidad-civica-5-de-mayo-en-la-zona-de-los-fuertes-de-loreto-y-guadalupe","status":"publish","type":"post","link":"https:\/\/pueblaexpres.com\/portal\/?p=14081","title":{"rendered":"Desfile C\u00edvico-Militar conmemorativo a la Batalla de Puebla | Mausoleo al General Ignacio Zaragoza | Unidad C\u00edvica 5 de Mayo en la zona de Los Fuertes de Loreto y Guadalupe"},"content":{"rendered":"<div name=\"googleone_share_1\" style=\"position:relative;z-index:5;float: right; margin-left: 10px;\"><g:plusone size=\"tall\" count=\"1\" href=\"https:\/\/pueblaexpres.com\/portal\/?p=14081\"><\/g:plusone><\/div><p><a href=\"https:\/\/pueblaexpres.com\/portal\/wp-content\/uploads\/2025\/05\/YDRAY-IMG_20250505_125027.jpg\"><img loading=\"lazy\" decoding=\"async\" class=\"wp-image-14082 aligncenter\" src=\"https:\/\/pueblaexpres.com\/portal\/wp-content\/uploads\/2025\/05\/YDRAY-IMG_20250505_125027.jpg\" alt=\"\" width=\"503\" height=\"335\" srcset=\"https:\/\/pueblaexpres.com\/portal\/wp-content\/uploads\/2025\/05\/YDRAY-IMG_20250505_125027.jpg 800w, https:\/\/pueblaexpres.com\/portal\/wp-content\/uploads\/2025\/05\/YDRAY-IMG_20250505_125027-300x200.jpg 300w, https:\/\/pueblaexpres.com\/portal\/wp-content\/uploads\/2025\/05\/YDRAY-IMG_20250505_125027-768x512.jpg 768w, https:\/\/pueblaexpres.com\/portal\/wp-content\/uploads\/2025\/05\/YDRAY-IMG_20250505_125027-640x426.jpg 640w\" sizes=\"(max-width: 503px) 100vw, 503px\" \/><\/a><\/p>\n<p><strong>Redacci\u00f3n | Fotograf\u00edas Mara Gonz\u00e1lez @maragonzalez_13 \/ Sebasti\u00e1n Salado Zer\u00f3n @seb.sz98 \/ Manuel Vela @Mv_ManuelVela | #PueblaExpres @PueblaExpres<\/strong><\/p>\n<p>Desfile C\u00edvico-Militar conmemorativo a la Batalla de Puebla.<\/p>\n<p>El 5 de mayo de 1862, el Ej\u00e9rcito de Oriente, comandado por el joven General Ignacio Zaragoza, derrot\u00f3 a las tropas invasoras de Napole\u00f3n III. La Batalla de Puebla representa uno de los episodios m\u00e1s gloriosos de nuestra historia.<\/p>\n<p><a title=\"_0001 Desfile C\u00edvico-Militar conmemorativo a la Batalla de Puebla | Mausoleo al General Ignacio Zaragoza | Unidad C\u00edvica 5 de Mayo en la zona de Los Fuertes de Loreto y Guadalupe| Im\u00e1genes @maragonzalez_13 \/ @seb.sz98 @PueblaExpres www.pueblaexpres.com\" href=\"https:\/\/www.flickr.com\/photos\/manitas\/54506218895\/in\/album-72177720325987188\" data-flickr-embed=\"true\"><img loading=\"lazy\" decoding=\"async\" class=\"aligncenter\" src=\"https:\/\/live.staticflickr.com\/65535\/54506218895_f19e123f97.jpg\" alt=\"_0001 Desfile C\u00edvico-Militar conmemorativo a la Batalla de Puebla | Mausoleo al General Ignacio Zaragoza | Unidad C\u00edvica 5 de Mayo en la zona de Los Fuertes de Loreto y Guadalupe| Im\u00e1genes @maragonzalez_13 \/ @seb.sz98 @PueblaExpres www.pueblaexpres.com\" width=\"500\" height=\"333\" \/><\/a><script async src=\"\/\/embedr.flickr.com\/assets\/client-code.js\" charset=\"utf-8\"><\/script><\/p>\n<p>Fue en Puebla donde mexicanos valientes vencieron a la fuerza militar mejor organizada en aquella \u00e9poca y la m\u00e1s poderosa del mundo. Con esa lecci\u00f3n de orgullo, valent\u00eda y dignidad, las armas nacionales se cubrieron de gloria.<\/p>\n<p>El 26 de abril, el general Lorencez escribi\u00f3 al ministro de Guerra de Francia que los franceses ten\u00edan \u201csuperioridad de raza, de organizaci\u00f3n, de disciplina, moralidad y elevaci\u00f3n de sentimientos\u201d. Ped\u00eda que le informaran al emperador, Napole\u00f3n III, que con 6 mil soldados ya era el \u201cdue\u00f1o de M\u00e9xico\u201d. La gloriosa Batalla de Puebla dio comienzo en la ma\u00f1ana del 5 de mayo. Fue una epopeya que dur\u00f3 hasta el anochecer.<!--more--><\/p>\n<p><a title=\"_0001 Desfile C\u00edvico-Militar conmemorativo a la Batalla de Puebla | Mausoleo al General Ignacio Zaragoza | Unidad C\u00edvica 5 de Mayo en la zona de Los Fuertes de Loreto y Guadalupe| Im\u00e1genes @maragonzalez_13 \/ @seb.sz98 @PueblaExpres www.pueblaexpres.com\" href=\"https:\/\/www.flickr.com\/photos\/manitas\/54506218845\/in\/album-72177720325987188\" data-flickr-embed=\"true\"><img loading=\"lazy\" decoding=\"async\" class=\"aligncenter\" src=\"https:\/\/live.staticflickr.com\/65535\/54506218845_61624b968c.jpg\" alt=\"_0001 Desfile C\u00edvico-Militar conmemorativo a la Batalla de Puebla | Mausoleo al General Ignacio Zaragoza | Unidad C\u00edvica 5 de Mayo en la zona de Los Fuertes de Loreto y Guadalupe| Im\u00e1genes @maragonzalez_13 \/ @seb.sz98 @PueblaExpres www.pueblaexpres.com\" width=\"500\" height=\"333\" \/><\/a><script async src=\"\/\/embedr.flickr.com\/assets\/client-code.js\" charset=\"utf-8\"><\/script><\/p>\n<p>La Gesta de Puebla nos recuerda, precisamente, la importancia que tiene la soberan\u00eda para una Naci\u00f3n, como principio que la une y le da identidad.<\/p>\n<p><strong>Mientras tanto en la ciudad de Puebla.<\/strong><\/p>\n<p>Por primera vez en la historia, la primera mujer presidenta de M\u00e9xico, Claudia Sheinbaum, encabez\u00f3 el Desfile C\u00edvico-Militar conmemorativo a la Batalla de Puebla del 5 de Mayo de 1862. En uno de los eventos m\u00e1s representativos del pa\u00eds, desde el Mausoleo del General Ignacio Zaragoza, la titular del ejecutivo federal estuvo acompa\u00f1ada por las y los integrantes de su gabinete federal legal y parte del ampliado.<\/p>\n<p><a title=\"_0001 Desfile C\u00edvico-Militar conmemorativo a la Batalla de Puebla | Mausoleo al General Ignacio Zaragoza | Unidad C\u00edvica 5 de Mayo en la zona de Los Fuertes de Loreto y Guadalupe| Im\u00e1genes @maragonzalez_13 \/ @seb.sz98 @PueblaExpres www.pueblaexpres.com\" href=\"https:\/\/www.flickr.com\/photos\/manitas\/54506218830\/in\/album-72177720325987188\" data-flickr-embed=\"true\"><img loading=\"lazy\" decoding=\"async\" class=\"aligncenter\" src=\"https:\/\/live.staticflickr.com\/65535\/54506218830_a9133e3046.jpg\" alt=\"_0001 Desfile C\u00edvico-Militar conmemorativo a la Batalla de Puebla | Mausoleo al General Ignacio Zaragoza | Unidad C\u00edvica 5 de Mayo en la zona de Los Fuertes de Loreto y Guadalupe| Im\u00e1genes @maragonzalez_13 \/ @seb.sz98 @PueblaExpres www.pueblaexpres.com\" width=\"500\" height=\"333\" \/><\/a><script async src=\"\/\/embedr.flickr.com\/assets\/client-code.js\" charset=\"utf-8\"><\/script><\/p>\n<p>En un hecho sin precedentes, la titular del ejecutivo federal, y funcionarios del Gobierno de M\u00e9xico, compartieron el pres\u00eddium con autoridades locales y el gobernador de Puebla, Alejandro Armenta, lo anterior en un momento de la historia de M\u00e9xico que marc\u00f3 la vida de las y los mexicanos, el cual hoy es ejemplo de unidad y defensa de la soberan\u00eda nacional para las presentes y futuras generaciones.<\/p>\n<p>Como parte de la comitiva federal encabezada por la presidenta de la Rep\u00fablica, Claudia Sheinbaum, asistieron la secretaria de Gobernaci\u00f3n, Rosa \u00cdcela Rodr\u00edguez; el presidente de la Mesa Directiva de la C\u00e1mara de Diputados, Sergio Guti\u00e9rrez Luna; el presidenta de la Mesa Directiva de la C\u00e1mara de Senadores, Gerardo Fern\u00e1ndez Noro\u00f1a; el General Ricardo Trevilla Trejo, secretario de la Defensa Nacional, Fuerza A\u00e9rea y Guardia Nacional; el Almirante Raymundo Pedro Morales \u00c1ngeles, secretario de Marina.<\/p>\n<p><a title=\"_0001 Desfile C\u00edvico-Militar conmemorativo a la Batalla de Puebla | Mausoleo al General Ignacio Zaragoza | Unidad C\u00edvica 5 de Mayo en la zona de Los Fuertes de Loreto y Guadalupe| Im\u00e1genes @maragonzalez_13 \/ @seb.sz98 @PueblaExpres www.pueblaexpres.com\" href=\"https:\/\/www.flickr.com\/photos\/manitas\/54505863691\/in\/album-72177720325987188\" data-flickr-embed=\"true\"><img loading=\"lazy\" decoding=\"async\" class=\"aligncenter\" src=\"https:\/\/live.staticflickr.com\/65535\/54505863691_7d173b23d3.jpg\" alt=\"_0001 Desfile C\u00edvico-Militar conmemorativo a la Batalla de Puebla | Mausoleo al General Ignacio Zaragoza | Unidad C\u00edvica 5 de Mayo en la zona de Los Fuertes de Loreto y Guadalupe| Im\u00e1genes @maragonzalez_13 \/ @seb.sz98 @PueblaExpres www.pueblaexpres.com\" width=\"500\" height=\"333\" \/><\/a><script async src=\"\/\/embedr.flickr.com\/assets\/client-code.js\" charset=\"utf-8\"><\/script><\/p>\n<p>Tambi\u00e9n estuvieron presentes la Jefa de Gobierno de la Ciudad de M\u00e9xico, Clara Brugada; el secretario de Seguridad y Protecci\u00f3n Ciudadana, Omar Garc\u00eda Harfuch; el secretario de Hacienda y Cr\u00e9dito P\u00fablico, Edgar Amador Zamora; la secretaria de Anticorrupci\u00f3n y Buen Gobierno, Raquel Buenrostro S\u00e1nchez; la secretaria de Energ\u00eda, Luz Elena Gonz\u00e1lez; la secretaria de Bienestar, Ariadna Montiel; as\u00ed como Jes\u00fas Esteva Medina, secretario de Infraestructura, Comunicaciones y Transportes.<\/p>\n<p>De igual forma acudieron a la Conmemoraci\u00f3n de la Batalla de Puebla, el secretario de Econom\u00eda, Marcelo Ebrard; el secretario de Educaci\u00f3n P\u00fablica, Mario Delgado; el secretario de Salud, David Kershenovich; la secretaria de Desarrollo Agrario, Territorial y Urbano, Edna Elena Vega Rangel; la secretaria de Turismo, Josefina Rodr\u00edguez Zamora; la secretaria de las Mujeres, Citlalli Hern\u00e1ndez; la secretaria de Medio Ambiente y Recursos Naturales, Alicia B\u00e1rcena; el director del IMSS-Bienestar, Alejandro Svarch; el director del ISSSTE, Mart\u00ed Batres; el director del Fondo de Cultura Econ\u00f3mica, Paco Ignacio Taibo II; as\u00ed como el director del Instituto Nacional de Migraci\u00f3n, Sergio Salom\u00f3n C\u00e9spedes; el director del Infonavit, Octavio Romero Oropeza y la directora de la Comisi\u00f3n Federal de Electricidad, Emilia Esther Calleja.<\/p>\n<p><a title=\"_0001 Desfile C\u00edvico-Militar conmemorativo a la Batalla de Puebla | Mausoleo al General Ignacio Zaragoza | Unidad C\u00edvica 5 de Mayo en la zona de Los Fuertes de Loreto y Guadalupe| Im\u00e1genes @maragonzalez_13 \/ @seb.sz98 @PueblaExpres www.pueblaexpres.com\" href=\"https:\/\/www.flickr.com\/photos\/manitas\/54505001082\/in\/album-72177720325987188\" data-flickr-embed=\"true\"><img loading=\"lazy\" decoding=\"async\" class=\"aligncenter\" src=\"https:\/\/live.staticflickr.com\/65535\/54505001082_f7cfe4bbde.jpg\" alt=\"_0001 Desfile C\u00edvico-Militar conmemorativo a la Batalla de Puebla | Mausoleo al General Ignacio Zaragoza | Unidad C\u00edvica 5 de Mayo en la zona de Los Fuertes de Loreto y Guadalupe| Im\u00e1genes @maragonzalez_13 \/ @seb.sz98 @PueblaExpres www.pueblaexpres.com\" width=\"500\" height=\"333\" \/><\/a><script async src=\"\/\/embedr.flickr.com\/assets\/client-code.js\" charset=\"utf-8\"><\/script><\/p>\n<p>Diputados federales poblanos tambi\u00e9n asistieron a la Conmemoraci\u00f3n de la Batalla del 5 de Mayo, como Nora Escamilla, Rosario Orozco, Juan Antonio Gonz\u00e1lez, Jos\u00e9 Antonio Gali, Vianey Garc\u00eda, Gissel Santander, Mar\u00eda de los \u00c1ngeles Ballesteros, Alejandro Carvajal, Maiella G\u00f3mez, Eduardo Castillo, Carlos Ignacio Mier, Adolfo Alatriste, F\u00e1tima Almendra y Mario Miguel Carrillo.<\/p>\n<p>#PueblaExpres \ud83d\udcf7\ud83c\uddf2\ud83c\uddfd\ud83d\udcf8<br \/>\n<strong>Im\u00e1genes Mara Gonz\u00e1lez @maragonzalez13<\/strong> \ud83c\uddf2\ud83c\uddfd\ud83d\udcf7<br \/>\nAgencia Fotogr\u00e1fica Puebla Expres<\/p>\n<p><strong>LA OPINI\u00d3N EXPRESADA EN ESTA COLUMNA ES RESPONSABILIDAD DE QUIEN LA ESCRIBE Y NO BUSCA GENERAR CONFLICTOS ENTRE LOS INVOLUCRADOS, SINO GENERAR CONCIENCIA EN CADA LECTOR.<\/strong><\/p>\n","protected":false},"excerpt":{"rendered":"<p>Redacci\u00f3n | Fotograf\u00edas Mara Gonz\u00e1lez @maragonzalez_13 \/ Sebasti\u00e1n Salado Zer\u00f3n @seb.sz98 \/ Manuel Vela @Mv_ManuelVela | #PueblaExpres @PueblaExpres Desfile C\u00edvico-Militar conmemorativo a la Batalla de Puebla. El 5 de mayo de 1862, el Ej\u00e9rcito de Oriente, comandado por el joven General Ignacio Zaragoza, derrot\u00f3 a las tropas invasoras de Napole\u00f3n III. La Batalla de Puebla [&hellip;]<\/p>\n","protected":false},"author":2,"featured_media":14082,"comment_status":"open","ping_status":"open","sticky":false,"template":"","format":"standard","meta":{"footnotes":""},"categories":[8,42,166,170,36,171,1,7],"tags":[],"_links":{"self":[{"href":"https:\/\/pueblaexpres.com\/portal\/index.php?rest_route=\/wp\/v2\/posts\/14081"}],"collection":[{"href":"https:\/\/pueblaexpres.com\/portal\/index.php?rest_route=\/wp\/v2\/posts"}],"about":[{"href":"https:\/\/pueblaexpres.com\/portal\/index.php?rest_route=\/wp\/v2\/types\/post"}],"author":[{"embeddable":true,"href":"https:\/\/pueblaexpres.com\/portal\/index.php?rest_route=\/wp\/v2\/users\/2"}],"replies":[{"embeddable":true,"href":"https:\/\/pueblaexpres.com\/portal\/index.php?rest_route=%2Fwp%2Fv2%2Fcomments&post=14081"}],"version-history":[{"count":1,"href":"https:\/\/pueblaexpres.com\/portal\/index.php?rest_route=\/wp\/v2\/posts\/14081\/revisions"}],"predecessor-version":[{"id":14083,"href":"https:\/\/pueblaexpres.com\/portal\/index.php?rest_route=\/wp\/v2\/posts\/14081\/revisions\/14083"}],"wp:featuredmedia":[{"embeddable":true,"href":"https:\/\/pueblaexpres.com\/portal\/index.php?rest_route=\/wp\/v2\/media\/14082"}],"wp:attachment":[{"href":"https:\/\/pueblaexpres.com\/portal\/index.php?rest_route=%2Fwp%2Fv2%2Fmedia&parent=14081"}],"wp:term":[{"taxonomy":"category","embeddable":true,"href":"https:\/\/pueblaexpres.com\/portal\/index.php?rest_route=%2Fwp%2Fv2%2Fcategories&post=14081"},{"taxonomy":"post_tag","embeddable":true,"href":"https:\/\/pueblaexpres.com\/portal\/index.php?rest_route=%2Fwp%2Fv2%2Ftags&post=14081"}],"curies":[{"name":"wp","href":"https:\/\/api.w.org\/{rel}","templated":true}]}}