{"id":14066,"date":"2025-05-04T20:57:57","date_gmt":"2025-05-05T02:57:57","guid":{"rendered":"https:\/\/pueblaexpres.com\/portal\/?p=14066"},"modified":"2025-05-05T21:01:04","modified_gmt":"2025-05-06T03:01:04","slug":"espectaculos-juntos-jorge-medina-y-josi-cuen-mientras-tanto-en-el-palenque-de-la-feria-de-puebla-2025","status":"publish","type":"post","link":"https:\/\/pueblaexpres.com\/portal\/?p=14066","title":{"rendered":"[ESPECT\u00c1CULOS] JUNTOS, Jorge Medina y Josi Cuen | Mientras tanto en el Palenque de la Feria de Puebla 2025"},"content":{"rendered":"<div name=\"googleone_share_1\" style=\"position:relative;z-index:5;float: right; margin-left: 10px;\"><g:plusone size=\"tall\" count=\"1\" href=\"https:\/\/pueblaexpres.com\/portal\/?p=14066\"><\/g:plusone><\/div><p><a href=\"https:\/\/pueblaexpres.com\/portal\/wp-content\/uploads\/2025\/05\/IMG_6535.jpg\"><img loading=\"lazy\" decoding=\"async\" class=\"wp-image-14067 aligncenter\" src=\"https:\/\/pueblaexpres.com\/portal\/wp-content\/uploads\/2025\/05\/IMG_6535.jpg\" alt=\"\" width=\"497\" height=\"331\" srcset=\"https:\/\/pueblaexpres.com\/portal\/wp-content\/uploads\/2025\/05\/IMG_6535.jpg 800w, https:\/\/pueblaexpres.com\/portal\/wp-content\/uploads\/2025\/05\/IMG_6535-300x200.jpg 300w, https:\/\/pueblaexpres.com\/portal\/wp-content\/uploads\/2025\/05\/IMG_6535-768x512.jpg 768w, https:\/\/pueblaexpres.com\/portal\/wp-content\/uploads\/2025\/05\/IMG_6535-640x426.jpg 640w\" sizes=\"(max-width: 497px) 100vw, 497px\" \/><\/a><\/p>\n<p><strong>Redacci\u00f3n | Fotograf\u00edas Diego Alducin @d_alducin @dat_photos \/ Manuel Vela @Mv_ManuelVela | #PueblaExpres @PueblaExpres<\/strong><\/p>\n<p>Mientras tanto en el Palenque de la Feria de Puebla 2025<\/p>\n<p><a title=\"IMG_6515 [ESPECT\u00c1CULOS] JUNTOS, Jorge Medina y Josi Cuen | Mientras tanto en el Palenque de la Feria de Puebla 2025 | Im\u00e1genes Diego Alducin @d_alducin @dat_photos @PueblaExpres www.pueblaexpres.com\" href=\"https:\/\/www.flickr.com\/photos\/manitas\/54500133096\/in\/album-72177720325904366\" data-flickr-embed=\"true\"><img loading=\"lazy\" decoding=\"async\" class=\"aligncenter\" src=\"https:\/\/live.staticflickr.com\/65535\/54500133096_0b05cc41d9.jpg\" alt=\"IMG_6515 [ESPECT\u00c1CULOS] JUNTOS, Jorge Medina y Josi Cuen | Mientras tanto en el Palenque de la Feria de Puebla 2025 | Im\u00e1genes Diego Alducin @d_alducin @dat_photos @PueblaExpres www.pueblaexpres.com\" width=\"500\" height=\"333\" \/><\/a><script async src=\"\/\/embedr.flickr.com\/assets\/client-code.js\" charset=\"utf-8\"><\/script><\/p>\n<p>Con un palenque completamente lleno JUNTOS, Jorge Medina y Josi Cuen conquistaron al p\u00fablico de la Feria de Puebla 2025 con una noche llena de m\u00fasica, emociones y grandes \u00e9xitos.<\/p>\n<p>Centro Expositor y de Convenciones Puebla ubicado en la Unidad C\u00edvica 5 de Mayo en la zona de Los Fuertes de Loreto y Guadalupe.<!--more--><\/p>\n<p><a title=\"IMG_6520 [ESPECT\u00c1CULOS] JUNTOS, Jorge Medina y Josi Cuen | Mientras tanto en el Palenque de la Feria de Puebla 2025 | Im\u00e1genes Diego Alducin @d_alducin @dat_photos @PueblaExpres www.pueblaexpres.com\" href=\"https:\/\/www.flickr.com\/photos\/manitas\/54500481740\/in\/album-72177720325904366\" data-flickr-embed=\"true\"><img loading=\"lazy\" decoding=\"async\" class=\"aligncenter\" src=\"https:\/\/live.staticflickr.com\/65535\/54500481740_b1f7d0a5d3.jpg\" alt=\"IMG_6520 [ESPECT\u00c1CULOS] JUNTOS, Jorge Medina y Josi Cuen | Mientras tanto en el Palenque de la Feria de Puebla 2025 | Im\u00e1genes Diego Alducin @d_alducin @dat_photos @PueblaExpres www.pueblaexpres.com\" width=\"500\" height=\"333\" \/><\/a><script async src=\"\/\/embedr.flickr.com\/assets\/client-code.js\" charset=\"utf-8\"><\/script><\/p>\n<p>@jorgeyjosijuntoshmo<br \/>\n@j_medina37<br \/>\n@josicuenoficial<\/p>\n<p><a title=\"IMG_6534 [ESPECT\u00c1CULOS] JUNTOS, Jorge Medina y Josi Cuen | Mientras tanto en el Palenque de la Feria de Puebla 2025 | Im\u00e1genes Diego Alducin @d_alducin @dat_photos @PueblaExpres www.pueblaexpres.com\" href=\"https:\/\/www.flickr.com\/photos\/manitas\/54499265437\/in\/album-72177720325904366\" data-flickr-embed=\"true\"><img loading=\"lazy\" decoding=\"async\" class=\"aligncenter\" src=\"https:\/\/live.staticflickr.com\/65535\/54499265437_d3f725a3b2.jpg\" alt=\"IMG_6534 [ESPECT\u00c1CULOS] JUNTOS, Jorge Medina y Josi Cuen | Mientras tanto en el Palenque de la Feria de Puebla 2025 | Im\u00e1genes Diego Alducin @d_alducin @dat_photos @PueblaExpres www.pueblaexpres.com\" width=\"500\" height=\"333\" \/><\/a><script async src=\"\/\/embedr.flickr.com\/assets\/client-code.js\" charset=\"utf-8\"><\/script><\/p>\n<p>#PueblaExpres \ud83d\udcf8\ud83c\uddf2\ud83c\uddfd\ud83d\udcf7<br \/>\nIm\u00e1genes @d_alducin @dat_photos<br \/>\nAgencia Fotogr\u00e1fica Puebla Expres<\/p>\n<p><a title=\"IMG_6540 [ESPECT\u00c1CULOS] JUNTOS, Jorge Medina y Josi Cuen | Mientras tanto en el Palenque de la Feria de Puebla 2025 | Im\u00e1genes Diego Alducin @d_alducin @dat_photos @PueblaExpres www.pueblaexpres.com\" href=\"https:\/\/www.flickr.com\/photos\/manitas\/54500133046\/in\/album-72177720325904366\" data-flickr-embed=\"true\"><img loading=\"lazy\" decoding=\"async\" class=\"aligncenter\" src=\"https:\/\/live.staticflickr.com\/65535\/54500133046_39f075e589.jpg\" alt=\"IMG_6540 [ESPECT\u00c1CULOS] JUNTOS, Jorge Medina y Josi Cuen | Mientras tanto en el Palenque de la Feria de Puebla 2025 | Im\u00e1genes Diego Alducin @d_alducin @dat_photos @PueblaExpres www.pueblaexpres.com\" width=\"500\" height=\"333\" \/><\/a><script async src=\"\/\/embedr.flickr.com\/assets\/client-code.js\" charset=\"utf-8\"><\/script><\/p>\n<p><strong>LA OPINI\u00d3N EXPRESADA EN ESTA COLUMNA ES RESPONSABILIDAD DE QUIEN LA ESCRIBE Y NO BUSCA GENERAR CONFLICTOS ENTRE LOS INVOLUCRADOS, SINO GENERAR CONCIENCIA EN CADA LECTOR.<\/strong><\/p>\n","protected":false},"excerpt":{"rendered":"<p>Redacci\u00f3n | Fotograf\u00edas Diego Alducin @d_alducin @dat_photos \/ Manuel Vela @Mv_ManuelVela | #PueblaExpres @PueblaExpres Mientras tanto en el Palenque de la Feria de Puebla 2025 Con un palenque completamente lleno JUNTOS, Jorge Medina y Josi Cuen conquistaron al p\u00fablico de la Feria de Puebla 2025 con una noche llena de m\u00fasica, emociones y grandes \u00e9xitos. [&hellip;]<\/p>\n","protected":false},"author":2,"featured_media":14067,"comment_status":"open","ping_status":"open","sticky":false,"template":"","format":"standard","meta":{"footnotes":""},"categories":[8,42,166,170,36,171,1,7],"tags":[],"_links":{"self":[{"href":"https:\/\/pueblaexpres.com\/portal\/index.php?rest_route=\/wp\/v2\/posts\/14066"}],"collection":[{"href":"https:\/\/pueblaexpres.com\/portal\/index.php?rest_route=\/wp\/v2\/posts"}],"about":[{"href":"https:\/\/pueblaexpres.com\/portal\/index.php?rest_route=\/wp\/v2\/types\/post"}],"author":[{"embeddable":true,"href":"https:\/\/pueblaexpres.com\/portal\/index.php?rest_route=\/wp\/v2\/users\/2"}],"replies":[{"embeddable":true,"href":"https:\/\/pueblaexpres.com\/portal\/index.php?rest_route=%2Fwp%2Fv2%2Fcomments&post=14066"}],"version-history":[{"count":1,"href":"https:\/\/pueblaexpres.com\/portal\/index.php?rest_route=\/wp\/v2\/posts\/14066\/revisions"}],"predecessor-version":[{"id":14068,"href":"https:\/\/pueblaexpres.com\/portal\/index.php?rest_route=\/wp\/v2\/posts\/14066\/revisions\/14068"}],"wp:featuredmedia":[{"embeddable":true,"href":"https:\/\/pueblaexpres.com\/portal\/index.php?rest_route=\/wp\/v2\/media\/14067"}],"wp:attachment":[{"href":"https:\/\/pueblaexpres.com\/portal\/index.php?rest_route=%2Fwp%2Fv2%2Fmedia&parent=14066"}],"wp:term":[{"taxonomy":"category","embeddable":true,"href":"https:\/\/pueblaexpres.com\/portal\/index.php?rest_route=%2Fwp%2Fv2%2Fcategories&post=14066"},{"taxonomy":"post_tag","embeddable":true,"href":"https:\/\/pueblaexpres.com\/portal\/index.php?rest_route=%2Fwp%2Fv2%2Ftags&post=14066"}],"curies":[{"name":"wp","href":"https:\/\/api.w.org\/{rel}","templated":true}]}}