{"id":14060,"date":"2025-05-03T20:22:08","date_gmt":"2025-05-04T02:22:08","guid":{"rendered":"https:\/\/pueblaexpres.com\/portal\/?p=14060"},"modified":"2025-05-05T20:24:39","modified_gmt":"2025-05-06T02:24:39","slug":"espectaculos-eden-munoz-mientras-tanto-en-el-palenque-de-la-feria-de-puebla-2025","status":"publish","type":"post","link":"https:\/\/pueblaexpres.com\/portal\/?p=14060","title":{"rendered":"[ESPECT\u00c1CULOS] Ed\u00e9n Mu\u00f1oz | Mientras tanto en el Palenque de la Feria de Puebla 2025"},"content":{"rendered":"<div name=\"googleone_share_1\" style=\"position:relative;z-index:5;float: right; margin-left: 10px;\"><g:plusone size=\"tall\" count=\"1\" href=\"https:\/\/pueblaexpres.com\/portal\/?p=14060\"><\/g:plusone><\/div><p><a href=\"https:\/\/pueblaexpres.com\/portal\/wp-content\/uploads\/2025\/05\/IMG_6353.jpg\"><img loading=\"lazy\" decoding=\"async\" class=\"wp-image-14061 aligncenter\" src=\"https:\/\/pueblaexpres.com\/portal\/wp-content\/uploads\/2025\/05\/IMG_6353.jpg\" alt=\"\" width=\"503\" height=\"335\" srcset=\"https:\/\/pueblaexpres.com\/portal\/wp-content\/uploads\/2025\/05\/IMG_6353.jpg 800w, https:\/\/pueblaexpres.com\/portal\/wp-content\/uploads\/2025\/05\/IMG_6353-300x200.jpg 300w, https:\/\/pueblaexpres.com\/portal\/wp-content\/uploads\/2025\/05\/IMG_6353-768x512.jpg 768w, https:\/\/pueblaexpres.com\/portal\/wp-content\/uploads\/2025\/05\/IMG_6353-640x426.jpg 640w\" sizes=\"(max-width: 503px) 100vw, 503px\" \/><\/a><\/p>\n<p><strong>Redacci\u00f3n | Fotograf\u00edas Diego Alducin @d_alducin @dat_photos \/ Manuel Vela @Mv_ManuelVela | #PueblaExpres @PueblaExpres<\/strong><\/p>\n<p>Mientras tanto en el Palenque de la Feria de Puebla 2025<\/p>\n<p><a title=\"IMG_6355 [ESPECT\u00c1CULOS] Ed\u00e9n Mu\u00f1oz | Mientras tanto en el Palenque de la Feria de Puebla 2025 | Im\u00e1genes Diego Alducin @d_alducin @dat_photos @PueblaExpres www.pueblaexpres.com\" href=\"https:\/\/www.flickr.com\/photos\/manitas\/54500427585\/in\/dateposted-public\/\" data-flickr-embed=\"true\"><img loading=\"lazy\" decoding=\"async\" class=\"aligncenter\" src=\"https:\/\/live.staticflickr.com\/65535\/54500427585_48fd25987b.jpg\" alt=\"IMG_6355 [ESPECT\u00c1CULOS] Ed\u00e9n Mu\u00f1oz | Mientras tanto en el Palenque de la Feria de Puebla 2025 | Im\u00e1genes Diego Alducin @d_alducin @dat_photos @PueblaExpres www.pueblaexpres.com\" width=\"500\" height=\"333\" \/><\/a><script async src=\"\/\/embedr.flickr.com\/assets\/client-code.js\" charset=\"utf-8\"><\/script><\/p>\n<p>El exvocalista de Calibre 50, Ed\u00e9n Mu\u00f1oz, conquist\u00f3 el escenario del Palenque en la Feria 2025 con una noche llena de m\u00fasica y sentimiento.<!--more--><\/p>\n<p>Centro Expositor y de Convenciones Puebla ubicado en la Unidad C\u00edvica 5 de Mayo en la zona de Los Fuertes de Loreto y Guadalupe.<\/p>\n<p><a title=\"IMG_6346 [ESPECT\u00c1CULOS] Ed\u00e9n Mu\u00f1oz | Mientras tanto en el Palenque de la Feria de Puebla 2025 | Im\u00e1genes Diego Alducin @d_alducin @dat_photos @PueblaExpres www.pueblaexpres.com\" href=\"https:\/\/www.flickr.com\/photos\/manitas\/54500078411\/in\/dateposted-public\/\" data-flickr-embed=\"true\"><img loading=\"lazy\" decoding=\"async\" class=\"aligncenter\" src=\"https:\/\/live.staticflickr.com\/65535\/54500078411_56f9a9df42.jpg\" alt=\"IMG_6346 [ESPECT\u00c1CULOS] Ed\u00e9n Mu\u00f1oz | Mientras tanto en el Palenque de la Feria de Puebla 2025 | Im\u00e1genes Diego Alducin @d_alducin @dat_photos @PueblaExpres www.pueblaexpres.com\" width=\"500\" height=\"333\" \/><\/a><script async src=\"\/\/embedr.flickr.com\/assets\/client-code.js\" charset=\"utf-8\"><\/script><\/p>\n<p>@edenmunoz<\/p>\n<p>#PueblaExpres \ud83d\udcf8\ud83c\uddf2\ud83c\uddfd\ud83d\udcf7<br \/>\nIm\u00e1genes @d_alducin @dat_photos \ud83c\uddf2\ud83c\uddfd<br \/>\nAgencia Fotogr\u00e1fica Puebla Expres<\/p>\n<p><a title=\"IMG_6348 [ESPECT\u00c1CULOS] Ed\u00e9n Mu\u00f1oz | Mientras tanto en el Palenque de la Feria de Puebla 2025 | Im\u00e1genes Diego Alducin @d_alducin @dat_photos @PueblaExpres www.pueblaexpres.com\" href=\"https:\/\/www.flickr.com\/photos\/manitas\/54500336633\/in\/dateposted-public\/\" data-flickr-embed=\"true\"><img loading=\"lazy\" decoding=\"async\" class=\"aligncenter\" src=\"https:\/\/live.staticflickr.com\/65535\/54500336633_3637547062.jpg\" alt=\"IMG_6348 [ESPECT\u00c1CULOS] Ed\u00e9n Mu\u00f1oz | Mientras tanto en el Palenque de la Feria de Puebla 2025 | Im\u00e1genes Diego Alducin @d_alducin @dat_photos @PueblaExpres www.pueblaexpres.com\" width=\"500\" height=\"333\" \/><\/a><script async src=\"\/\/embedr.flickr.com\/assets\/client-code.js\" charset=\"utf-8\"><\/script><\/p>\n<p><strong>LA OPINI\u00d3N EXPRESADA EN ESTA COLUMNA ES RESPONSABILIDAD DE QUIEN LA ESCRIBE Y NO BUSCA GENERAR CONFLICTOS ENTRE LOS INVOLUCRADOS, SINO GENERAR CONCIENCIA EN CADA LECTOR.<\/strong><\/p>\n","protected":false},"excerpt":{"rendered":"<p>Redacci\u00f3n | Fotograf\u00edas Diego Alducin @d_alducin @dat_photos \/ Manuel Vela @Mv_ManuelVela | #PueblaExpres @PueblaExpres Mientras tanto en el Palenque de la Feria de Puebla 2025 El exvocalista de Calibre 50, Ed\u00e9n Mu\u00f1oz, conquist\u00f3 el escenario del Palenque en la Feria 2025 con una noche llena de m\u00fasica y sentimiento.<\/p>\n","protected":false},"author":2,"featured_media":14061,"comment_status":"open","ping_status":"open","sticky":false,"template":"","format":"standard","meta":{"footnotes":""},"categories":[8,42,166,170,36,171,1,7],"tags":[],"_links":{"self":[{"href":"https:\/\/pueblaexpres.com\/portal\/index.php?rest_route=\/wp\/v2\/posts\/14060"}],"collection":[{"href":"https:\/\/pueblaexpres.com\/portal\/index.php?rest_route=\/wp\/v2\/posts"}],"about":[{"href":"https:\/\/pueblaexpres.com\/portal\/index.php?rest_route=\/wp\/v2\/types\/post"}],"author":[{"embeddable":true,"href":"https:\/\/pueblaexpres.com\/portal\/index.php?rest_route=\/wp\/v2\/users\/2"}],"replies":[{"embeddable":true,"href":"https:\/\/pueblaexpres.com\/portal\/index.php?rest_route=%2Fwp%2Fv2%2Fcomments&post=14060"}],"version-history":[{"count":1,"href":"https:\/\/pueblaexpres.com\/portal\/index.php?rest_route=\/wp\/v2\/posts\/14060\/revisions"}],"predecessor-version":[{"id":14062,"href":"https:\/\/pueblaexpres.com\/portal\/index.php?rest_route=\/wp\/v2\/posts\/14060\/revisions\/14062"}],"wp:featuredmedia":[{"embeddable":true,"href":"https:\/\/pueblaexpres.com\/portal\/index.php?rest_route=\/wp\/v2\/media\/14061"}],"wp:attachment":[{"href":"https:\/\/pueblaexpres.com\/portal\/index.php?rest_route=%2Fwp%2Fv2%2Fmedia&parent=14060"}],"wp:term":[{"taxonomy":"category","embeddable":true,"href":"https:\/\/pueblaexpres.com\/portal\/index.php?rest_route=%2Fwp%2Fv2%2Fcategories&post=14060"},{"taxonomy":"post_tag","embeddable":true,"href":"https:\/\/pueblaexpres.com\/portal\/index.php?rest_route=%2Fwp%2Fv2%2Ftags&post=14060"}],"curies":[{"name":"wp","href":"https:\/\/api.w.org\/{rel}","templated":true}]}}