{"id":14057,"date":"2025-05-03T19:54:45","date_gmt":"2025-05-04T01:54:45","guid":{"rendered":"https:\/\/pueblaexpres.com\/portal\/?p=14057"},"modified":"2025-05-05T19:57:23","modified_gmt":"2025-05-06T01:57:23","slug":"espectaculos-capital-cities-feria-de-puebla-2025-presentacion-en-el-teatro-del-pueblo","status":"publish","type":"post","link":"https:\/\/pueblaexpres.com\/portal\/?p=14057","title":{"rendered":"[ESPECT\u00c1CULOS] CAPITAL CITIES | Feria De Puebla 2025 presentaci\u00f3n en el Teatro Del Pueblo"},"content":{"rendered":"<div name=\"googleone_share_1\" style=\"position:relative;z-index:5;float: right; margin-left: 10px;\"><g:plusone size=\"tall\" count=\"1\" href=\"https:\/\/pueblaexpres.com\/portal\/?p=14057\"><\/g:plusone><\/div><p><a href=\"https:\/\/pueblaexpres.com\/portal\/wp-content\/uploads\/2025\/05\/IMG_6299.jpg\"><img loading=\"lazy\" decoding=\"async\" class=\"wp-image-14058 aligncenter\" src=\"https:\/\/pueblaexpres.com\/portal\/wp-content\/uploads\/2025\/05\/IMG_6299.jpg\" alt=\"\" width=\"501\" height=\"334\" srcset=\"https:\/\/pueblaexpres.com\/portal\/wp-content\/uploads\/2025\/05\/IMG_6299.jpg 800w, https:\/\/pueblaexpres.com\/portal\/wp-content\/uploads\/2025\/05\/IMG_6299-300x200.jpg 300w, https:\/\/pueblaexpres.com\/portal\/wp-content\/uploads\/2025\/05\/IMG_6299-768x512.jpg 768w, https:\/\/pueblaexpres.com\/portal\/wp-content\/uploads\/2025\/05\/IMG_6299-640x426.jpg 640w\" sizes=\"(max-width: 501px) 100vw, 501px\" \/><\/a><\/p>\n<p><strong>Redacci\u00f3n | Fotograf\u00edas Diego Alducin @d_alducin @dat_photos \/ Manuel Vela @Mv_ManuelVela | #PueblaExpres @PueblaExpres<\/strong><\/p>\n<p>#FeriaDePuebla2025 presentaci\u00f3n &#8221; CAPITAL CITIES &#8221; en el #TeatroDelPueblo<\/p>\n<p><a title=\"IMG_6278 [ESPECT\u00c1CULOS] CAPITAL CITIES | Feria De Puebla 2025 presentaci\u00f3n en el Teatro Del Pueblo | Im\u00e1genes Diego Alducin @d_alducin @dat_photos @PueblaExpres www.pueblaexpres.com\" href=\"https:\/\/www.flickr.com\/photos\/manitas\/54500037901\/in\/album-72177720325903116\" data-flickr-embed=\"true\"><img loading=\"lazy\" decoding=\"async\" class=\"aligncenter\" src=\"https:\/\/live.staticflickr.com\/65535\/54500037901_1809dc01b1.jpg\" alt=\"IMG_6278 [ESPECT\u00c1CULOS] CAPITAL CITIES | Feria De Puebla 2025 presentaci\u00f3n en el Teatro Del Pueblo | Im\u00e1genes Diego Alducin @d_alducin @dat_photos @PueblaExpres www.pueblaexpres.com\" width=\"500\" height=\"333\" \/><\/a><script async src=\"\/\/embedr.flickr.com\/assets\/client-code.js\" charset=\"utf-8\"><\/script><\/p>\n<p>Capital Cities, el aclamado d\u00fao de indie pop estadounidense, enciende esta noche el Teatro del Pueblo ante una multitud entusiasta de poblanos que vibran al ritmo de sus \u00e9xitos.<!--more--><\/p>\n<p>Centro Expositor y de Convenciones Puebla ubicado en la Unidad C\u00edvica 5 de Mayo en la zona de Los Fuertes de Loreto y Guadalupe.<\/p>\n<p><a title=\"IMG_6295 [ESPECT\u00c1CULOS] CAPITAL CITIES | Feria De Puebla 2025 presentaci\u00f3n en el Teatro Del Pueblo | Im\u00e1genes Diego Alducin @d_alducin @dat_photos @PueblaExpres www.pueblaexpres.com\" href=\"https:\/\/www.flickr.com\/photos\/manitas\/54500037821\/in\/album-72177720325903116\" data-flickr-embed=\"true\"><img loading=\"lazy\" decoding=\"async\" class=\"aligncenter\" src=\"https:\/\/live.staticflickr.com\/65535\/54500037821_3bd4e4322c.jpg\" alt=\"IMG_6295 [ESPECT\u00c1CULOS] CAPITAL CITIES | Feria De Puebla 2025 presentaci\u00f3n en el Teatro Del Pueblo | Im\u00e1genes Diego Alducin @d_alducin @dat_photos @PueblaExpres www.pueblaexpres.com\" width=\"500\" height=\"333\" \/><\/a><script async src=\"\/\/embedr.flickr.com\/assets\/client-code.js\" charset=\"utf-8\"><\/script><\/p>\n<p>@capitalcities<\/p>\n<p>#PueblaExpres \ud83d\udcf8\ud83c\uddf2\ud83c\uddfd\ud83d\udcf7<br \/>\nIm\u00e1genes @d_alducin @dat_photos \ud83d\udcf8<br \/>\nAgencia Fotogr\u00e1fica Puebla Expres<\/p>\n<p><a title=\"IMG_6298 [ESPECT\u00c1CULOS] CAPITAL CITIES | Feria De Puebla 2025 presentaci\u00f3n en el Teatro Del Pueblo | Im\u00e1genes Diego Alducin @d_alducin @dat_photos @PueblaExpres www.pueblaexpres.com\" href=\"https:\/\/www.flickr.com\/photos\/manitas\/54500037816\/in\/album-72177720325903116\" data-flickr-embed=\"true\"><img loading=\"lazy\" decoding=\"async\" class=\"aligncenter\" src=\"https:\/\/live.staticflickr.com\/65535\/54500037816_cb6f8681a8.jpg\" alt=\"IMG_6298 [ESPECT\u00c1CULOS] CAPITAL CITIES | Feria De Puebla 2025 presentaci\u00f3n en el Teatro Del Pueblo | Im\u00e1genes Diego Alducin @d_alducin @dat_photos @PueblaExpres www.pueblaexpres.com\" width=\"500\" height=\"333\" \/><\/a><script async src=\"\/\/embedr.flickr.com\/assets\/client-code.js\" charset=\"utf-8\"><\/script><\/p>\n<p><strong>LA OPINI\u00d3N EXPRESADA EN ESTA COLUMNA ES RESPONSABILIDAD DE QUIEN LA ESCRIBE Y NO BUSCA GENERAR CONFLICTOS ENTRE LOS INVOLUCRADOS, SINO GENERAR CONCIENCIA EN CADA LECTOR.<\/strong><\/p>\n","protected":false},"excerpt":{"rendered":"<p>Redacci\u00f3n | Fotograf\u00edas Diego Alducin @d_alducin @dat_photos \/ Manuel Vela @Mv_ManuelVela | #PueblaExpres @PueblaExpres #FeriaDePuebla2025 presentaci\u00f3n &#8221; CAPITAL CITIES &#8221; en el #TeatroDelPueblo Capital Cities, el aclamado d\u00fao de indie pop estadounidense, enciende esta noche el Teatro del Pueblo ante una multitud entusiasta de poblanos que vibran al ritmo de sus \u00e9xitos.<\/p>\n","protected":false},"author":2,"featured_media":14058,"comment_status":"open","ping_status":"open","sticky":false,"template":"","format":"standard","meta":{"footnotes":""},"categories":[8,42,166,170,36,171,1,7],"tags":[],"_links":{"self":[{"href":"https:\/\/pueblaexpres.com\/portal\/index.php?rest_route=\/wp\/v2\/posts\/14057"}],"collection":[{"href":"https:\/\/pueblaexpres.com\/portal\/index.php?rest_route=\/wp\/v2\/posts"}],"about":[{"href":"https:\/\/pueblaexpres.com\/portal\/index.php?rest_route=\/wp\/v2\/types\/post"}],"author":[{"embeddable":true,"href":"https:\/\/pueblaexpres.com\/portal\/index.php?rest_route=\/wp\/v2\/users\/2"}],"replies":[{"embeddable":true,"href":"https:\/\/pueblaexpres.com\/portal\/index.php?rest_route=%2Fwp%2Fv2%2Fcomments&post=14057"}],"version-history":[{"count":1,"href":"https:\/\/pueblaexpres.com\/portal\/index.php?rest_route=\/wp\/v2\/posts\/14057\/revisions"}],"predecessor-version":[{"id":14059,"href":"https:\/\/pueblaexpres.com\/portal\/index.php?rest_route=\/wp\/v2\/posts\/14057\/revisions\/14059"}],"wp:featuredmedia":[{"embeddable":true,"href":"https:\/\/pueblaexpres.com\/portal\/index.php?rest_route=\/wp\/v2\/media\/14058"}],"wp:attachment":[{"href":"https:\/\/pueblaexpres.com\/portal\/index.php?rest_route=%2Fwp%2Fv2%2Fmedia&parent=14057"}],"wp:term":[{"taxonomy":"category","embeddable":true,"href":"https:\/\/pueblaexpres.com\/portal\/index.php?rest_route=%2Fwp%2Fv2%2Fcategories&post=14057"},{"taxonomy":"post_tag","embeddable":true,"href":"https:\/\/pueblaexpres.com\/portal\/index.php?rest_route=%2Fwp%2Fv2%2Ftags&post=14057"}],"curies":[{"name":"wp","href":"https:\/\/api.w.org\/{rel}","templated":true}]}}