{"id":14054,"date":"2025-05-02T19:37:38","date_gmt":"2025-05-03T01:37:38","guid":{"rendered":"https:\/\/pueblaexpres.com\/portal\/?p=14054"},"modified":"2025-05-05T19:41:05","modified_gmt":"2025-05-06T01:41:05","slug":"espectaculos-christian-nodal-mientras-tanto-en-el-palenque-de-la-feria-de-puebla-2025","status":"publish","type":"post","link":"https:\/\/pueblaexpres.com\/portal\/?p=14054","title":{"rendered":"[ESPECT\u00c1CULOS] Christian Nodal | Mientras tanto en el Palenque de la Feria de Puebla 2025"},"content":{"rendered":"<div name=\"googleone_share_1\" style=\"position:relative;z-index:5;float: right; margin-left: 10px;\"><g:plusone size=\"tall\" count=\"1\" href=\"https:\/\/pueblaexpres.com\/portal\/?p=14054\"><\/g:plusone><\/div><p><a href=\"https:\/\/pueblaexpres.com\/portal\/wp-content\/uploads\/2025\/05\/YDRAY-IMG_20250503_090106.jpg\"><img loading=\"lazy\" decoding=\"async\" class=\"wp-image-14055 aligncenter\" src=\"https:\/\/pueblaexpres.com\/portal\/wp-content\/uploads\/2025\/05\/YDRAY-IMG_20250503_090106.jpg\" alt=\"\" width=\"500\" height=\"333\" srcset=\"https:\/\/pueblaexpres.com\/portal\/wp-content\/uploads\/2025\/05\/YDRAY-IMG_20250503_090106.jpg 800w, https:\/\/pueblaexpres.com\/portal\/wp-content\/uploads\/2025\/05\/YDRAY-IMG_20250503_090106-300x200.jpg 300w, https:\/\/pueblaexpres.com\/portal\/wp-content\/uploads\/2025\/05\/YDRAY-IMG_20250503_090106-768x512.jpg 768w, https:\/\/pueblaexpres.com\/portal\/wp-content\/uploads\/2025\/05\/YDRAY-IMG_20250503_090106-640x426.jpg 640w\" sizes=\"(max-width: 500px) 100vw, 500px\" \/><\/a><\/p>\n<p><strong>Redacci\u00f3n | Fotograf\u00edas Mara Gonz\u00e1lez @maragonzalez_13 \/ Manuel Vela @Mv_ManuelVela | #PueblaExpres @PueblaExpres<\/strong><\/p>\n<p>Mientras tanto en el Palenque de la Feria de Puebla 2025<\/p>\n<p>El cantante de regional mexicano Christian Nodal enamor\u00f3 al p\u00fablico poblano durante su presentaci\u00f3n en el Palenque de la Feria de Puebla 2025, con su carisma, dej\u00f3 sin aliento a los fan\u00e1ticos y tambi\u00e9n a su esposa \u00c1ngela Aguilar quien se encontraba en el p\u00fablico.<\/p>\n<p><a title=\"_0001 [ESPECT\u00c1CULOS] Christian Nodal | Mientras tanto en el Palenque de la Feria de Puebla 2025 | Im\u00e1genes Mara Gonz\u00e1lez @maragonzalez_13 @PueblaExpres www.pueblaexpres.com\" href=\"https:\/\/www.flickr.com\/photos\/manitas\/54500197909\/in\/dateposted-public\/\" data-flickr-embed=\"true\"><img loading=\"lazy\" decoding=\"async\" class=\"aligncenter\" src=\"https:\/\/live.staticflickr.com\/65535\/54500197909_4ff5a6671f.jpg\" alt=\"_0001 [ESPECT\u00c1CULOS] Christian Nodal | Mientras tanto en el Palenque de la Feria de Puebla 2025 | Im\u00e1genes Mara Gonz\u00e1lez @maragonzalez_13 @PueblaExpres www.pueblaexpres.com\" width=\"500\" height=\"333\" \/><\/a><script async src=\"\/\/embedr.flickr.com\/assets\/client-code.js\" charset=\"utf-8\"><\/script><\/p>\n<p>Durante su presentaci\u00f3n en el Palenque, Nodal el canto ante m\u00e1s de 5 mil personas y durante la noche estuvo regalando sombreros a los asistentes algunos los aventaba otros los entregaba personalmente.<\/p>\n<p>&#8220;Buenas noches Puebla, qu\u00e9 rico se siente estar aqu\u00ed, me hacen sentir tan recibido disfrutemos esta noche&#8221; expreso el cantante.<!--more--><\/p>\n<p>Durante la velada, canto la canci\u00f3n &#8220;Dime c\u00f3mo quieres&#8221; se acerc\u00f3 al p\u00fablico, ah\u00ed se encontraba \u00c1ngela Aguilar qui\u00e9n es su esposa y a pesar de que ella no subi\u00f3 al escenario como es tradici\u00f3n en otros conciertos, Nodal la hizo parte de su show.<\/p>\n<p><a title=\"_0001 [ESPECT\u00c1CULOS] Christian Nodal | Mientras tanto en el Palenque de la Feria de Puebla 2025 | Im\u00e1genes Mara Gonz\u00e1lez @maragonzalez_13 @PueblaExpres www.pueblaexpres.com\" href=\"https:\/\/www.flickr.com\/photos\/manitas\/54500272888\/in\/dateposted-public\/\" data-flickr-embed=\"true\"><img loading=\"lazy\" decoding=\"async\" class=\"aligncenter\" src=\"https:\/\/live.staticflickr.com\/65535\/54500272888_c925b63e92.jpg\" alt=\"_0001 [ESPECT\u00c1CULOS] Christian Nodal | Mientras tanto en el Palenque de la Feria de Puebla 2025 | Im\u00e1genes Mara Gonz\u00e1lez @maragonzalez_13 @PueblaExpres www.pueblaexpres.com\" width=\"500\" height=\"333\" \/><\/a><script async src=\"\/\/embedr.flickr.com\/assets\/client-code.js\" charset=\"utf-8\"><\/script><\/p>\n<p>&#8220;No te contaron mal&#8221;, &#8220;De los besos que te di&#8221;, &#8220;Ya no somos ni seremos&#8221;, &#8220;Botella tras botella&#8221;, &#8220;Probablemente&#8221;, &#8220;Por el resto de tu vida&#8221;, &#8220;Se me olvid\u00f3&#8221;, &#8220;El amigo&#8221;, entre muchas canciones m\u00e1s fueron parte de su repertorio de la noche rom\u00e1ntica.<\/p>\n<p>Tambi\u00e9n durante su participaci\u00f3n estuvo cantando covers, c\u00f3mo &#8220;Devu\u00e9lveme a mi chica&#8221; de Hombres G, &#8220;C\u00f3mo la flor&#8221; de Selena, &#8220;As\u00ed fue&#8221; de Juan Gabriel, &#8220;Clavado en una barra&#8221; de Man\u00e1, por mencionar algunas.<\/p>\n<p>Centro Expositor y de Convenciones Puebla ubicado en la Unidad C\u00edvica 5 de Mayo en la zona de Los Fuertes de Loreto y Guadalupe.<\/p>\n<p><a title=\"_0001 [ESPECT\u00c1CULOS] Christian Nodal | Mientras tanto en el Palenque de la Feria de Puebla 2025 | Im\u00e1genes Mara Gonz\u00e1lez @maragonzalez_13 @PueblaExpres www.pueblaexpres.com\" href=\"https:\/\/www.flickr.com\/photos\/manitas\/54500013991\/in\/dateposted-public\/\" data-flickr-embed=\"true\"><img loading=\"lazy\" decoding=\"async\" class=\"aligncenter\" src=\"https:\/\/live.staticflickr.com\/65535\/54500013991_8b8a052de6.jpg\" alt=\"_0001 [ESPECT\u00c1CULOS] Christian Nodal | Mientras tanto en el Palenque de la Feria de Puebla 2025 | Im\u00e1genes Mara Gonz\u00e1lez @maragonzalez_13 @PueblaExpres www.pueblaexpres.com\" width=\"500\" height=\"333\" \/><\/a><script async src=\"\/\/embedr.flickr.com\/assets\/client-code.js\" charset=\"utf-8\"><\/script><\/p>\n<p>@nodal<\/p>\n<p>#PueblaExpres \ud83c\uddf2\ud83c\uddfd\ud83d\udcf7<br \/>\nIm\u00e1genes @maragonzalez13 \ud83d\udcf8\ud83c\uddf2\ud83c\uddfd<br \/>\nAgencia Fotogr\u00e1fica Puebla Expres<\/p>\n<p><a title=\"_0001 [ESPECT\u00c1CULOS] Christian Nodal | Mientras tanto en el Palenque de la Feria de Puebla 2025 | Im\u00e1genes Mara Gonz\u00e1lez @maragonzalez_13 @PueblaExpres www.pueblaexpres.com\" href=\"https:\/\/www.flickr.com\/photos\/manitas\/54500363695\/in\/dateposted-public\/\" data-flickr-embed=\"true\"><img loading=\"lazy\" decoding=\"async\" class=\"aligncenter\" src=\"https:\/\/live.staticflickr.com\/65535\/54500363695_2cf2fa140f.jpg\" alt=\"_0001 [ESPECT\u00c1CULOS] Christian Nodal | Mientras tanto en el Palenque de la Feria de Puebla 2025 | Im\u00e1genes Mara Gonz\u00e1lez @maragonzalez_13 @PueblaExpres www.pueblaexpres.com\" width=\"500\" height=\"333\" \/><\/a><script async src=\"\/\/embedr.flickr.com\/assets\/client-code.js\" charset=\"utf-8\"><\/script><\/p>\n<p><strong>LA OPINI\u00d3N EXPRESADA EN ESTA COLUMNA ES RESPONSABILIDAD DE QUIEN LA ESCRIBE Y NO BUSCA GENERAR CONFLICTOS ENTRE LOS INVOLUCRADOS, SINO GENERAR CONCIENCIA EN CADA LECTOR.<\/strong><\/p>\n","protected":false},"excerpt":{"rendered":"<p>Redacci\u00f3n | Fotograf\u00edas Mara Gonz\u00e1lez @maragonzalez_13 \/ Manuel Vela @Mv_ManuelVela | #PueblaExpres @PueblaExpres Mientras tanto en el Palenque de la Feria de Puebla 2025 El cantante de regional mexicano Christian Nodal enamor\u00f3 al p\u00fablico poblano durante su presentaci\u00f3n en el Palenque de la Feria de Puebla 2025, con su carisma, dej\u00f3 sin aliento a los [&hellip;]<\/p>\n","protected":false},"author":2,"featured_media":14055,"comment_status":"open","ping_status":"open","sticky":false,"template":"","format":"standard","meta":{"footnotes":""},"categories":[8,42,166,170,36,171,1,7],"tags":[],"_links":{"self":[{"href":"https:\/\/pueblaexpres.com\/portal\/index.php?rest_route=\/wp\/v2\/posts\/14054"}],"collection":[{"href":"https:\/\/pueblaexpres.com\/portal\/index.php?rest_route=\/wp\/v2\/posts"}],"about":[{"href":"https:\/\/pueblaexpres.com\/portal\/index.php?rest_route=\/wp\/v2\/types\/post"}],"author":[{"embeddable":true,"href":"https:\/\/pueblaexpres.com\/portal\/index.php?rest_route=\/wp\/v2\/users\/2"}],"replies":[{"embeddable":true,"href":"https:\/\/pueblaexpres.com\/portal\/index.php?rest_route=%2Fwp%2Fv2%2Fcomments&post=14054"}],"version-history":[{"count":1,"href":"https:\/\/pueblaexpres.com\/portal\/index.php?rest_route=\/wp\/v2\/posts\/14054\/revisions"}],"predecessor-version":[{"id":14056,"href":"https:\/\/pueblaexpres.com\/portal\/index.php?rest_route=\/wp\/v2\/posts\/14054\/revisions\/14056"}],"wp:featuredmedia":[{"embeddable":true,"href":"https:\/\/pueblaexpres.com\/portal\/index.php?rest_route=\/wp\/v2\/media\/14055"}],"wp:attachment":[{"href":"https:\/\/pueblaexpres.com\/portal\/index.php?rest_route=%2Fwp%2Fv2%2Fmedia&parent=14054"}],"wp:term":[{"taxonomy":"category","embeddable":true,"href":"https:\/\/pueblaexpres.com\/portal\/index.php?rest_route=%2Fwp%2Fv2%2Fcategories&post=14054"},{"taxonomy":"post_tag","embeddable":true,"href":"https:\/\/pueblaexpres.com\/portal\/index.php?rest_route=%2Fwp%2Fv2%2Ftags&post=14054"}],"curies":[{"name":"wp","href":"https:\/\/api.w.org\/{rel}","templated":true}]}}