{"id":14048,"date":"2025-04-30T18:59:01","date_gmt":"2025-05-01T00:59:01","guid":{"rendered":"https:\/\/pueblaexpres.com\/portal\/?p=14048"},"modified":"2025-05-05T19:03:04","modified_gmt":"2025-05-06T01:03:04","slug":"espectaculos-neton-vega-y-gabito-ballesteros-mientras-tanto-en-el-palenque-de-la-feria-de-puebla-2025","status":"publish","type":"post","link":"https:\/\/pueblaexpres.com\/portal\/?p=14048","title":{"rendered":"[ESPECT\u00c1CULOS] Neton Vega y Gabito Ballesteros | Mientras tanto en el Palenque de la Feria de Puebla 2025"},"content":{"rendered":"<div name=\"googleone_share_1\" style=\"position:relative;z-index:5;float: right; margin-left: 10px;\"><g:plusone size=\"tall\" count=\"1\" href=\"https:\/\/pueblaexpres.com\/portal\/?p=14048\"><\/g:plusone><\/div><p><a href=\"https:\/\/pueblaexpres.com\/portal\/wp-content\/uploads\/2025\/05\/YDRAY-IMG_20250501_100610.jpg\"><img loading=\"lazy\" decoding=\"async\" class=\"wp-image-14049 aligncenter\" src=\"https:\/\/pueblaexpres.com\/portal\/wp-content\/uploads\/2025\/05\/YDRAY-IMG_20250501_100610.jpg\" alt=\"\" width=\"498\" height=\"332\" srcset=\"https:\/\/pueblaexpres.com\/portal\/wp-content\/uploads\/2025\/05\/YDRAY-IMG_20250501_100610.jpg 800w, https:\/\/pueblaexpres.com\/portal\/wp-content\/uploads\/2025\/05\/YDRAY-IMG_20250501_100610-300x200.jpg 300w, https:\/\/pueblaexpres.com\/portal\/wp-content\/uploads\/2025\/05\/YDRAY-IMG_20250501_100610-768x512.jpg 768w, https:\/\/pueblaexpres.com\/portal\/wp-content\/uploads\/2025\/05\/YDRAY-IMG_20250501_100610-640x426.jpg 640w\" sizes=\"(max-width: 498px) 100vw, 498px\" \/><\/a><\/p>\n<p><strong>Redacci\u00f3n | Fotograf\u00edas Mara Gonz\u00e1lez @maragonzalez_13 \/ Manuel Vela @Mv_ManuelVela | #PueblaExpres @PueblaExpres<\/strong><\/p>\n<p>Mientras tanto en el Palenque de la Feria de Puebla 2025<\/p>\n<p>La escena de los corridos y el regional urbano se apoder\u00f3 del Palenque de la Feria de Puebla 2025 con Neton Vega y Gabito Ballesteros, fue una noche sin narcocorridos ya que los artistas prefieron cantar covers.<\/p>\n<p><a title=\"_0001 [ESPECT\u00c1CULOS] Neton Vega y Gabito Ballesteros | Mientras tanto en el Palenque de la Feria de Puebla 2025 | Im\u00e1genes Mara Gonz\u00e1lez @maragonzalez_13 @PueblaExpres www.pueblaexpres.com\" href=\"https:\/\/www.flickr.com\/photos\/manitas\/54499953546\/in\/album-72177720325925434\" data-flickr-embed=\"true\"><img loading=\"lazy\" decoding=\"async\" class=\"aligncenter\" src=\"https:\/\/live.staticflickr.com\/65535\/54499953546_ea9b2eefeb.jpg\" alt=\"_0001 [ESPECT\u00c1CULOS] Neton Vega y Gabito Ballesteros | Mientras tanto en el Palenque de la Feria de Puebla 2025 | Im\u00e1genes Mara Gonz\u00e1lez @maragonzalez_13 @PueblaExpres www.pueblaexpres.com\" width=\"500\" height=\"333\" \/><\/a><script async src=\"\/\/embedr.flickr.com\/assets\/client-code.js\" charset=\"utf-8\"><\/script><\/p>\n<p>Durante esta presentaci\u00f3n coincidi\u00f3 con la celebraci\u00f3n del D\u00eda del Ni\u00f1o, y fue una velada dirigida principalmente al p\u00fablico joven, seguidor de los nuevos sonidos del g\u00e9nero.<\/p>\n<p>Tras la petici\u00f3n del gobernador Alejandro Armenta de evitar los narcocorridos con el objetivo de evitar hablar de personas ligadas al crimen organizado, ambos cantantes prefieron cantar covers de otros artistas.<\/p>\n<p><a title=\"_0001 [ESPECT\u00c1CULOS] Neton Vega y Gabito Ballesteros | Mientras tanto en el Palenque de la Feria de Puebla 2025 | Im\u00e1genes Mara Gonz\u00e1lez @maragonzalez_13 @PueblaExpres www.pueblaexpres.com\" href=\"https:\/\/www.flickr.com\/photos\/manitas\/54499088217\/in\/album-72177720325925434\" data-flickr-embed=\"true\"><img loading=\"lazy\" decoding=\"async\" class=\"aligncenter\" src=\"https:\/\/live.staticflickr.com\/65535\/54499088217_5b5a35ecab.jpg\" alt=\"_0001 [ESPECT\u00c1CULOS] Neton Vega y Gabito Ballesteros | Mientras tanto en el Palenque de la Feria de Puebla 2025 | Im\u00e1genes Mara Gonz\u00e1lez @maragonzalez_13 @PueblaExpres www.pueblaexpres.com\" width=\"500\" height=\"333\" \/><\/a><script async src=\"\/\/embedr.flickr.com\/assets\/client-code.js\" charset=\"utf-8\"><\/script><\/p>\n<p>Neton Vega fue el primero en presentarse en el Palenque, su nombre real es Luis Ernesto Vega Carvajal es un cantante y compositor de 23 a\u00f1os, realiz\u00f3 su participaci\u00f3n durante alrededor de una hora.<!--more--><\/p>\n<p>Canto covers como \u201cTe quiero as\u00ed\u201d de Valent\u00edn Elizalde y \u201cEl precio de la soledad\u201d de Alfredo Olivas, entre sus \u00e9xitos fueron \u201cLinda\u201d, \u201cLoco\u201d, \u201cSi no quieres no\u201d y \u201cTe quer\u00eda ver\u201d.<\/p>\n<p><a title=\"_0001 [ESPECT\u00c1CULOS] Neton Vega y Gabito Ballesteros | Mientras tanto en el Palenque de la Feria de Puebla 2025 | Im\u00e1genes Mara Gonz\u00e1lez @maragonzalez_13 @PueblaExpres www.pueblaexpres.com\" href=\"https:\/\/www.flickr.com\/photos\/manitas\/54500136759\/in\/album-72177720325925434\" data-flickr-embed=\"true\"><img loading=\"lazy\" decoding=\"async\" class=\"aligncenter\" src=\"https:\/\/live.staticflickr.com\/65535\/54500136759_b06b14edc7.jpg\" alt=\"_0001 [ESPECT\u00c1CULOS] Neton Vega y Gabito Ballesteros | Mientras tanto en el Palenque de la Feria de Puebla 2025 | Im\u00e1genes Mara Gonz\u00e1lez @maragonzalez_13 @PueblaExpres www.pueblaexpres.com\" width=\"500\" height=\"333\" \/><\/a><script async src=\"\/\/embedr.flickr.com\/assets\/client-code.js\" charset=\"utf-8\"><\/script><\/p>\n<p>Toc\u00f3 el turno del Sinaloense, Gabito Ballesteros que sali\u00f3 al escenario en punto de las 02:00 horas, alrededor de 5 mil asistentes ya estaban con toda la vibra de continuar con los corridos y regional urbano.<\/p>\n<p>Los asistentes no dejaron de cantar y bailar al ritmo junto con Gabito Ballesteros quien cant\u00f3 un cover de Luis Miguel &#8220;Ahora te puedo marchar&#8221; en versi\u00f3n tumbada.<\/p>\n<p><a title=\"_0001 [ESPECT\u00c1CULOS] Neton Vega y Gabito Ballesteros | Mientras tanto en el Palenque de la Feria de Puebla 2025 | Im\u00e1genes Mara Gonz\u00e1lez @maragonzalez_13 @PueblaExpres www.pueblaexpres.com\" href=\"https:\/\/www.flickr.com\/photos\/manitas\/54500213733\/in\/album-72177720325925434\" data-flickr-embed=\"true\"><img loading=\"lazy\" decoding=\"async\" class=\"aligncenter\" src=\"https:\/\/live.staticflickr.com\/65535\/54500213733_6127cef90f.jpg\" alt=\"_0001 [ESPECT\u00c1CULOS] Neton Vega y Gabito Ballesteros | Mientras tanto en el Palenque de la Feria de Puebla 2025 | Im\u00e1genes Mara Gonz\u00e1lez @maragonzalez_13 @PueblaExpres www.pueblaexpres.com\" width=\"500\" height=\"333\" \/><\/a><script async src=\"\/\/embedr.flickr.com\/assets\/client-code.js\" charset=\"utf-8\"><\/script><\/p>\n<p>Dentro de su repertorio estuvieron canciones como \u201c7 d\u00edas\u201d, \u201cElvira\u201d, \u201cEl boss\u201d y \u201cLady Gaga\u201d.<\/p>\n<p>Centro Expositor y de Convenciones Puebla ubicado en la Unidad C\u00edvica 5 de Mayo en la zona de Los Fuertes de Loreto y Guadalupe.<\/p>\n<p><a title=\"_0001 [ESPECT\u00c1CULOS] Neton Vega y Gabito Ballesteros | Mientras tanto en el Palenque de la Feria de Puebla 2025 | Im\u00e1genes Mara Gonz\u00e1lez @maragonzalez_13 @PueblaExpres www.pueblaexpres.com\" href=\"https:\/\/www.flickr.com\/photos\/manitas\/54500213768\/in\/album-72177720325925434\" data-flickr-embed=\"true\"><img loading=\"lazy\" decoding=\"async\" class=\"aligncenter\" src=\"https:\/\/live.staticflickr.com\/65535\/54500213768_3878fbea73.jpg\" alt=\"_0001 [ESPECT\u00c1CULOS] Neton Vega y Gabito Ballesteros | Mientras tanto en el Palenque de la Feria de Puebla 2025 | Im\u00e1genes Mara Gonz\u00e1lez @maragonzalez_13 @PueblaExpres www.pueblaexpres.com\" width=\"500\" height=\"333\" \/><\/a><script async src=\"\/\/embedr.flickr.com\/assets\/client-code.js\" charset=\"utf-8\"><\/script><\/p>\n<p>@net0n__<br \/>\n@gabitoballesteros<\/p>\n<p>#PueblaExpres \ud83c\uddf2\ud83c\uddfd\ud83d\udcf7<br \/>\nIm\u00e1genes @maragonzalez13 \ud83d\udcf7\ud83c\uddf2\ud83c\uddfd<br \/>\nAgencia Fotogr\u00e1fica Puebla Expres<\/p>\n<p><a title=\"_0001 [ESPECT\u00c1CULOS] Neton Vega y Gabito Ballesteros | Mientras tanto en el Palenque de la Feria de Puebla 2025 | Im\u00e1genes Mara Gonz\u00e1lez @maragonzalez_13 @PueblaExpres www.pueblaexpres.com\" href=\"https:\/\/www.flickr.com\/photos\/manitas\/54499953561\/in\/album-72177720325925434\" data-flickr-embed=\"true\"><img loading=\"lazy\" decoding=\"async\" class=\"aligncenter\" src=\"https:\/\/live.staticflickr.com\/65535\/54499953561_6ae223f354.jpg\" alt=\"_0001 [ESPECT\u00c1CULOS] Neton Vega y Gabito Ballesteros | Mientras tanto en el Palenque de la Feria de Puebla 2025 | Im\u00e1genes Mara Gonz\u00e1lez @maragonzalez_13 @PueblaExpres www.pueblaexpres.com\" width=\"500\" height=\"333\" \/><\/a><script async src=\"\/\/embedr.flickr.com\/assets\/client-code.js\" charset=\"utf-8\"><\/script><\/p>\n<p><strong>LA OPINI\u00d3N EXPRESADA EN ESTA COLUMNA ES RESPONSABILIDAD DE QUIEN LA ESCRIBE Y NO BUSCA GENERAR CONFLICTOS ENTRE LOS INVOLUCRADOS, SINO GENERAR CONCIENCIA EN CADA LECTOR.<\/strong><\/p>\n","protected":false},"excerpt":{"rendered":"<p>Redacci\u00f3n | Fotograf\u00edas Mara Gonz\u00e1lez @maragonzalez_13 \/ Manuel Vela @Mv_ManuelVela | #PueblaExpres @PueblaExpres Mientras tanto en el Palenque de la Feria de Puebla 2025 La escena de los corridos y el regional urbano se apoder\u00f3 del Palenque de la Feria de Puebla 2025 con Neton Vega y Gabito Ballesteros, fue una noche sin narcocorridos ya [&hellip;]<\/p>\n","protected":false},"author":2,"featured_media":14049,"comment_status":"open","ping_status":"open","sticky":false,"template":"","format":"standard","meta":{"footnotes":""},"categories":[8,42,166,170,36,171,1,7],"tags":[],"_links":{"self":[{"href":"https:\/\/pueblaexpres.com\/portal\/index.php?rest_route=\/wp\/v2\/posts\/14048"}],"collection":[{"href":"https:\/\/pueblaexpres.com\/portal\/index.php?rest_route=\/wp\/v2\/posts"}],"about":[{"href":"https:\/\/pueblaexpres.com\/portal\/index.php?rest_route=\/wp\/v2\/types\/post"}],"author":[{"embeddable":true,"href":"https:\/\/pueblaexpres.com\/portal\/index.php?rest_route=\/wp\/v2\/users\/2"}],"replies":[{"embeddable":true,"href":"https:\/\/pueblaexpres.com\/portal\/index.php?rest_route=%2Fwp%2Fv2%2Fcomments&post=14048"}],"version-history":[{"count":1,"href":"https:\/\/pueblaexpres.com\/portal\/index.php?rest_route=\/wp\/v2\/posts\/14048\/revisions"}],"predecessor-version":[{"id":14050,"href":"https:\/\/pueblaexpres.com\/portal\/index.php?rest_route=\/wp\/v2\/posts\/14048\/revisions\/14050"}],"wp:featuredmedia":[{"embeddable":true,"href":"https:\/\/pueblaexpres.com\/portal\/index.php?rest_route=\/wp\/v2\/media\/14049"}],"wp:attachment":[{"href":"https:\/\/pueblaexpres.com\/portal\/index.php?rest_route=%2Fwp%2Fv2%2Fmedia&parent=14048"}],"wp:term":[{"taxonomy":"category","embeddable":true,"href":"https:\/\/pueblaexpres.com\/portal\/index.php?rest_route=%2Fwp%2Fv2%2Fcategories&post=14048"},{"taxonomy":"post_tag","embeddable":true,"href":"https:\/\/pueblaexpres.com\/portal\/index.php?rest_route=%2Fwp%2Fv2%2Ftags&post=14048"}],"curies":[{"name":"wp","href":"https:\/\/api.w.org\/{rel}","templated":true}]}}