{"id":14042,"date":"2025-04-29T18:23:30","date_gmt":"2025-04-30T00:23:30","guid":{"rendered":"https:\/\/pueblaexpres.com\/portal\/?p=14042"},"modified":"2025-05-05T18:26:56","modified_gmt":"2025-05-06T00:26:56","slug":"espectaculos-farruko-feria-de-puebla-2025-presentacion-en-el-teatro-del-pueblo","status":"publish","type":"post","link":"https:\/\/pueblaexpres.com\/portal\/?p=14042","title":{"rendered":"[ESPECT\u00c1CULOS] Farruko | Feria De Puebla 2025 presentaci\u00f3n en el Teatro Del Pueblo"},"content":{"rendered":"<div name=\"googleone_share_1\" style=\"position:relative;z-index:5;float: right; margin-left: 10px;\"><g:plusone size=\"tall\" count=\"1\" href=\"https:\/\/pueblaexpres.com\/portal\/?p=14042\"><\/g:plusone><\/div><p><a href=\"https:\/\/pueblaexpres.com\/portal\/wp-content\/uploads\/2025\/05\/YDRAY-IMG_20250429_223003.jpg\"><img loading=\"lazy\" decoding=\"async\" class=\"wp-image-14043 aligncenter\" src=\"https:\/\/pueblaexpres.com\/portal\/wp-content\/uploads\/2025\/05\/YDRAY-IMG_20250429_223003.jpg\" alt=\"\" width=\"501\" height=\"334\" srcset=\"https:\/\/pueblaexpres.com\/portal\/wp-content\/uploads\/2025\/05\/YDRAY-IMG_20250429_223003.jpg 800w, https:\/\/pueblaexpres.com\/portal\/wp-content\/uploads\/2025\/05\/YDRAY-IMG_20250429_223003-300x200.jpg 300w, https:\/\/pueblaexpres.com\/portal\/wp-content\/uploads\/2025\/05\/YDRAY-IMG_20250429_223003-768x512.jpg 768w, https:\/\/pueblaexpres.com\/portal\/wp-content\/uploads\/2025\/05\/YDRAY-IMG_20250429_223003-640x426.jpg 640w\" sizes=\"(max-width: 501px) 100vw, 501px\" \/><\/a><\/p>\n<p><strong>Redacci\u00f3n | Fotograf\u00edas Mara Gonz\u00e1lez @maragonzalez_13 \/ Manuel Vela @Mv_ManuelVela | #PueblaExpres @PueblaExpres<\/strong><\/p>\n<p>#FeriaDePuebla2025 presentaci\u00f3n de Farruko en el #TeatroDelPueblo<\/p>\n<p>El exponente urbano puertorrique\u00f1o Farruko encendi\u00f3 el Teatro del Pueblo durante su presentaci\u00f3n en la Feria de Puebla 2025.<\/p>\n<p><a title=\"_0001 [ESPECT\u00c1CULOS] Farruko | Feria De Puebla 2025 presentaci\u00f3n en el Teatro Del Pueblo | Im\u00e1genes Mara Gonz\u00e1lez @maragonzalez_13 @PueblaExpres www.pueblaexpres.com\" href=\"https:\/\/www.flickr.com\/photos\/manitas\/54499900761\/in\/album-72177720325895420\" data-flickr-embed=\"true\"><img loading=\"lazy\" decoding=\"async\" class=\"aligncenter\" src=\"https:\/\/live.staticflickr.com\/65535\/54499900761_382226182d.jpg\" alt=\"_0001 [ESPECT\u00c1CULOS] Farruko | Feria De Puebla 2025 presentaci\u00f3n en el Teatro Del Pueblo | Im\u00e1genes Mara Gonz\u00e1lez @maragonzalez_13 @PueblaExpres www.pueblaexpres.com\" width=\"500\" height=\"333\" \/><\/a><script async src=\"\/\/embedr.flickr.com\/assets\/client-code.js\" charset=\"utf-8\"><\/script><\/p>\n<p>Farruko se present\u00f3 en el escenario del Foro Art\u00edstico y el p\u00fablico inmediatamente comenzaron a cantar junto a \u00e9l los \u00e9xitos como \u201cPepas\u201d, \u201cLa T\u00f3xica\u201d, \u201cCalma Remix\u201d, &#8220;Krippy Kush&#8221; y \u201cChillax\u201d.<\/p>\n<p>Durante el espect\u00e1culo se incluy\u00f3 un juego de luces y efectos visuales, acompa\u00f1ado por bailarines que complementaron la puesta en escena.<\/p>\n<p><a title=\"_0001 [ESPECT\u00c1CULOS] Farruko | Feria De Puebla 2025 presentaci\u00f3n en el Teatro Del Pueblo | Im\u00e1genes Mara Gonz\u00e1lez @maragonzalez_13 @PueblaExpres www.pueblaexpres.com\" href=\"https:\/\/www.flickr.com\/photos\/manitas\/54500161073\/in\/album-72177720325895420\" data-flickr-embed=\"true\"><img loading=\"lazy\" decoding=\"async\" class=\"aligncenter\" src=\"https:\/\/live.staticflickr.com\/65535\/54500161073_6bc60b0c6c.jpg\" alt=\"_0001 [ESPECT\u00c1CULOS] Farruko | Feria De Puebla 2025 presentaci\u00f3n en el Teatro Del Pueblo | Im\u00e1genes Mara Gonz\u00e1lez @maragonzalez_13 @PueblaExpres www.pueblaexpres.com\" width=\"500\" height=\"333\" \/><\/a><script async src=\"\/\/embedr.flickr.com\/assets\/client-code.js\" charset=\"utf-8\"><\/script><\/p>\n<p>Carlos Efr\u00e9n Reyes Rosado, nombre real de Farruko, con su carisma inigualable, interactu\u00f3 constantemente con el p\u00fablico y agradeci\u00f3 el cari\u00f1o de los colombianos.<!--more--><\/p>\n<p>Cientos de fan\u00e1ticos corearon sus canciones de principio a fin, creando un ambiente de fiesta y celebraci\u00f3n, disfrutando de la gran noche en la Feria de Puebla 2025.<\/p>\n<p><a title=\"_0001 [ESPECT\u00c1CULOS] Farruko | Feria De Puebla 2025 presentaci\u00f3n en el Teatro Del Pueblo | Im\u00e1genes Mara Gonz\u00e1lez @maragonzalez_13 @PueblaExpres www.pueblaexpres.com\" href=\"https:\/\/www.flickr.com\/photos\/manitas\/54500083309\/in\/album-72177720325895420\" data-flickr-embed=\"true\"><img loading=\"lazy\" decoding=\"async\" class=\"aligncenter\" src=\"https:\/\/live.staticflickr.com\/65535\/54500083309_df57487eb8.jpg\" alt=\"_0001 [ESPECT\u00c1CULOS] Farruko | Feria De Puebla 2025 presentaci\u00f3n en el Teatro Del Pueblo | Im\u00e1genes Mara Gonz\u00e1lez @maragonzalez_13 @PueblaExpres www.pueblaexpres.com\" width=\"500\" height=\"333\" \/><\/a><script async src=\"\/\/embedr.flickr.com\/assets\/client-code.js\" charset=\"utf-8\"><\/script><\/p>\n<p>El cantante destac\u00f3 la importancia de la m\u00fasica latina y el impacto que la cultura urbana ha tenido en el mundo.<\/p>\n<p>Centro Expositor y de Convenciones Puebla ubicado en la Unidad C\u00edvica 5 de Mayo en la zona de Los Fuertes de Loreto y Guadalupe.<\/p>\n<p><a title=\"_0001 [ESPECT\u00c1CULOS] Farruko | Feria De Puebla 2025 presentaci\u00f3n en el Teatro Del Pueblo | Im\u00e1genes Mara Gonz\u00e1lez @maragonzalez_13 @PueblaExpres www.pueblaexpres.com\" href=\"https:\/\/www.flickr.com\/photos\/manitas\/54500251150\/in\/album-72177720325895420\" data-flickr-embed=\"true\"><img loading=\"lazy\" decoding=\"async\" class=\"aligncenter\" src=\"https:\/\/live.staticflickr.com\/65535\/54500251150_1f650dcbb7.jpg\" alt=\"_0001 [ESPECT\u00c1CULOS] Farruko | Feria De Puebla 2025 presentaci\u00f3n en el Teatro Del Pueblo | Im\u00e1genes Mara Gonz\u00e1lez @maragonzalez_13 @PueblaExpres www.pueblaexpres.com\" width=\"500\" height=\"333\" \/><\/a><script async src=\"\/\/embedr.flickr.com\/assets\/client-code.js\" charset=\"utf-8\"><\/script><\/p>\n<p>@farruko<\/p>\n<p>#PueblaExpres \ud83c\uddf2\ud83c\uddfd\ud83d\udcf7<br \/>\nIm\u00e1genes @maragonzalez13 \ud83d\udcf7\ud83c\uddf2\ud83c\uddfd<br \/>\nAgencia Fotogr\u00e1fica Puebla Expres<\/p>\n<p><a title=\"_0001 [ESPECT\u00c1CULOS] Farruko | Feria De Puebla 2025 presentaci\u00f3n en el Teatro Del Pueblo | Im\u00e1genes Mara Gonz\u00e1lez @maragonzalez_13 @PueblaExpres www.pueblaexpres.com\" href=\"https:\/\/www.flickr.com\/photos\/manitas\/54500083369\/in\/album-72177720325895420\" data-flickr-embed=\"true\"><img loading=\"lazy\" decoding=\"async\" class=\"aligncenter\" src=\"https:\/\/live.staticflickr.com\/65535\/54500083369_1d5754d97b.jpg\" alt=\"_0001 [ESPECT\u00c1CULOS] Farruko | Feria De Puebla 2025 presentaci\u00f3n en el Teatro Del Pueblo | Im\u00e1genes Mara Gonz\u00e1lez @maragonzalez_13 @PueblaExpres www.pueblaexpres.com\" width=\"500\" height=\"333\" \/><\/a><script async src=\"\/\/embedr.flickr.com\/assets\/client-code.js\" charset=\"utf-8\"><\/script><\/p>\n<p><strong>LA OPINI\u00d3N EXPRESADA EN ESTA COLUMNA ES RESPONSABILIDAD DE QUIEN LA ESCRIBE Y NO BUSCA GENERAR CONFLICTOS ENTRE LOS INVOLUCRADOS, SINO GENERAR CONCIENCIA EN CADA LECTOR.<\/strong><\/p>\n","protected":false},"excerpt":{"rendered":"<p>Redacci\u00f3n | Fotograf\u00edas Mara Gonz\u00e1lez @maragonzalez_13 \/ Manuel Vela @Mv_ManuelVela | #PueblaExpres @PueblaExpres #FeriaDePuebla2025 presentaci\u00f3n de Farruko en el #TeatroDelPueblo El exponente urbano puertorrique\u00f1o Farruko encendi\u00f3 el Teatro del Pueblo durante su presentaci\u00f3n en la Feria de Puebla 2025. Farruko se present\u00f3 en el escenario del Foro Art\u00edstico y el p\u00fablico inmediatamente comenzaron a cantar [&hellip;]<\/p>\n","protected":false},"author":2,"featured_media":14043,"comment_status":"open","ping_status":"open","sticky":false,"template":"","format":"standard","meta":{"footnotes":""},"categories":[8,42,166,170,36,171,1,7],"tags":[],"_links":{"self":[{"href":"https:\/\/pueblaexpres.com\/portal\/index.php?rest_route=\/wp\/v2\/posts\/14042"}],"collection":[{"href":"https:\/\/pueblaexpres.com\/portal\/index.php?rest_route=\/wp\/v2\/posts"}],"about":[{"href":"https:\/\/pueblaexpres.com\/portal\/index.php?rest_route=\/wp\/v2\/types\/post"}],"author":[{"embeddable":true,"href":"https:\/\/pueblaexpres.com\/portal\/index.php?rest_route=\/wp\/v2\/users\/2"}],"replies":[{"embeddable":true,"href":"https:\/\/pueblaexpres.com\/portal\/index.php?rest_route=%2Fwp%2Fv2%2Fcomments&post=14042"}],"version-history":[{"count":1,"href":"https:\/\/pueblaexpres.com\/portal\/index.php?rest_route=\/wp\/v2\/posts\/14042\/revisions"}],"predecessor-version":[{"id":14044,"href":"https:\/\/pueblaexpres.com\/portal\/index.php?rest_route=\/wp\/v2\/posts\/14042\/revisions\/14044"}],"wp:featuredmedia":[{"embeddable":true,"href":"https:\/\/pueblaexpres.com\/portal\/index.php?rest_route=\/wp\/v2\/media\/14043"}],"wp:attachment":[{"href":"https:\/\/pueblaexpres.com\/portal\/index.php?rest_route=%2Fwp%2Fv2%2Fmedia&parent=14042"}],"wp:term":[{"taxonomy":"category","embeddable":true,"href":"https:\/\/pueblaexpres.com\/portal\/index.php?rest_route=%2Fwp%2Fv2%2Fcategories&post=14042"},{"taxonomy":"post_tag","embeddable":true,"href":"https:\/\/pueblaexpres.com\/portal\/index.php?rest_route=%2Fwp%2Fv2%2Ftags&post=14042"}],"curies":[{"name":"wp","href":"https:\/\/api.w.org\/{rel}","templated":true}]}}