{"id":14036,"date":"2025-04-27T17:55:36","date_gmt":"2025-04-27T23:55:36","guid":{"rendered":"https:\/\/pueblaexpres.com\/portal\/?p=14036"},"modified":"2025-05-05T17:59:27","modified_gmt":"2025-05-05T23:59:27","slug":"espectaculos-la-banda-ms-mientras-tanto-en-el-palenque-de-la-feria-de-puebla-2025","status":"publish","type":"post","link":"https:\/\/pueblaexpres.com\/portal\/?p=14036","title":{"rendered":"[ESPECT\u00c1CULOS] La Banda MS | Mientras tanto en el Palenque de la Feria de Puebla 2025"},"content":{"rendered":"<div name=\"googleone_share_1\" style=\"position:relative;z-index:5;float: right; margin-left: 10px;\"><g:plusone size=\"tall\" count=\"1\" href=\"https:\/\/pueblaexpres.com\/portal\/?p=14036\"><\/g:plusone><\/div><p><a href=\"https:\/\/pueblaexpres.com\/portal\/wp-content\/uploads\/2025\/05\/IMG_4879.jpg\"><img loading=\"lazy\" decoding=\"async\" class=\"wp-image-14037 aligncenter\" src=\"https:\/\/pueblaexpres.com\/portal\/wp-content\/uploads\/2025\/05\/IMG_4879.jpg\" alt=\"\" width=\"504\" height=\"336\" srcset=\"https:\/\/pueblaexpres.com\/portal\/wp-content\/uploads\/2025\/05\/IMG_4879.jpg 800w, https:\/\/pueblaexpres.com\/portal\/wp-content\/uploads\/2025\/05\/IMG_4879-300x200.jpg 300w, https:\/\/pueblaexpres.com\/portal\/wp-content\/uploads\/2025\/05\/IMG_4879-768x512.jpg 768w, https:\/\/pueblaexpres.com\/portal\/wp-content\/uploads\/2025\/05\/IMG_4879-640x426.jpg 640w\" sizes=\"(max-width: 504px) 100vw, 504px\" \/><\/a><\/p>\n<p><strong>Redacci\u00f3n | Fotograf\u00edas Diego Alducin @d_alducin @dat_photos \/ Manuel Vela @Mv_ManuelVela | #PueblaExpres @PueblaExpres<\/strong><\/p>\n<p><a title=\"IMG_4884 [ESPECT\u00c1CULOS] La Banda MS | Mientras tanto en el Palenque de la Feria de Puebla 2025 | Im\u00e1genes Diego Alducin @d_alducin @dat_photos @PueblaExpres www.pueblaexpres.com\" href=\"https:\/\/www.flickr.com\/photos\/manitas\/54500125463\/in\/album-72177720325923744\" data-flickr-embed=\"true\"><img loading=\"lazy\" decoding=\"async\" class=\"aligncenter\" src=\"https:\/\/live.staticflickr.com\/65535\/54500125463_dc44e6c28f.jpg\" alt=\"IMG_4884 [ESPECT\u00c1CULOS] La Banda MS | Mientras tanto en el Palenque de la Feria de Puebla 2025 | Im\u00e1genes Diego Alducin @d_alducin @dat_photos @PueblaExpres www.pueblaexpres.com\" width=\"500\" height=\"333\" \/><\/a><script async src=\"\/\/embedr.flickr.com\/assets\/client-code.js\" charset=\"utf-8\"><\/script><\/p>\n<p>Mientras tanto en el Palenque de la Feria de Puebla 2025<\/p>\n<p>Se present\u00f3 en el #PalenqueDeLaFeria La Banda MS misma que encendi\u00f3 el Palenque de la Feria de Puebla con sus grandes \u00e9xitos, logrando que el p\u00fablico cantara y bailara durante una noche inolvidable de m\u00fasica regional mexicana.<\/p>\n<p><a title=\"IMG_4883 [ESPECT\u00c1CULOS] La Banda MS | Mientras tanto en el Palenque de la Feria de Puebla 2025 | Im\u00e1genes Diego Alducin @d_alducin @dat_photos @PueblaExpres www.pueblaexpres.com\" href=\"https:\/\/www.flickr.com\/photos\/manitas\/54499000397\/in\/album-72177720325923744\" data-flickr-embed=\"true\"><img loading=\"lazy\" decoding=\"async\" class=\"aligncenter\" src=\"https:\/\/live.staticflickr.com\/65535\/54499000397_ea77102533.jpg\" alt=\"IMG_4883 [ESPECT\u00c1CULOS] La Banda MS | Mientras tanto en el Palenque de la Feria de Puebla 2025 | Im\u00e1genes Diego Alducin @d_alducin @dat_photos @PueblaExpres www.pueblaexpres.com\" width=\"500\" height=\"333\" \/><\/a><script async src=\"\/\/embedr.flickr.com\/assets\/client-code.js\" charset=\"utf-8\"><\/script><\/p>\n<p>Palenque de la Feria de Puebla 2025<!--more--><\/p>\n<p>Centro Expositor y de Convenciones Puebla ubicado en la Unidad C\u00edvica 5 de Mayo en la zona de Los Fuertes de Loreto y Guadalupe.<\/p>\n<p><a title=\"IMG_4885 [ESPECT\u00c1CULOS] La Banda MS | Mientras tanto en el Palenque de la Feria de Puebla 2025 | Im\u00e1genes Diego Alducin @d_alducin @dat_photos @PueblaExpres www.pueblaexpres.com\" href=\"https:\/\/www.flickr.com\/photos\/manitas\/54500216095\/in\/album-72177720325923744\" data-flickr-embed=\"true\"><img loading=\"lazy\" decoding=\"async\" class=\"aligncenter\" src=\"https:\/\/live.staticflickr.com\/65535\/54500216095_13e9041151.jpg\" alt=\"IMG_4885 [ESPECT\u00c1CULOS] La Banda MS | Mientras tanto en el Palenque de la Feria de Puebla 2025 | Im\u00e1genes Diego Alducin @d_alducin @dat_photos @PueblaExpres www.pueblaexpres.com\" width=\"500\" height=\"333\" \/><\/a><script async src=\"\/\/embedr.flickr.com\/assets\/client-code.js\" charset=\"utf-8\"><\/script><\/p>\n<p>@bandamsoficial<\/p>\n<p>#PueblaExpres \ud83d\udcf8\ud83c\uddf2\ud83c\uddfd\ud83d\udcf7<br \/>\nIm\u00e1genes @d_alducin @dat_photos<br \/>\nAgencia Fotogr\u00e1fica Puebla Expres<\/p>\n<p><a title=\"IMG_4879 [ESPECT\u00c1CULOS] La Banda MS | Mientras tanto en el Palenque de la Feria de Puebla 2025 | Im\u00e1genes Diego Alducin @d_alducin @dat_photos @PueblaExpres www.pueblaexpres.com\" href=\"https:\/\/www.flickr.com\/photos\/manitas\/54500125493\/in\/album-72177720325923744\" data-flickr-embed=\"true\"><img loading=\"lazy\" decoding=\"async\" class=\"aligncenter\" src=\"https:\/\/live.staticflickr.com\/65535\/54500125493_02bb9077f1.jpg\" alt=\"IMG_4879 [ESPECT\u00c1CULOS] La Banda MS | Mientras tanto en el Palenque de la Feria de Puebla 2025 | Im\u00e1genes Diego Alducin @d_alducin @dat_photos @PueblaExpres www.pueblaexpres.com\" width=\"500\" height=\"333\" \/><\/a><script async src=\"\/\/embedr.flickr.com\/assets\/client-code.js\" charset=\"utf-8\"><\/script><\/p>\n<p><strong>LA OPINI\u00d3N EXPRESADA EN ESTA COLUMNA ES RESPONSABILIDAD DE QUIEN LA ESCRIBE Y NO BUSCA GENERAR CONFLICTOS ENTRE LOS INVOLUCRADOS, SINO GENERAR CONCIENCIA EN CADA LECTOR.<\/strong><\/p>\n","protected":false},"excerpt":{"rendered":"<p>Redacci\u00f3n | Fotograf\u00edas Diego Alducin @d_alducin @dat_photos \/ Manuel Vela @Mv_ManuelVela | #PueblaExpres @PueblaExpres Mientras tanto en el Palenque de la Feria de Puebla 2025 Se present\u00f3 en el #PalenqueDeLaFeria La Banda MS misma que encendi\u00f3 el Palenque de la Feria de Puebla con sus grandes \u00e9xitos, logrando que el p\u00fablico cantara y bailara durante [&hellip;]<\/p>\n","protected":false},"author":2,"featured_media":14037,"comment_status":"open","ping_status":"open","sticky":false,"template":"","format":"standard","meta":{"footnotes":""},"categories":[8,42,166,170,36,171,1,7],"tags":[],"_links":{"self":[{"href":"https:\/\/pueblaexpres.com\/portal\/index.php?rest_route=\/wp\/v2\/posts\/14036"}],"collection":[{"href":"https:\/\/pueblaexpres.com\/portal\/index.php?rest_route=\/wp\/v2\/posts"}],"about":[{"href":"https:\/\/pueblaexpres.com\/portal\/index.php?rest_route=\/wp\/v2\/types\/post"}],"author":[{"embeddable":true,"href":"https:\/\/pueblaexpres.com\/portal\/index.php?rest_route=\/wp\/v2\/users\/2"}],"replies":[{"embeddable":true,"href":"https:\/\/pueblaexpres.com\/portal\/index.php?rest_route=%2Fwp%2Fv2%2Fcomments&post=14036"}],"version-history":[{"count":1,"href":"https:\/\/pueblaexpres.com\/portal\/index.php?rest_route=\/wp\/v2\/posts\/14036\/revisions"}],"predecessor-version":[{"id":14038,"href":"https:\/\/pueblaexpres.com\/portal\/index.php?rest_route=\/wp\/v2\/posts\/14036\/revisions\/14038"}],"wp:featuredmedia":[{"embeddable":true,"href":"https:\/\/pueblaexpres.com\/portal\/index.php?rest_route=\/wp\/v2\/media\/14037"}],"wp:attachment":[{"href":"https:\/\/pueblaexpres.com\/portal\/index.php?rest_route=%2Fwp%2Fv2%2Fmedia&parent=14036"}],"wp:term":[{"taxonomy":"category","embeddable":true,"href":"https:\/\/pueblaexpres.com\/portal\/index.php?rest_route=%2Fwp%2Fv2%2Fcategories&post=14036"},{"taxonomy":"post_tag","embeddable":true,"href":"https:\/\/pueblaexpres.com\/portal\/index.php?rest_route=%2Fwp%2Fv2%2Ftags&post=14036"}],"curies":[{"name":"wp","href":"https:\/\/api.w.org\/{rel}","templated":true}]}}