{"id":14033,"date":"2025-04-27T17:42:09","date_gmt":"2025-04-27T23:42:09","guid":{"rendered":"https:\/\/pueblaexpres.com\/portal\/?p=14033"},"modified":"2025-05-05T17:45:40","modified_gmt":"2025-05-05T23:45:40","slug":"espectaculos-banda-el-recodo-feria-de-puebla-2025-presentacion-en-el-teatro-del-pueblo","status":"publish","type":"post","link":"https:\/\/pueblaexpres.com\/portal\/?p=14033","title":{"rendered":"[ESPECT\u00c1CULOS] Banda El Recodo | Feria De Puebla 2025 presentaci\u00f3n en el Teatro Del Pueblo"},"content":{"rendered":"<div name=\"googleone_share_1\" style=\"position:relative;z-index:5;float: right; margin-left: 10px;\"><g:plusone size=\"tall\" count=\"1\" href=\"https:\/\/pueblaexpres.com\/portal\/?p=14033\"><\/g:plusone><\/div><p><a href=\"https:\/\/pueblaexpres.com\/portal\/wp-content\/uploads\/2025\/05\/YDRAY-IMG_20250427_215344.jpg\"><img loading=\"lazy\" decoding=\"async\" class=\"wp-image-14034 aligncenter\" src=\"https:\/\/pueblaexpres.com\/portal\/wp-content\/uploads\/2025\/05\/YDRAY-IMG_20250427_215344.jpg\" alt=\"\" width=\"500\" height=\"333\" srcset=\"https:\/\/pueblaexpres.com\/portal\/wp-content\/uploads\/2025\/05\/YDRAY-IMG_20250427_215344.jpg 800w, https:\/\/pueblaexpres.com\/portal\/wp-content\/uploads\/2025\/05\/YDRAY-IMG_20250427_215344-300x200.jpg 300w, https:\/\/pueblaexpres.com\/portal\/wp-content\/uploads\/2025\/05\/YDRAY-IMG_20250427_215344-768x512.jpg 768w, https:\/\/pueblaexpres.com\/portal\/wp-content\/uploads\/2025\/05\/YDRAY-IMG_20250427_215344-640x426.jpg 640w\" sizes=\"(max-width: 500px) 100vw, 500px\" \/><\/a><\/p>\n<p><strong>Redacci\u00f3n | Fotograf\u00edas Mara Gonz\u00e1lez @maragonzalez_13 \/ Manuel Vela @Mv_ManuelVela | #PueblaExpres @PueblaExpres<\/strong><\/p>\n<p>#FeriaDePuebla2025 presentaci\u00f3n Banda El Recodo en el #TeatroDelPueblo<\/p>\n<p>Banda El Recodo hizo bailar a todos los asistentes al Teatro del Pueblo en la Feria de Puebla 2025, con sus mayores \u00e9xitos comenzaron su repertorio.<\/p>\n<p><a title=\"_0001 [ESPECT\u00c1CULOS] Banda El Recodo | Feria De Puebla 2025 presentaci\u00f3n en el Teatro Del Pueblo | Im\u00e1genes Mara Gonz\u00e1lez @maragonzalez_13 @PueblaExpres www.pueblaexpres.com\" href=\"https:\/\/www.flickr.com\/photos\/manitas\/54499847251\/in\/album-72177720325901937\" data-flickr-embed=\"true\"><img loading=\"lazy\" decoding=\"async\" class=\"aligncenter\" src=\"https:\/\/live.staticflickr.com\/65535\/54499847251_10e187012b.jpg\" alt=\"_0001 [ESPECT\u00c1CULOS] Banda El Recodo | Feria De Puebla 2025 presentaci\u00f3n en el Teatro Del Pueblo | Im\u00e1genes Mara Gonz\u00e1lez @maragonzalez_13 @PueblaExpres www.pueblaexpres.com\" width=\"500\" height=\"333\" \/><\/a><script async src=\"\/\/embedr.flickr.com\/assets\/client-code.js\" charset=\"utf-8\"><\/script><\/p>\n<p>Previo al concierto los vocalistas de la Banda El Recodo se pronunciaron a favor de evitar cantar narcocorridos; aclararon que interpretan corridos, pero no de personas ligadas al crimen organizado.<\/p>\n<p>&#8220;Son corridos ficticios, corridos que no hablan de ninguna persona, son corridos llamemos de revoluci\u00f3n; sin embargo, no vamos a tocar ninguno de ellos.&#8221; expres\u00f3 el vocalista Ricky Yocupicio.<!--more--><\/p>\n<p><a title=\"_0001 [ESPECT\u00c1CULOS] Banda El Recodo | Feria De Puebla 2025 presentaci\u00f3n en el Teatro Del Pueblo | Im\u00e1genes Mara Gonz\u00e1lez @maragonzalez_13 @PueblaExpres www.pueblaexpres.com\" href=\"https:\/\/www.flickr.com\/photos\/manitas\/54500107958\/in\/album-72177720325901937\" data-flickr-embed=\"true\"><img loading=\"lazy\" decoding=\"async\" class=\"aligncenter\" src=\"https:\/\/live.staticflickr.com\/65535\/54500107958_69af2aaa25.jpg\" alt=\"_0001 [ESPECT\u00c1CULOS] Banda El Recodo | Feria De Puebla 2025 presentaci\u00f3n en el Teatro Del Pueblo | Im\u00e1genes Mara Gonz\u00e1lez @maragonzalez_13 @PueblaExpres www.pueblaexpres.com\" width=\"500\" height=\"333\" \/><\/a><script async src=\"\/\/embedr.flickr.com\/assets\/client-code.js\" charset=\"utf-8\"><\/script><\/p>\n<p>&#8220;La quebradora&#8221;, &#8220;La mejor de todas&#8221;, &#8220;Y llegaste t\u00fa&#8221;, &#8220;Que te ruegue quien te quiera&#8221;, &#8220;Ac\u00e1bame de matar&#8221;, &#8220;Me gusta todo de ti, &#8220;Te presumo&#8221;, entre muchas canciones m\u00e1s fueron parte del repertorio que hicieron que los poblanos disfrutaran de la gran noche.<\/p>\n<p>Previo al concierto del gobernador Alejandro Armenta reparti\u00f3 gorras a los fan\u00e1ticos de la agrupaci\u00f3n Sinaloense.<\/p>\n<p><a title=\"_0001 [ESPECT\u00c1CULOS] Banda El Recodo | Feria De Puebla 2025 presentaci\u00f3n en el Teatro Del Pueblo | Im\u00e1genes Mara Gonz\u00e1lez @maragonzalez_13 @PueblaExpres www.pueblaexpres.com\" href=\"https:\/\/www.flickr.com\/photos\/manitas\/54500031359\/in\/album-72177720325901937\" data-flickr-embed=\"true\"><img loading=\"lazy\" decoding=\"async\" class=\"aligncenter\" src=\"https:\/\/live.staticflickr.com\/65535\/54500031359_37bb1e1225.jpg\" alt=\"_0001 [ESPECT\u00c1CULOS] Banda El Recodo | Feria De Puebla 2025 presentaci\u00f3n en el Teatro Del Pueblo | Im\u00e1genes Mara Gonz\u00e1lez @maragonzalez_13 @PueblaExpres www.pueblaexpres.com\" width=\"500\" height=\"333\" \/><\/a><script async src=\"\/\/embedr.flickr.com\/assets\/client-code.js\" charset=\"utf-8\"><\/script><\/p>\n<p>La fiesta la disfrutaron de gran manera que Geovanni Mondrag\u00f3n, vocalista de la Banda El Recodo, recibi\u00f3 de sus fans un peluche del Dr. Simi durante su presentaci\u00f3n de esta noche en el Teatro del Pueblo de la Feria de Puebla<\/p>\n<p>Centro Expositor y de Convenciones Puebla ubicado en la Unidad C\u00edvica 5 de Mayo en la zona de Los Fuertes de Loreto y Guadalupe.<\/p>\n<p><a title=\"_0001 [ESPECT\u00c1CULOS] Banda El Recodo | Feria De Puebla 2025 presentaci\u00f3n en el Teatro Del Pueblo | Im\u00e1genes Mara Gonz\u00e1lez @maragonzalez_13 @PueblaExpres www.pueblaexpres.com\" href=\"https:\/\/www.flickr.com\/photos\/manitas\/54498983177\/in\/album-72177720325901937\" data-flickr-embed=\"true\"><img loading=\"lazy\" decoding=\"async\" class=\"aligncenter\" src=\"https:\/\/live.staticflickr.com\/65535\/54498983177_22bb99d48f.jpg\" alt=\"_0001 [ESPECT\u00c1CULOS] Banda El Recodo | Feria De Puebla 2025 presentaci\u00f3n en el Teatro Del Pueblo | Im\u00e1genes Mara Gonz\u00e1lez @maragonzalez_13 @PueblaExpres www.pueblaexpres.com\" width=\"500\" height=\"333\" \/><\/a><script async src=\"\/\/embedr.flickr.com\/assets\/client-code.js\" charset=\"utf-8\"><\/script><\/p>\n<p>@elrecodooficial<\/p>\n<p>#PueblaExpres \ud83d\udcf8\ud83c\uddf2\ud83c\uddfd\ud83d\udcf7<br \/>\nIm\u00e1genes @maragonzalez13 \ud83d\udcf7\ud83c\uddf2\ud83c\uddfd<br \/>\nAgencia Fotogr\u00e1fica Puebla Expres<\/p>\n<p><a title=\"_0001 [ESPECT\u00c1CULOS] Banda El Recodo | Feria De Puebla 2025 presentaci\u00f3n en el Teatro Del Pueblo | Im\u00e1genes Mara Gonz\u00e1lez @maragonzalez_13 @PueblaExpres www.pueblaexpres.com\" href=\"https:\/\/www.flickr.com\/photos\/manitas\/54498983262\/in\/album-72177720325901937\" data-flickr-embed=\"true\"><img loading=\"lazy\" decoding=\"async\" class=\"aligncenter\" src=\"https:\/\/live.staticflickr.com\/65535\/54498983262_92dee7c637.jpg\" alt=\"_0001 [ESPECT\u00c1CULOS] Banda El Recodo | Feria De Puebla 2025 presentaci\u00f3n en el Teatro Del Pueblo | Im\u00e1genes Mara Gonz\u00e1lez @maragonzalez_13 @PueblaExpres www.pueblaexpres.com\" width=\"500\" height=\"333\" \/><\/a><script async src=\"\/\/embedr.flickr.com\/assets\/client-code.js\" charset=\"utf-8\"><\/script><\/p>\n<p><strong>LA OPINI\u00d3N EXPRESADA EN ESTA COLUMNA ES RESPONSABILIDAD DE QUIEN LA ESCRIBE Y NO BUSCA GENERAR CONFLICTOS ENTRE LOS INVOLUCRADOS, SINO GENERAR CONCIENCIA EN CADA LECTOR.<\/strong><\/p>\n","protected":false},"excerpt":{"rendered":"<p>Redacci\u00f3n | Fotograf\u00edas Mara Gonz\u00e1lez @maragonzalez_13 \/ Manuel Vela @Mv_ManuelVela | #PueblaExpres @PueblaExpres #FeriaDePuebla2025 presentaci\u00f3n Banda El Recodo en el #TeatroDelPueblo Banda El Recodo hizo bailar a todos los asistentes al Teatro del Pueblo en la Feria de Puebla 2025, con sus mayores \u00e9xitos comenzaron su repertorio. Previo al concierto los vocalistas de la Banda [&hellip;]<\/p>\n","protected":false},"author":2,"featured_media":14034,"comment_status":"open","ping_status":"open","sticky":false,"template":"","format":"standard","meta":{"footnotes":""},"categories":[8,42,166,170,36,171,1,7],"tags":[],"_links":{"self":[{"href":"https:\/\/pueblaexpres.com\/portal\/index.php?rest_route=\/wp\/v2\/posts\/14033"}],"collection":[{"href":"https:\/\/pueblaexpres.com\/portal\/index.php?rest_route=\/wp\/v2\/posts"}],"about":[{"href":"https:\/\/pueblaexpres.com\/portal\/index.php?rest_route=\/wp\/v2\/types\/post"}],"author":[{"embeddable":true,"href":"https:\/\/pueblaexpres.com\/portal\/index.php?rest_route=\/wp\/v2\/users\/2"}],"replies":[{"embeddable":true,"href":"https:\/\/pueblaexpres.com\/portal\/index.php?rest_route=%2Fwp%2Fv2%2Fcomments&post=14033"}],"version-history":[{"count":1,"href":"https:\/\/pueblaexpres.com\/portal\/index.php?rest_route=\/wp\/v2\/posts\/14033\/revisions"}],"predecessor-version":[{"id":14035,"href":"https:\/\/pueblaexpres.com\/portal\/index.php?rest_route=\/wp\/v2\/posts\/14033\/revisions\/14035"}],"wp:featuredmedia":[{"embeddable":true,"href":"https:\/\/pueblaexpres.com\/portal\/index.php?rest_route=\/wp\/v2\/media\/14034"}],"wp:attachment":[{"href":"https:\/\/pueblaexpres.com\/portal\/index.php?rest_route=%2Fwp%2Fv2%2Fmedia&parent=14033"}],"wp:term":[{"taxonomy":"category","embeddable":true,"href":"https:\/\/pueblaexpres.com\/portal\/index.php?rest_route=%2Fwp%2Fv2%2Fcategories&post=14033"},{"taxonomy":"post_tag","embeddable":true,"href":"https:\/\/pueblaexpres.com\/portal\/index.php?rest_route=%2Fwp%2Fv2%2Ftags&post=14033"}],"curies":[{"name":"wp","href":"https:\/\/api.w.org\/{rel}","templated":true}]}}