{"id":14030,"date":"2025-04-26T17:10:42","date_gmt":"2025-04-26T23:10:42","guid":{"rendered":"https:\/\/pueblaexpres.com\/portal\/?p=14030"},"modified":"2025-05-05T17:13:44","modified_gmt":"2025-05-05T23:13:44","slug":"espectaculos-yuri-mientras-tanto-en-el-palenque-de-la-feria-de-puebla-2025","status":"publish","type":"post","link":"https:\/\/pueblaexpres.com\/portal\/?p=14030","title":{"rendered":"[ESPECT\u00c1CULOS] Yuri | Mientras tanto en el Palenque de la Feria de Puebla 2025"},"content":{"rendered":"<div name=\"googleone_share_1\" style=\"position:relative;z-index:5;float: right; margin-left: 10px;\"><g:plusone size=\"tall\" count=\"1\" href=\"https:\/\/pueblaexpres.com\/portal\/?p=14030\"><\/g:plusone><\/div><p><a href=\"https:\/\/pueblaexpres.com\/portal\/wp-content\/uploads\/2025\/05\/IMG_4678_.jpg\"><img loading=\"lazy\" decoding=\"async\" class=\"wp-image-14031 aligncenter\" src=\"https:\/\/pueblaexpres.com\/portal\/wp-content\/uploads\/2025\/05\/IMG_4678_.jpg\" alt=\"\" width=\"498\" height=\"332\" srcset=\"https:\/\/pueblaexpres.com\/portal\/wp-content\/uploads\/2025\/05\/IMG_4678_.jpg 800w, https:\/\/pueblaexpres.com\/portal\/wp-content\/uploads\/2025\/05\/IMG_4678_-300x200.jpg 300w, https:\/\/pueblaexpres.com\/portal\/wp-content\/uploads\/2025\/05\/IMG_4678_-768x512.jpg 768w, https:\/\/pueblaexpres.com\/portal\/wp-content\/uploads\/2025\/05\/IMG_4678_-640x426.jpg 640w\" sizes=\"(max-width: 498px) 100vw, 498px\" \/><\/a><\/p>\n<p><strong>Redacci\u00f3n | Fotograf\u00edas Diego Alducin @d_alducin @dat_photos \/ Manuel Vela @Mv_ManuelVela | #PueblaExpres @PueblaExpres<\/strong><\/p>\n<p><a title=\"IMG_4670 [ESPECT\u00c1CULOS] Yuri | Mientras tanto en el Palenque de la Feria de Puebla 2025 | Im\u00e1genes Fotograf\u00edas Diego Alducin @d_alducin @dat_photos @PueblaExpres www.pueblaexpres.com\" href=\"https:\/\/www.flickr.com\/photos\/manitas\/54500148175\/in\/album-72177720325915268\" data-flickr-embed=\"true\"><img loading=\"lazy\" decoding=\"async\" class=\"aligncenter\" src=\"https:\/\/live.staticflickr.com\/65535\/54500148175_caf4d2ef4e.jpg\" alt=\"IMG_4670 [ESPECT\u00c1CULOS] Yuri | Mientras tanto en el Palenque de la Feria de Puebla 2025 | Im\u00e1genes Fotograf\u00edas Diego Alducin @d_alducin @dat_photos @PueblaExpres www.pueblaexpres.com\" width=\"500\" height=\"333\" \/><\/a><script async src=\"\/\/embedr.flickr.com\/assets\/client-code.js\" charset=\"utf-8\"><\/script><\/p>\n<p>Mientras tanto en el Palenque de la Feria de Puebla 2025<\/p>\n<p>Tercer d\u00eda en el #PalenqueDeLaFeria<\/p>\n<p><a title=\"IMG_4673 [ESPECT\u00c1CULOS] Yuri | Mientras tanto en el Palenque de la Feria de Puebla 2025 | Im\u00e1genes Fotograf\u00edas Diego Alducin @d_alducin @dat_photos @PueblaExpres www.pueblaexpres.com\" href=\"https:\/\/www.flickr.com\/photos\/manitas\/54498932212\/in\/album-72177720325915268\" data-flickr-embed=\"true\"><img loading=\"lazy\" decoding=\"async\" class=\"aligncenter\" src=\"https:\/\/live.staticflickr.com\/65535\/54498932212_03c0b8c10f.jpg\" alt=\"IMG_4673 [ESPECT\u00c1CULOS] Yuri | Mientras tanto en el Palenque de la Feria de Puebla 2025 | Im\u00e1genes Fotograf\u00edas Diego Alducin @d_alducin @dat_photos @PueblaExpres www.pueblaexpres.com\" width=\"500\" height=\"333\" \/><\/a><script async src=\"\/\/embedr.flickr.com\/assets\/client-code.js\" charset=\"utf-8\"><\/script><\/p>\n<p>Yuri se present\u00f3 en el Palenque de la Feria de Puebla 2025 con su &#8216;Ic\u00f3nica Tour&#8217;, es una gira que revive sus grandes \u00e9xitos y vestuarios originales desde la d\u00e9cada de los 80 y 90s, hasta la actualidad\u2026<!--more--><\/p>\n<p>Centro Expositor y de Convenciones Puebla ubicado en la Unidad C\u00edvica 5 de Mayo en la zona de Los Fuertes de Loreto y Guadalupe.<\/p>\n<p><a title=\"IMG_4682 [ESPECT\u00c1CULOS] Yuri | Mientras tanto en el Palenque de la Feria de Puebla 2025 | Im\u00e1genes Fotograf\u00edas Diego Alducin @d_alducin @dat_photos @PueblaExpres www.pueblaexpres.com\" href=\"https:\/\/www.flickr.com\/photos\/manitas\/54499980494\/in\/album-72177720325915268\" data-flickr-embed=\"true\"><img loading=\"lazy\" decoding=\"async\" class=\"aligncenter\" src=\"https:\/\/live.staticflickr.com\/65535\/54499980494_0f3d65617e.jpg\" alt=\"IMG_4682 [ESPECT\u00c1CULOS] Yuri | Mientras tanto en el Palenque de la Feria de Puebla 2025 | Im\u00e1genes Fotograf\u00edas Diego Alducin @d_alducin @dat_photos @PueblaExpres www.pueblaexpres.com\" width=\"500\" height=\"333\" \/><\/a><script async src=\"\/\/embedr.flickr.com\/assets\/client-code.js\" charset=\"utf-8\"><\/script><\/p>\n<p>@oficialyuri<\/p>\n<p>#PueblaExpres \ud83d\udcf8\ud83c\uddf2\ud83c\uddfd\ud83d\udcf7<br \/>\nIm\u00e1genes @d_alducin @dat_photos<br \/>\nAgencia Fotogr\u00e1fica Puebla Expres<\/p>\n<p><a title=\"IMG_4684 [ESPECT\u00c1CULOS] Yuri | Mientras tanto en el Palenque de la Feria de Puebla 2025 | Im\u00e1genes Fotograf\u00edas Diego Alducin @d_alducin @dat_photos @PueblaExpres www.pueblaexpres.com\" href=\"https:\/\/www.flickr.com\/photos\/manitas\/54500057093\/in\/album-72177720325915268\" data-flickr-embed=\"true\"><img loading=\"lazy\" decoding=\"async\" class=\"aligncenter\" src=\"https:\/\/live.staticflickr.com\/65535\/54500057093_1a3a6c96e1.jpg\" alt=\"IMG_4684 [ESPECT\u00c1CULOS] Yuri | Mientras tanto en el Palenque de la Feria de Puebla 2025 | Im\u00e1genes Fotograf\u00edas Diego Alducin @d_alducin @dat_photos @PueblaExpres www.pueblaexpres.com\" width=\"500\" height=\"333\" \/><\/a><script async src=\"\/\/embedr.flickr.com\/assets\/client-code.js\" charset=\"utf-8\"><\/script><\/p>\n<p><strong>LA OPINI\u00d3N EXPRESADA EN ESTA COLUMNA ES RESPONSABILIDAD DE QUIEN LA ESCRIBE Y NO BUSCA GENERAR CONFLICTOS ENTRE LOS INVOLUCRADOS, SINO GENERAR CONCIENCIA EN CADA LECTOR.<\/strong><\/p>\n","protected":false},"excerpt":{"rendered":"<p>Redacci\u00f3n | Fotograf\u00edas Diego Alducin @d_alducin @dat_photos \/ Manuel Vela @Mv_ManuelVela | #PueblaExpres @PueblaExpres Mientras tanto en el Palenque de la Feria de Puebla 2025 Tercer d\u00eda en el #PalenqueDeLaFeria Yuri se present\u00f3 en el Palenque de la Feria de Puebla 2025 con su &#8216;Ic\u00f3nica Tour&#8217;, es una gira que revive sus grandes \u00e9xitos y [&hellip;]<\/p>\n","protected":false},"author":2,"featured_media":14031,"comment_status":"open","ping_status":"open","sticky":false,"template":"","format":"standard","meta":{"footnotes":""},"categories":[8,42,166,170,36,171,1,7],"tags":[],"_links":{"self":[{"href":"https:\/\/pueblaexpres.com\/portal\/index.php?rest_route=\/wp\/v2\/posts\/14030"}],"collection":[{"href":"https:\/\/pueblaexpres.com\/portal\/index.php?rest_route=\/wp\/v2\/posts"}],"about":[{"href":"https:\/\/pueblaexpres.com\/portal\/index.php?rest_route=\/wp\/v2\/types\/post"}],"author":[{"embeddable":true,"href":"https:\/\/pueblaexpres.com\/portal\/index.php?rest_route=\/wp\/v2\/users\/2"}],"replies":[{"embeddable":true,"href":"https:\/\/pueblaexpres.com\/portal\/index.php?rest_route=%2Fwp%2Fv2%2Fcomments&post=14030"}],"version-history":[{"count":1,"href":"https:\/\/pueblaexpres.com\/portal\/index.php?rest_route=\/wp\/v2\/posts\/14030\/revisions"}],"predecessor-version":[{"id":14032,"href":"https:\/\/pueblaexpres.com\/portal\/index.php?rest_route=\/wp\/v2\/posts\/14030\/revisions\/14032"}],"wp:featuredmedia":[{"embeddable":true,"href":"https:\/\/pueblaexpres.com\/portal\/index.php?rest_route=\/wp\/v2\/media\/14031"}],"wp:attachment":[{"href":"https:\/\/pueblaexpres.com\/portal\/index.php?rest_route=%2Fwp%2Fv2%2Fmedia&parent=14030"}],"wp:term":[{"taxonomy":"category","embeddable":true,"href":"https:\/\/pueblaexpres.com\/portal\/index.php?rest_route=%2Fwp%2Fv2%2Fcategories&post=14030"},{"taxonomy":"post_tag","embeddable":true,"href":"https:\/\/pueblaexpres.com\/portal\/index.php?rest_route=%2Fwp%2Fv2%2Ftags&post=14030"}],"curies":[{"name":"wp","href":"https:\/\/api.w.org\/{rel}","templated":true}]}}