{"id":14025,"date":"2025-04-26T16:53:21","date_gmt":"2025-04-26T22:53:21","guid":{"rendered":"https:\/\/pueblaexpres.com\/portal\/?p=14025"},"modified":"2025-05-05T17:03:56","modified_gmt":"2025-05-05T23:03:56","slug":"espectaculos-rock-en-tu-idioma-feria-de-puebla-2025-presentacion-en-el-teatro-del-pueblo","status":"publish","type":"post","link":"https:\/\/pueblaexpres.com\/portal\/?p=14025","title":{"rendered":"[ESPECT\u00c1CULOS] &#8220;Rock en Tu Idioma&#8221; | Feria De Puebla 2025 presentaci\u00f3n en el Teatro Del Pueblo"},"content":{"rendered":"<div name=\"googleone_share_1\" style=\"position:relative;z-index:5;float: right; margin-left: 10px;\"><g:plusone size=\"tall\" count=\"1\" href=\"https:\/\/pueblaexpres.com\/portal\/?p=14025\"><\/g:plusone><\/div><p><a href=\"https:\/\/pueblaexpres.com\/portal\/wp-content\/uploads\/2025\/05\/IMG_4576.jpg\"><img loading=\"lazy\" decoding=\"async\" class=\"wp-image-14026 aligncenter\" src=\"https:\/\/pueblaexpres.com\/portal\/wp-content\/uploads\/2025\/05\/IMG_4576.jpg\" alt=\"\" width=\"500\" height=\"333\" srcset=\"https:\/\/pueblaexpres.com\/portal\/wp-content\/uploads\/2025\/05\/IMG_4576.jpg 800w, https:\/\/pueblaexpres.com\/portal\/wp-content\/uploads\/2025\/05\/IMG_4576-300x200.jpg 300w, https:\/\/pueblaexpres.com\/portal\/wp-content\/uploads\/2025\/05\/IMG_4576-768x512.jpg 768w, https:\/\/pueblaexpres.com\/portal\/wp-content\/uploads\/2025\/05\/IMG_4576-640x426.jpg 640w\" sizes=\"(max-width: 500px) 100vw, 500px\" \/><\/a><\/p>\n<p><strong>Redacci\u00f3n | Fotograf\u00edas<\/strong>\u00a0<strong>Diego Alducin @d_alducin @dat_photos \/ Manuel Vela @Mv_ManuelVela | #PueblaExpres @PueblaExpres<\/strong><\/p>\n<p>&nbsp;<\/p>\n<p><a title=\"IMG_4597 [ESPECT\u00c1CULOS] &quot;Rock en Tu Idioma&quot; | Feria De Puebla 2025 presentaci\u00f3n en el Teatro Del Pueblo | Im\u00e1genes Mara Gonz\u00e1lez @maragonzalez_13 @PueblaExpres www.pueblaexpres.com\" href=\"https:\/\/www.flickr.com\/photos\/manitas\/54498904217\/in\/dateposted-public\/\" data-flickr-embed=\"true\"><img loading=\"lazy\" decoding=\"async\" class=\"aligncenter\" src=\"https:\/\/live.staticflickr.com\/65535\/54498904217_974ebecb00.jpg\" alt=\"IMG_4597 [ESPECT\u00c1CULOS] &quot;Rock en Tu Idioma&quot; | Feria De Puebla 2025 presentaci\u00f3n en el Teatro Del Pueblo | Im\u00e1genes Mara Gonz\u00e1lez @maragonzalez_13 @PueblaExpres www.pueblaexpres.com\" width=\"500\" height=\"333\" \/><\/a><script async src=\"\/\/embedr.flickr.com\/assets\/client-code.js\" charset=\"utf-8\"><\/script><\/p>\n<p>#FeriaDePuebla2025 presentaci\u00f3n &#8220;Rock en Tu Idioma&#8221; en el #TeatroDelPueblo<\/p>\n<p>&#8220;Rock en Tu Idioma&#8221; proyecto musical dirigido por el bajista, compositor y productor mexicano Sabo Romo, que combina grandes canciones del rock latino con el talento de diversos artistas.<!--more--><\/p>\n<p><a title=\"IMG_4601 [ESPECT\u00c1CULOS] &quot;Rock en Tu Idioma&quot; | Feria De Puebla 2025 presentaci\u00f3n en el Teatro Del Pueblo | Im\u00e1genes Mara Gonz\u00e1lez @maragonzalez_13 @PueblaExpres www.pueblaexpres.com\" href=\"https:\/\/www.flickr.com\/photos\/manitas\/54500119755\/in\/dateposted-public\/\" data-flickr-embed=\"true\"><img loading=\"lazy\" decoding=\"async\" class=\"aligncenter\" src=\"https:\/\/live.staticflickr.com\/65535\/54500119755_65c5133e41.jpg\" alt=\"IMG_4601 [ESPECT\u00c1CULOS] &quot;Rock en Tu Idioma&quot; | Feria De Puebla 2025 presentaci\u00f3n en el Teatro Del Pueblo | Im\u00e1genes Mara Gonz\u00e1lez @maragonzalez_13 @PueblaExpres www.pueblaexpres.com\" width=\"500\" height=\"333\" \/><\/a><script async src=\"\/\/embedr.flickr.com\/assets\/client-code.js\" charset=\"utf-8\"><\/script><\/p>\n<p>Centro Expositor y de Convenciones Puebla ubicado en la Unidad C\u00edvica 5 de Mayo en la zona de Los Fuertes de Loreto y Guadalupe.<\/p>\n<p>@rockentuidioma_oficial<\/p>\n<p><a title=\"IMG_4607 [ESPECT\u00c1CULOS] &quot;Rock en Tu Idioma&quot; | Feria De Puebla 2025 presentaci\u00f3n en el Teatro Del Pueblo | Im\u00e1genes Mara Gonz\u00e1lez @maragonzalez_13 @PueblaExpres www.pueblaexpres.com\" href=\"https:\/\/www.flickr.com\/photos\/manitas\/54499952859\/in\/dateposted-public\/\" data-flickr-embed=\"true\"><img loading=\"lazy\" decoding=\"async\" class=\"aligncenter\" src=\"https:\/\/live.staticflickr.com\/65535\/54499952859_b15473d22d.jpg\" alt=\"IMG_4607 [ESPECT\u00c1CULOS] &quot;Rock en Tu Idioma&quot; | Feria De Puebla 2025 presentaci\u00f3n en el Teatro Del Pueblo | Im\u00e1genes Mara Gonz\u00e1lez @maragonzalez_13 @PueblaExpres www.pueblaexpres.com\" width=\"500\" height=\"333\" \/><\/a><script async src=\"\/\/embedr.flickr.com\/assets\/client-code.js\" charset=\"utf-8\"><\/script><\/p>\n<p>#PueblaExpres \ud83d\udcf8\ud83c\uddf2\ud83c\uddfd\ud83d\udcf7<br \/>\nIm\u00e1genes @d_alducin @dat_photos<br \/>\nAgencia Fotogr\u00e1fica Puebla Expres<\/p>\n<p><a title=\"IMG_4599 [ESPECT\u00c1CULOS] &quot;Rock en Tu Idioma&quot; | Feria De Puebla 2025 presentaci\u00f3n en el Teatro Del Pueblo | Im\u00e1genes Mara Gonz\u00e1lez @maragonzalez_13 @PueblaExpres www.pueblaexpres.com\" href=\"https:\/\/www.flickr.com\/photos\/manitas\/54500029488\/in\/dateposted-public\/\" data-flickr-embed=\"true\"><img loading=\"lazy\" decoding=\"async\" class=\"aligncenter\" src=\"https:\/\/live.staticflickr.com\/65535\/54500029488_7b42dd45ba.jpg\" alt=\"IMG_4599 [ESPECT\u00c1CULOS] &quot;Rock en Tu Idioma&quot; | Feria De Puebla 2025 presentaci\u00f3n en el Teatro Del Pueblo | Im\u00e1genes Mara Gonz\u00e1lez @maragonzalez_13 @PueblaExpres www.pueblaexpres.com\" width=\"500\" height=\"333\" \/><\/a><script async src=\"\/\/embedr.flickr.com\/assets\/client-code.js\" charset=\"utf-8\"><\/script><\/p>\n<p><strong>LA OPINI\u00d3N EXPRESADA EN ESTA COLUMNA ES RESPONSABILIDAD DE QUIEN LA ESCRIBE Y NO BUSCA GENERAR CONFLICTOS ENTRE LOS INVOLUCRADOS, SINO GENERAR CONCIENCIA EN CADA LECTOR.<\/strong><\/p>\n","protected":false},"excerpt":{"rendered":"<p>Redacci\u00f3n | Fotograf\u00edas\u00a0Diego Alducin @d_alducin @dat_photos \/ Manuel Vela @Mv_ManuelVela | #PueblaExpres @PueblaExpres &nbsp; #FeriaDePuebla2025 presentaci\u00f3n &#8220;Rock en Tu Idioma&#8221; en el #TeatroDelPueblo &#8220;Rock en Tu Idioma&#8221; proyecto musical dirigido por el bajista, compositor y productor mexicano Sabo Romo, que combina grandes canciones del rock latino con el talento de diversos artistas.<\/p>\n","protected":false},"author":2,"featured_media":14026,"comment_status":"open","ping_status":"open","sticky":false,"template":"","format":"standard","meta":{"footnotes":""},"categories":[8,42,166,170,36,171,1,7],"tags":[],"_links":{"self":[{"href":"https:\/\/pueblaexpres.com\/portal\/index.php?rest_route=\/wp\/v2\/posts\/14025"}],"collection":[{"href":"https:\/\/pueblaexpres.com\/portal\/index.php?rest_route=\/wp\/v2\/posts"}],"about":[{"href":"https:\/\/pueblaexpres.com\/portal\/index.php?rest_route=\/wp\/v2\/types\/post"}],"author":[{"embeddable":true,"href":"https:\/\/pueblaexpres.com\/portal\/index.php?rest_route=\/wp\/v2\/users\/2"}],"replies":[{"embeddable":true,"href":"https:\/\/pueblaexpres.com\/portal\/index.php?rest_route=%2Fwp%2Fv2%2Fcomments&post=14025"}],"version-history":[{"count":3,"href":"https:\/\/pueblaexpres.com\/portal\/index.php?rest_route=\/wp\/v2\/posts\/14025\/revisions"}],"predecessor-version":[{"id":14029,"href":"https:\/\/pueblaexpres.com\/portal\/index.php?rest_route=\/wp\/v2\/posts\/14025\/revisions\/14029"}],"wp:featuredmedia":[{"embeddable":true,"href":"https:\/\/pueblaexpres.com\/portal\/index.php?rest_route=\/wp\/v2\/media\/14026"}],"wp:attachment":[{"href":"https:\/\/pueblaexpres.com\/portal\/index.php?rest_route=%2Fwp%2Fv2%2Fmedia&parent=14025"}],"wp:term":[{"taxonomy":"category","embeddable":true,"href":"https:\/\/pueblaexpres.com\/portal\/index.php?rest_route=%2Fwp%2Fv2%2Fcategories&post=14025"},{"taxonomy":"post_tag","embeddable":true,"href":"https:\/\/pueblaexpres.com\/portal\/index.php?rest_route=%2Fwp%2Fv2%2Ftags&post=14025"}],"curies":[{"name":"wp","href":"https:\/\/api.w.org\/{rel}","templated":true}]}}