{"id":14022,"date":"2025-04-25T16:32:03","date_gmt":"2025-04-25T22:32:03","guid":{"rendered":"https:\/\/pueblaexpres.com\/portal\/?p=14022"},"modified":"2025-05-05T16:35:32","modified_gmt":"2025-05-05T22:35:32","slug":"espectaculos-julion-alvarez-mientras-tanto-en-el-palenque-de-la-feria-de-puebla-2025","status":"publish","type":"post","link":"https:\/\/pueblaexpres.com\/portal\/?p=14022","title":{"rendered":"[ESPECT\u00c1CULOS] Juli\u00f3n \u00c1lvarez | Mientras tanto en el Palenque de la Feria de Puebla 2025"},"content":{"rendered":"<div name=\"googleone_share_1\" style=\"position:relative;z-index:5;float: right; margin-left: 10px;\"><g:plusone size=\"tall\" count=\"1\" href=\"https:\/\/pueblaexpres.com\/portal\/?p=14022\"><\/g:plusone><\/div><p><a href=\"https:\/\/pueblaexpres.com\/portal\/wp-content\/uploads\/2025\/05\/YDRAY-IMG_4462.jpg\"><img loading=\"lazy\" decoding=\"async\" class=\"wp-image-14023 aligncenter\" src=\"https:\/\/pueblaexpres.com\/portal\/wp-content\/uploads\/2025\/05\/YDRAY-IMG_4462.jpg\" alt=\"\" width=\"501\" height=\"334\" srcset=\"https:\/\/pueblaexpres.com\/portal\/wp-content\/uploads\/2025\/05\/YDRAY-IMG_4462.jpg 800w, https:\/\/pueblaexpres.com\/portal\/wp-content\/uploads\/2025\/05\/YDRAY-IMG_4462-300x200.jpg 300w, https:\/\/pueblaexpres.com\/portal\/wp-content\/uploads\/2025\/05\/YDRAY-IMG_4462-768x512.jpg 768w, https:\/\/pueblaexpres.com\/portal\/wp-content\/uploads\/2025\/05\/YDRAY-IMG_4462-640x426.jpg 640w\" sizes=\"(max-width: 501px) 100vw, 501px\" \/><\/a><\/p>\n<p><strong>Redacci\u00f3n | Fotograf\u00edas Mara Gonz\u00e1lez @maragonzalez_13 \/ Manuel Vela @Mv_ManuelVela | #PueblaExpres @PueblaExpres<\/strong><\/p>\n<p>Mientras tanto en el Palenque de la Feria de Puebla 2025<\/p>\n<p><a title=\"_0001 [ESPECT\u00c1CULOS] Juli\u00f3n \u00c1lvarez | Mientras tanto en el Palenque de la Feria de Puebla 2025 | Im\u00e1genes Mara Gonz\u00e1lez @maragonzalez_13 @PueblaExpres www.pueblaexpres.com\" href=\"https:\/\/www.flickr.com\/photos\/manitas\/54498871367\/in\/album-72177720325914573\" data-flickr-embed=\"true\"><img loading=\"lazy\" decoding=\"async\" class=\"aligncenter\" src=\"https:\/\/live.staticflickr.com\/65535\/54498871367_3a5991e989.jpg\" alt=\"_0001 [ESPECT\u00c1CULOS] Juli\u00f3n \u00c1lvarez | Mientras tanto en el Palenque de la Feria de Puebla 2025 | Im\u00e1genes Mara Gonz\u00e1lez @maragonzalez_13 @PueblaExpres www.pueblaexpres.com\" width=\"500\" height=\"333\" \/><\/a><script async src=\"\/\/embedr.flickr.com\/assets\/client-code.js\" charset=\"utf-8\"><\/script><\/p>\n<p>Por segundo d\u00eda consecutivo se present\u00f3 en el #PalenqueDeLaFeria Juli\u00f3n \u00c1lvarez en donde interpret\u00f3 sus mejores \u00e9xitos musicales y puso a bailar a los m\u00e1s de 5000 asistentes.<\/p>\n<p>Palenque de la Feria de Puebla 2025<!--more--><\/p>\n<p><a title=\"_0001 [ESPECT\u00c1CULOS] Juli\u00f3n \u00c1lvarez | Mientras tanto en el Palenque de la Feria de Puebla 2025 | Im\u00e1genes Mara Gonz\u00e1lez @maragonzalez_13 @PueblaExpres www.pueblaexpres.com\" href=\"https:\/\/www.flickr.com\/photos\/manitas\/54499920074\/in\/album-72177720325914573\" data-flickr-embed=\"true\"><img loading=\"lazy\" decoding=\"async\" class=\"aligncenter\" src=\"https:\/\/live.staticflickr.com\/65535\/54499920074_e7e11d4f07.jpg\" alt=\"_0001 [ESPECT\u00c1CULOS] Juli\u00f3n \u00c1lvarez | Mientras tanto en el Palenque de la Feria de Puebla 2025 | Im\u00e1genes Mara Gonz\u00e1lez @maragonzalez_13 @PueblaExpres www.pueblaexpres.com\" width=\"500\" height=\"333\" \/><\/a><script async src=\"\/\/embedr.flickr.com\/assets\/client-code.js\" charset=\"utf-8\"><\/script><\/p>\n<p>Centro Expositor y de Convenciones Puebla ubicado en la Unidad C\u00edvica 5 de Mayo en la zona de Los Fuertes de Loreto y Guadalupe.<\/p>\n<p>@lospasosdejulion<\/p>\n<p><a title=\"_0001 [ESPECT\u00c1CULOS] Juli\u00f3n \u00c1lvarez | Mientras tanto en el Palenque de la Feria de Puebla 2025 | Im\u00e1genes Mara Gonz\u00e1lez @maragonzalez_13 @PueblaExpres www.pueblaexpres.com\" href=\"https:\/\/www.flickr.com\/photos\/manitas\/54498871352\/in\/album-72177720325914573\" data-flickr-embed=\"true\"><img loading=\"lazy\" decoding=\"async\" class=\"aligncenter\" src=\"https:\/\/live.staticflickr.com\/65535\/54498871352_94d600899c.jpg\" alt=\"_0001 [ESPECT\u00c1CULOS] Juli\u00f3n \u00c1lvarez | Mientras tanto en el Palenque de la Feria de Puebla 2025 | Im\u00e1genes Mara Gonz\u00e1lez @maragonzalez_13 @PueblaExpres www.pueblaexpres.com\" width=\"500\" height=\"333\" \/><\/a><script async src=\"\/\/embedr.flickr.com\/assets\/client-code.js\" charset=\"utf-8\"><\/script><\/p>\n<p>#PueblaExpres \ud83d\udcf8\ud83c\uddf2\ud83c\uddfd\ud83d\udcf7<br \/>\nIm\u00e1genes @maragonzalez13 \ud83c\uddf2\ud83c\uddfd\ud83d\udcf7<br \/>\nAgencia Fotogr\u00e1fica Puebla Expres<\/p>\n<p><a title=\"_0001 [ESPECT\u00c1CULOS] Juli\u00f3n \u00c1lvarez | Mientras tanto en el Palenque de la Feria de Puebla 2025 | Im\u00e1genes Mara Gonz\u00e1lez @maragonzalez_13 @PueblaExpres www.pueblaexpres.com\" href=\"https:\/\/www.flickr.com\/photos\/manitas\/54499736596\/in\/album-72177720325914573\" data-flickr-embed=\"true\"><img loading=\"lazy\" decoding=\"async\" class=\"aligncenter\" src=\"https:\/\/live.staticflickr.com\/65535\/54499736596_6f54a8694b.jpg\" alt=\"_0001 [ESPECT\u00c1CULOS] Juli\u00f3n \u00c1lvarez | Mientras tanto en el Palenque de la Feria de Puebla 2025 | Im\u00e1genes Mara Gonz\u00e1lez @maragonzalez_13 @PueblaExpres www.pueblaexpres.com\" width=\"500\" height=\"333\" \/><\/a><script async src=\"\/\/embedr.flickr.com\/assets\/client-code.js\" charset=\"utf-8\"><\/script><\/p>\n<p><strong>LA OPINI\u00d3N EXPRESADA EN ESTA COLUMNA ES RESPONSABILIDAD DE QUIEN LA ESCRIBE Y NO BUSCA GENERAR CONFLICTOS ENTRE LOS INVOLUCRADOS, SINO GENERAR CONCIENCIA EN CADA LECTOR.<\/strong><\/p>\n","protected":false},"excerpt":{"rendered":"<p>Redacci\u00f3n | Fotograf\u00edas Mara Gonz\u00e1lez @maragonzalez_13 \/ Manuel Vela @Mv_ManuelVela | #PueblaExpres @PueblaExpres Mientras tanto en el Palenque de la Feria de Puebla 2025 Por segundo d\u00eda consecutivo se present\u00f3 en el #PalenqueDeLaFeria Juli\u00f3n \u00c1lvarez en donde interpret\u00f3 sus mejores \u00e9xitos musicales y puso a bailar a los m\u00e1s de 5000 asistentes. Palenque de la [&hellip;]<\/p>\n","protected":false},"author":2,"featured_media":14023,"comment_status":"open","ping_status":"open","sticky":false,"template":"","format":"standard","meta":{"footnotes":""},"categories":[8,42,166,170,36,171,1,7],"tags":[],"_links":{"self":[{"href":"https:\/\/pueblaexpres.com\/portal\/index.php?rest_route=\/wp\/v2\/posts\/14022"}],"collection":[{"href":"https:\/\/pueblaexpres.com\/portal\/index.php?rest_route=\/wp\/v2\/posts"}],"about":[{"href":"https:\/\/pueblaexpres.com\/portal\/index.php?rest_route=\/wp\/v2\/types\/post"}],"author":[{"embeddable":true,"href":"https:\/\/pueblaexpres.com\/portal\/index.php?rest_route=\/wp\/v2\/users\/2"}],"replies":[{"embeddable":true,"href":"https:\/\/pueblaexpres.com\/portal\/index.php?rest_route=%2Fwp%2Fv2%2Fcomments&post=14022"}],"version-history":[{"count":1,"href":"https:\/\/pueblaexpres.com\/portal\/index.php?rest_route=\/wp\/v2\/posts\/14022\/revisions"}],"predecessor-version":[{"id":14024,"href":"https:\/\/pueblaexpres.com\/portal\/index.php?rest_route=\/wp\/v2\/posts\/14022\/revisions\/14024"}],"wp:featuredmedia":[{"embeddable":true,"href":"https:\/\/pueblaexpres.com\/portal\/index.php?rest_route=\/wp\/v2\/media\/14023"}],"wp:attachment":[{"href":"https:\/\/pueblaexpres.com\/portal\/index.php?rest_route=%2Fwp%2Fv2%2Fmedia&parent=14022"}],"wp:term":[{"taxonomy":"category","embeddable":true,"href":"https:\/\/pueblaexpres.com\/portal\/index.php?rest_route=%2Fwp%2Fv2%2Fcategories&post=14022"},{"taxonomy":"post_tag","embeddable":true,"href":"https:\/\/pueblaexpres.com\/portal\/index.php?rest_route=%2Fwp%2Fv2%2Ftags&post=14022"}],"curies":[{"name":"wp","href":"https:\/\/api.w.org\/{rel}","templated":true}]}}