{"id":14013,"date":"2025-04-24T15:25:09","date_gmt":"2025-04-24T21:25:09","guid":{"rendered":"https:\/\/pueblaexpres.com\/portal\/?p=14013"},"modified":"2025-05-05T15:28:50","modified_gmt":"2025-05-05T21:28:50","slug":"espectaculos-inauguracion-feria-de-puebla-2025","status":"publish","type":"post","link":"https:\/\/pueblaexpres.com\/portal\/?p=14013","title":{"rendered":"[ESPECT\u00c1CULOS] INAUGURACI\u00d3N FERIA DE PUEBLA 2025\u2026"},"content":{"rendered":"<div name=\"googleone_share_1\" style=\"position:relative;z-index:5;float: right; margin-left: 10px;\"><g:plusone size=\"tall\" count=\"1\" href=\"https:\/\/pueblaexpres.com\/portal\/?p=14013\"><\/g:plusone><\/div><p><a href=\"https:\/\/pueblaexpres.com\/portal\/wp-content\/uploads\/2025\/05\/YDRAY-IMG_20250424_172751.jpg\"><img loading=\"lazy\" decoding=\"async\" class=\"wp-image-14014 aligncenter\" src=\"https:\/\/pueblaexpres.com\/portal\/wp-content\/uploads\/2025\/05\/YDRAY-IMG_20250424_172751.jpg\" alt=\"\" width=\"498\" height=\"332\" srcset=\"https:\/\/pueblaexpres.com\/portal\/wp-content\/uploads\/2025\/05\/YDRAY-IMG_20250424_172751.jpg 800w, https:\/\/pueblaexpres.com\/portal\/wp-content\/uploads\/2025\/05\/YDRAY-IMG_20250424_172751-300x200.jpg 300w, https:\/\/pueblaexpres.com\/portal\/wp-content\/uploads\/2025\/05\/YDRAY-IMG_20250424_172751-768x512.jpg 768w, https:\/\/pueblaexpres.com\/portal\/wp-content\/uploads\/2025\/05\/YDRAY-IMG_20250424_172751-640x426.jpg 640w\" sizes=\"(max-width: 498px) 100vw, 498px\" \/><\/a><\/p>\n<p style=\"text-align: left;\"><strong>Redacci\u00f3n | Fotograf\u00edas Mara Gonz\u00e1lez @maragonzalez_13 \/ Manuel Vela @Mv_ManuelVela | #PueblaExpres @PueblaExpres<\/strong><\/p>\n<p>La secretaria de Turismo del Gobierno de M\u00e9xico, Josefina Rodr\u00edguez y el Gobernador del Estado, Alejandro Armenta inauguraron la Feria de Puebla 2025, la gran Fiesta Poblana, la m\u00e1s grande en la historia del estado, donde todo el pa\u00eds disfrutar\u00e1 de la gastronom\u00eda, cultura, tradiciones y pueblos m\u00e1gicos de la entidad.<\/p>\n<p>En su mensaje, la secretaria de Turismo del Gobierno de M\u00e9xico, Josefina Rodr\u00edguez destac\u00f3 que M\u00e9xico es la sexta potencia tur\u00edstica y que, con el Plan M\u00e9xico, en uni\u00f3n con los 32 estados, el pa\u00eds aspira a ser la quinta potencia. \u201cPuebla es un eje principal, un eje conectado, porque han roto hoy todos los r\u00e9cords, recibieron m\u00e1s de 250 mil turistas en Semana Santa, m\u00e1s del 12 por ciento que en el 2024\u201d.<\/p>\n<p><a title=\"_0001 [ESPECT\u00c1CULOS] INAUGURACI\u00d3N FERIA DE PUEBLA 2025\u2026 | Im\u00e1genes Mara Gonz\u00e1lez @maragonzalez_13 @PueblaExpres www.pueblaexpres.com\" href=\"https:\/\/www.flickr.com\/photos\/manitas\/54498749512\/in\/album-72177720325912948\" data-flickr-embed=\"true\"><img loading=\"lazy\" decoding=\"async\" class=\"aligncenter\" src=\"https:\/\/live.staticflickr.com\/65535\/54498749512_4a21fc3ba6.jpg\" alt=\"_0001 [ESPECT\u00c1CULOS] INAUGURACI\u00d3N FERIA DE PUEBLA 2025\u2026 | Im\u00e1genes Mara Gonz\u00e1lez @maragonzalez_13 @PueblaExpres www.pueblaexpres.com\" width=\"500\" height=\"333\" \/><\/a><script async src=\"\/\/embedr.flickr.com\/assets\/client-code.js\" charset=\"utf-8\"><\/script><\/p>\n<p>La funcionaria federal afirm\u00f3 que con la cartelera de m\u00e1s de 100 eventos que integra el Pasaporte Tur\u00edstico, Puebla piensa en grande y aspira a recibir 5 millones de turistas, adicionales a los que ya recibe, sobre todo al promover el Turismo Comunitario, al compartir tradiciones, costumbres y fomentar en la poblaci\u00f3n el orgullo de ser mexicanos. \u201cEs decir, recibir\u00e1 un 50 por ciento m\u00e1s de visitantes, por eso felicito al gobernador Alejandro Armenta, porque lo hace con el coraz\u00f3n\u201d.<!--more--><\/p>\n<p>En su mensaje, el gobernador Alejandro Armenta reconoci\u00f3 el impulso que lleva a cabo la presidenta de M\u00e9xico, Claudia Sheinbaum al sector econ\u00f3mico, por ello asever\u00f3 que las ferias se convierten en momentos de mayor relevancia, y hoy Puebla se pone en el coraz\u00f3n de M\u00e9xico, con momentos de reencuentro con las familias, la cultura y el arte, donde las y los empresarios tienen un papel protag\u00f3nico.<\/p>\n<p><a title=\"_0001 [ESPECT\u00c1CULOS] INAUGURACI\u00d3N FERIA DE PUEBLA 2025\u2026 | Im\u00e1genes Mara Gonz\u00e1lez @maragonzalez_13 @PueblaExpres www.pueblaexpres.com\" href=\"https:\/\/www.flickr.com\/photos\/manitas\/54498749487\/in\/album-72177720325912948\/\" data-flickr-embed=\"true\"><img loading=\"lazy\" decoding=\"async\" class=\"aligncenter\" src=\"https:\/\/live.staticflickr.com\/65535\/54498749487_e7b898cb49.jpg\" alt=\"_0001 [ESPECT\u00c1CULOS] INAUGURACI\u00d3N FERIA DE PUEBLA 2025\u2026 | Im\u00e1genes Mara Gonz\u00e1lez @maragonzalez_13 @PueblaExpres www.pueblaexpres.com\" width=\"500\" height=\"333\" \/><\/a><script async src=\"\/\/embedr.flickr.com\/assets\/client-code.js\" charset=\"utf-8\"><\/script><\/p>\n<p>El mandatario estatal puntualiz\u00f3 que mujeres y hombres pondr\u00e1n lo mejor de ellos para que durante 18 d\u00edas, Puebla se convierta en punto de referencia. \u201cBuscamos que la Feria de Puebla se convierta en una etapa de riqueza comunitaria, que signifique el momento de recuperaci\u00f3n econ\u00f3mica de los micro, peque\u00f1os y medianos empresarios de nuestro estado\u201d.<\/p>\n<p>La directora de Convenciones y Parques, Michelle Talavera, inform\u00f3 que esta gran celebraci\u00f3n espera una afluencia de 1.7 millones de personas, quienes dejar\u00e1n una derrama econ\u00f3mica superior a los mil millones de pesos, con ello se impulsar\u00e1 el turismo y se reactivar\u00e1 la econom\u00eda en la entidad.<\/p>\n<p><a title=\"_0001 [ESPECT\u00c1CULOS] INAUGURACI\u00d3N FERIA DE PUEBLA 2025\u2026 | Im\u00e1genes Mara Gonz\u00e1lez @maragonzalez_13 @PueblaExpres www.pueblaexpres.com\" href=\"https:\/\/www.flickr.com\/photos\/manitas\/54499965100\/in\/album-72177720325912948\/\" data-flickr-embed=\"true\"><img loading=\"lazy\" decoding=\"async\" class=\"aligncenter\" src=\"https:\/\/live.staticflickr.com\/65535\/54499965100_a6eec2dbd4.jpg\" alt=\"_0001 [ESPECT\u00c1CULOS] INAUGURACI\u00d3N FERIA DE PUEBLA 2025\u2026 | Im\u00e1genes Mara Gonz\u00e1lez @maragonzalez_13 @PueblaExpres www.pueblaexpres.com\" width=\"500\" height=\"333\" \/><\/a><script async src=\"\/\/embedr.flickr.com\/assets\/client-code.js\" charset=\"utf-8\"><\/script><\/p>\n<p>\u201cEsta Feria impulsar\u00e1 el turismo, reactivar\u00e1 la econom\u00eda tur\u00edstica y nos va a unir como sociedad. Esta feria ha sido pensada por nuestro gobernador Alejandro Armenta para todos, para ni\u00f1as, para ni\u00f1os, j\u00f3venes, familias, para visitantes, locales, nacionales e internacionales; cada rinc\u00f3n ha sido dise\u00f1ado con amor, con seguridad, con innovaci\u00f3n y con la firme intenci\u00f3n de que nadie se quede sin vivirla\u201d, se\u00f1al\u00f3 la directora de Convenciones y Parques.<\/p>\n<p>Finalmente, la secretaria de Desarrollo Tur\u00edstico, Yadira Lira, afirm\u00f3 que este a\u00f1o Puebla brilla a\u00fan m\u00e1s con nuestros pabellones tur\u00edsticos, un recorrido por lo mejor de nuestras ra\u00edces y nuestras riquezas. \u201cEncontrar\u00e1n lo m\u00e1s bello y aut\u00e9ntico de nuestros pueblos m\u00e1gicos, la esencia de nuestros municipios con vocaci\u00f3n tur\u00edstica y una muestra del turismo comunitario, ese que nace del coraz\u00f3n de nuestras comunidades y que conectan con lo m\u00e1s profundo de nuestra identidad\u201d.<\/p>\n<p><a title=\"_0001 [ESPECT\u00c1CULOS] INAUGURACI\u00d3N FERIA DE PUEBLA 2025\u2026 | Im\u00e1genes Mara Gonz\u00e1lez @maragonzalez_13 @PueblaExpres www.pueblaexpres.com\" href=\"https:\/\/www.flickr.com\/photos\/manitas\/54499798294\/in\/album-72177720325912948\/\" data-flickr-embed=\"true\"><img loading=\"lazy\" decoding=\"async\" class=\"aligncenter\" src=\"https:\/\/live.staticflickr.com\/65535\/54499798294_bd92358be1.jpg\" alt=\"_0001 [ESPECT\u00c1CULOS] INAUGURACI\u00d3N FERIA DE PUEBLA 2025\u2026 | Im\u00e1genes Mara Gonz\u00e1lez @maragonzalez_13 @PueblaExpres www.pueblaexpres.com\" width=\"500\" height=\"333\" \/><\/a><script async src=\"\/\/embedr.flickr.com\/assets\/client-code.js\" charset=\"utf-8\"><\/script><\/p>\n<p>#PueblaExpres \ud83d\udcf7\ud83c\uddf2\ud83c\uddfd\ud83d\udcf8<br \/>\nIm\u00e1genes Mara Gonz\u00e1lez @maragonzalez_13<\/p>\n<p><strong>LA OPINI\u00d3N EXPRESADA EN ESTA COLUMNA ES RESPONSABILIDAD DE QUIEN LA ESCRIBE Y NO BUSCA GENERAR CONFLICTOS ENTRE LOS INVOLUCRADOS, SINO GENERAR CONCIENCIA EN CADA LECTOR.<\/strong><\/p>\n<p>&nbsp;<\/p>\n","protected":false},"excerpt":{"rendered":"<p>Redacci\u00f3n | Fotograf\u00edas Mara Gonz\u00e1lez @maragonzalez_13 \/ Manuel Vela @Mv_ManuelVela | #PueblaExpres @PueblaExpres La secretaria de Turismo del Gobierno de M\u00e9xico, Josefina Rodr\u00edguez y el Gobernador del Estado, Alejandro Armenta inauguraron la Feria de Puebla 2025, la gran Fiesta Poblana, la m\u00e1s grande en la historia del estado, donde todo el pa\u00eds disfrutar\u00e1 de la [&hellip;]<\/p>\n","protected":false},"author":2,"featured_media":14014,"comment_status":"open","ping_status":"open","sticky":false,"template":"","format":"standard","meta":{"footnotes":""},"categories":[8,42,166,170,36,171,1,7],"tags":[],"_links":{"self":[{"href":"https:\/\/pueblaexpres.com\/portal\/index.php?rest_route=\/wp\/v2\/posts\/14013"}],"collection":[{"href":"https:\/\/pueblaexpres.com\/portal\/index.php?rest_route=\/wp\/v2\/posts"}],"about":[{"href":"https:\/\/pueblaexpres.com\/portal\/index.php?rest_route=\/wp\/v2\/types\/post"}],"author":[{"embeddable":true,"href":"https:\/\/pueblaexpres.com\/portal\/index.php?rest_route=\/wp\/v2\/users\/2"}],"replies":[{"embeddable":true,"href":"https:\/\/pueblaexpres.com\/portal\/index.php?rest_route=%2Fwp%2Fv2%2Fcomments&post=14013"}],"version-history":[{"count":1,"href":"https:\/\/pueblaexpres.com\/portal\/index.php?rest_route=\/wp\/v2\/posts\/14013\/revisions"}],"predecessor-version":[{"id":14015,"href":"https:\/\/pueblaexpres.com\/portal\/index.php?rest_route=\/wp\/v2\/posts\/14013\/revisions\/14015"}],"wp:featuredmedia":[{"embeddable":true,"href":"https:\/\/pueblaexpres.com\/portal\/index.php?rest_route=\/wp\/v2\/media\/14014"}],"wp:attachment":[{"href":"https:\/\/pueblaexpres.com\/portal\/index.php?rest_route=%2Fwp%2Fv2%2Fmedia&parent=14013"}],"wp:term":[{"taxonomy":"category","embeddable":true,"href":"https:\/\/pueblaexpres.com\/portal\/index.php?rest_route=%2Fwp%2Fv2%2Fcategories&post=14013"},{"taxonomy":"post_tag","embeddable":true,"href":"https:\/\/pueblaexpres.com\/portal\/index.php?rest_route=%2Fwp%2Fv2%2Ftags&post=14013"}],"curies":[{"name":"wp","href":"https:\/\/api.w.org\/{rel}","templated":true}]}}