{"id":14006,"date":"2025-04-18T14:52:14","date_gmt":"2025-04-18T20:52:14","guid":{"rendered":"https:\/\/pueblaexpres.com\/portal\/?p=14006"},"modified":"2025-04-24T14:57:45","modified_gmt":"2025-04-24T20:57:45","slug":"edicion-xxxiii-procesion-de-viernes-santo-2025-catedral-basilica-de-puebla-y-o-catedral-de-nuestra-senora-de-la-inmaculada-concepcion-centro-historico-de-puebla","status":"publish","type":"post","link":"https:\/\/pueblaexpres.com\/portal\/?p=14006","title":{"rendered":"Edici\u00f3n XXXIII \/ Procesi\u00f3n de Viernes Santo 2025 | Catedral bas\u00edlica de Puebla y\/o Catedral de Nuestra Se\u00f1ora de la Inmaculada Concepci\u00f3n | Centro Hist\u00f3rico de Puebla"},"content":{"rendered":"<div name=\"googleone_share_1\" style=\"position:relative;z-index:5;float: right; margin-left: 10px;\"><g:plusone size=\"tall\" count=\"1\" href=\"https:\/\/pueblaexpres.com\/portal\/?p=14006\"><\/g:plusone><\/div><p><a href=\"https:\/\/pueblaexpres.com\/portal\/wp-content\/uploads\/2025\/04\/YDRAY-IMG_20250418_140035.jpg\"><img loading=\"lazy\" decoding=\"async\" class=\"wp-image-14007 aligncenter\" src=\"https:\/\/pueblaexpres.com\/portal\/wp-content\/uploads\/2025\/04\/YDRAY-IMG_20250418_140035.jpg\" alt=\"\" width=\"495\" height=\"330\" srcset=\"https:\/\/pueblaexpres.com\/portal\/wp-content\/uploads\/2025\/04\/YDRAY-IMG_20250418_140035.jpg 800w, https:\/\/pueblaexpres.com\/portal\/wp-content\/uploads\/2025\/04\/YDRAY-IMG_20250418_140035-300x200.jpg 300w, https:\/\/pueblaexpres.com\/portal\/wp-content\/uploads\/2025\/04\/YDRAY-IMG_20250418_140035-768x512.jpg 768w, https:\/\/pueblaexpres.com\/portal\/wp-content\/uploads\/2025\/04\/YDRAY-IMG_20250418_140035-640x426.jpg 640w\" sizes=\"(max-width: 495px) 100vw, 495px\" \/><\/a><\/p>\n<p><strong>Redacci\u00f3n | Fotograf\u00edas Mara Gonz\u00e1lez @maragonzalez_13 \/ Sebasti\u00e1n Salado Zer\u00f3n @seb.sz98 \/ Manuel Vela @Mv_ManuelVela | #PueblaExpres @PueblaExpres<\/strong><\/p>\n<p>Edici\u00f3n XXXIII \/ Procesi\u00f3n de Viernes Santo 2025 en Puebla.<\/p>\n<p><a title=\"_0001 [Edici\u00f3n XXXIII \/ Procesi\u00f3n de Viernes Santo 2025] Catedral bas\u00edlica de Puebla y\/o Catedral de Nuestra Se\u00f1ora de la Inmaculada Concepci\u00f3n | Centro Hist\u00f3rico de Puebla | Im\u00e1genes @maragonzalez_13 \/ @seb.sz98 @PueblaExpres www.pueblaexpres.com\" href=\"https:\/\/www.flickr.com\/photos\/manitas\/54473039057\/in\/album-72177720325452306\" data-flickr-embed=\"true\"><img loading=\"lazy\" decoding=\"async\" class=\"aligncenter\" src=\"https:\/\/live.staticflickr.com\/65535\/54473039057_4a8a9c2548.jpg\" alt=\"_0001 [Edici\u00f3n XXXIII \/ Procesi\u00f3n de Viernes Santo 2025] Catedral bas\u00edlica de Puebla y\/o Catedral de Nuestra Se\u00f1ora de la Inmaculada Concepci\u00f3n | Centro Hist\u00f3rico de Puebla | Im\u00e1genes @maragonzalez_13 \/ @seb.sz98 @PueblaExpres www.pueblaexpres.com\" width=\"500\" height=\"333\" \/><\/a><script async src=\"\/\/embedr.flickr.com\/assets\/client-code.js\" charset=\"utf-8\"><\/script><\/p>\n<p>El recorrido de la procesi\u00f3n inici\u00f3 en la Catedral de Puebla a las 12:00 horas.<\/p>\n<p>La fe y la tradici\u00f3n religiosa se hicieron presentes este Viernes Santo en el Centro Hist\u00f3rico de Puebla, donde miles de fieles (alrededor de 160 mil personas) se congregaron desde temprana hora para participar en la procesi\u00f3n m\u00e1s representativa de la entidad, que este 2025 lleg\u00f3 a su edici\u00f3n n\u00famero XXXIII.<\/p>\n<p><a title=\"_0001 [Edici\u00f3n XXXIII \/ Procesi\u00f3n de Viernes Santo 2025] Catedral bas\u00edlica de Puebla y\/o Catedral de Nuestra Se\u00f1ora de la Inmaculada Concepci\u00f3n | Centro Hist\u00f3rico de Puebla | Im\u00e1genes @maragonzalez_13 \/ @seb.sz98 @PueblaExpres www.pueblaexpres.com\" href=\"https:\/\/www.flickr.com\/photos\/manitas\/54474240750\/in\/album-72177720325452306\" data-flickr-embed=\"true\"><img loading=\"lazy\" decoding=\"async\" class=\"aligncenter\" src=\"https:\/\/live.staticflickr.com\/65535\/54474240750_0ceb4d1f58.jpg\" alt=\"_0001 [Edici\u00f3n XXXIII \/ Procesi\u00f3n de Viernes Santo 2025] Catedral bas\u00edlica de Puebla y\/o Catedral de Nuestra Se\u00f1ora de la Inmaculada Concepci\u00f3n | Centro Hist\u00f3rico de Puebla | Im\u00e1genes @maragonzalez_13 \/ @seb.sz98 @PueblaExpres www.pueblaexpres.com\" width=\"500\" height=\"333\" \/><\/a><script async src=\"\/\/embedr.flickr.com\/assets\/client-code.js\" charset=\"utf-8\"><\/script><\/p>\n<p>En Catedral\u2026 la primera en arribar fue la de Jes\u00fas de la Misericordia, que participa por tercera ocasi\u00f3n en este acto religioso. M\u00e1s tarde llegaron la Virgen de los Dolores, Jes\u00fas de las Tres Ca\u00eddas y la Virgen de la Soledad, esta \u00faltima portada exclusivamente por mujeres vestidas de negro. Tambi\u00e9n estuvieron presentes el Ni\u00f1o Doctor de Tepeaca, Jes\u00fas Nazareno y, finalmente, el Se\u00f1or de las Maravillas.<!--more--><\/p>\n<p><a title=\"_0001 [Edici\u00f3n XXXIII \/ Procesi\u00f3n de Viernes Santo 2025] Catedral bas\u00edlica de Puebla y\/o Catedral de Nuestra Se\u00f1ora de la Inmaculada Concepci\u00f3n | Centro Hist\u00f3rico de Puebla | Im\u00e1genes @maragonzalez_13 \/ @seb.sz98 @PueblaExpres www.pueblaexpres.com\" href=\"https:\/\/www.flickr.com\/photos\/manitas\/54473883436\/in\/album-72177720325452306\" data-flickr-embed=\"true\"><img loading=\"lazy\" decoding=\"async\" class=\"aligncenter\" src=\"https:\/\/live.staticflickr.com\/65535\/54473883436_0b21d6efdd.jpg\" alt=\"_0001 [Edici\u00f3n XXXIII \/ Procesi\u00f3n de Viernes Santo 2025] Catedral bas\u00edlica de Puebla y\/o Catedral de Nuestra Se\u00f1ora de la Inmaculada Concepci\u00f3n | Centro Hist\u00f3rico de Puebla | Im\u00e1genes @maragonzalez_13 \/ @seb.sz98 @PueblaExpres www.pueblaexpres.com\" width=\"500\" height=\"333\" \/><\/a><script async src=\"\/\/embedr.flickr.com\/assets\/client-code.js\" charset=\"utf-8\"><\/script><\/p>\n<p>Posteriormente, la procesi\u00f3n paso frente al Palacio Municipal, para seguir sobre la calle 5 de Mayo hasta dar vuelta en la 4 Oriente. Los contingentes avanzaron sobre dicha vialidad hasta la 4 Poniente y la 11 Norte.<\/p>\n<p>Despu\u00e9s llegar\u00e1n a la capillita en Avenida Reforma, en donde se hizo la segunda reflexi\u00f3n. Para luego avanzar sobre Avenida Reforma hasta llegar a la 3 Sur y de nuevo a la Catedral.<\/p>\n<p><a title=\"_0001 [Edici\u00f3n XXXIII \/ Procesi\u00f3n de Viernes Santo 2025] Catedral bas\u00edlica de Puebla y\/o Catedral de Nuestra Se\u00f1ora de la Inmaculada Concepci\u00f3n | Centro Hist\u00f3rico de Puebla | Im\u00e1genes @maragonzalez_13 \/ @seb.sz98 @PueblaExpres www.pueblaexpres.com\" href=\"https:\/\/www.flickr.com\/photos\/manitas\/54474240645\/in\/album-72177720325452306\" data-flickr-embed=\"true\"><img loading=\"lazy\" decoding=\"async\" class=\"aligncenter\" src=\"https:\/\/live.staticflickr.com\/65535\/54474240645_70ebcbe519.jpg\" alt=\"_0001 [Edici\u00f3n XXXIII \/ Procesi\u00f3n de Viernes Santo 2025] Catedral bas\u00edlica de Puebla y\/o Catedral de Nuestra Se\u00f1ora de la Inmaculada Concepci\u00f3n | Centro Hist\u00f3rico de Puebla | Im\u00e1genes @maragonzalez_13 \/ @seb.sz98 @PueblaExpres www.pueblaexpres.com\" width=\"500\" height=\"333\" \/><\/a><script async src=\"\/\/embedr.flickr.com\/assets\/client-code.js\" charset=\"utf-8\"><\/script><\/p>\n<p>En el sitio se har\u00e1 una tercera y \u00faltima reflexi\u00f3n, y se espera que la bendici\u00f3n final sea a las 15:00 horas.<\/p>\n<p><strong>LA OPINI\u00d3N EXPRESADA EN ESTA COLUMNA ES RESPONSABILIDAD DE QUIEN LA ESCRIBE Y NO BUSCA GENERAR CONFLICTOS ENTRE LOS INVOLUCRADOS, SINO GENERAR CONCIENCIA EN CADA LECTOR.<\/strong><\/p>\n","protected":false},"excerpt":{"rendered":"<p>Redacci\u00f3n | Fotograf\u00edas Mara Gonz\u00e1lez @maragonzalez_13 \/ Sebasti\u00e1n Salado Zer\u00f3n @seb.sz98 \/ Manuel Vela @Mv_ManuelVela | #PueblaExpres @PueblaExpres Edici\u00f3n XXXIII \/ Procesi\u00f3n de Viernes Santo 2025 en Puebla. El recorrido de la procesi\u00f3n inici\u00f3 en la Catedral de Puebla a las 12:00 horas. La fe y la tradici\u00f3n religiosa se hicieron presentes este Viernes Santo [&hellip;]<\/p>\n","protected":false},"author":2,"featured_media":14007,"comment_status":"open","ping_status":"open","sticky":false,"template":"","format":"standard","meta":{"footnotes":""},"categories":[8,166,170,36,171,1,7],"tags":[],"_links":{"self":[{"href":"https:\/\/pueblaexpres.com\/portal\/index.php?rest_route=\/wp\/v2\/posts\/14006"}],"collection":[{"href":"https:\/\/pueblaexpres.com\/portal\/index.php?rest_route=\/wp\/v2\/posts"}],"about":[{"href":"https:\/\/pueblaexpres.com\/portal\/index.php?rest_route=\/wp\/v2\/types\/post"}],"author":[{"embeddable":true,"href":"https:\/\/pueblaexpres.com\/portal\/index.php?rest_route=\/wp\/v2\/users\/2"}],"replies":[{"embeddable":true,"href":"https:\/\/pueblaexpres.com\/portal\/index.php?rest_route=%2Fwp%2Fv2%2Fcomments&post=14006"}],"version-history":[{"count":1,"href":"https:\/\/pueblaexpres.com\/portal\/index.php?rest_route=\/wp\/v2\/posts\/14006\/revisions"}],"predecessor-version":[{"id":14008,"href":"https:\/\/pueblaexpres.com\/portal\/index.php?rest_route=\/wp\/v2\/posts\/14006\/revisions\/14008"}],"wp:featuredmedia":[{"embeddable":true,"href":"https:\/\/pueblaexpres.com\/portal\/index.php?rest_route=\/wp\/v2\/media\/14007"}],"wp:attachment":[{"href":"https:\/\/pueblaexpres.com\/portal\/index.php?rest_route=%2Fwp%2Fv2%2Fmedia&parent=14006"}],"wp:term":[{"taxonomy":"category","embeddable":true,"href":"https:\/\/pueblaexpres.com\/portal\/index.php?rest_route=%2Fwp%2Fv2%2Fcategories&post=14006"},{"taxonomy":"post_tag","embeddable":true,"href":"https:\/\/pueblaexpres.com\/portal\/index.php?rest_route=%2Fwp%2Fv2%2Ftags&post=14006"}],"curies":[{"name":"wp","href":"https:\/\/api.w.org\/{rel}","templated":true}]}}