{"id":14003,"date":"2025-04-09T14:48:21","date_gmt":"2025-04-09T20:48:21","guid":{"rendered":"https:\/\/pueblaexpres.com\/portal\/?p=14003"},"modified":"2025-04-24T14:51:22","modified_gmt":"2025-04-24T20:51:22","slug":"espectaculos-alan-parsons-se-presento-ante-su-publico-poblano-con-su-live-project-tour-2025","status":"publish","type":"post","link":"https:\/\/pueblaexpres.com\/portal\/?p=14003","title":{"rendered":"[ESPECT\u00c1CULOS] Alan Parsons se present\u00f3 ante su p\u00fablico poblano con su &#8220;LIVE PROJECT TOUR 2025&#8221;"},"content":{"rendered":"<div name=\"googleone_share_1\" style=\"position:relative;z-index:5;float: right; margin-left: 10px;\"><g:plusone size=\"tall\" count=\"1\" href=\"https:\/\/pueblaexpres.com\/portal\/?p=14003\"><\/g:plusone><\/div><p><a href=\"https:\/\/pueblaexpres.com\/portal\/wp-content\/uploads\/2025\/04\/WhatsApp-Image-2025-04-08-at-9.47.47-PM-6.jpeg\"><img loading=\"lazy\" decoding=\"async\" class=\"wp-image-14004 aligncenter\" src=\"https:\/\/pueblaexpres.com\/portal\/wp-content\/uploads\/2025\/04\/WhatsApp-Image-2025-04-08-at-9.47.47-PM-6.jpeg\" alt=\"\" width=\"501\" height=\"334\" srcset=\"https:\/\/pueblaexpres.com\/portal\/wp-content\/uploads\/2025\/04\/WhatsApp-Image-2025-04-08-at-9.47.47-PM-6.jpeg 800w, https:\/\/pueblaexpres.com\/portal\/wp-content\/uploads\/2025\/04\/WhatsApp-Image-2025-04-08-at-9.47.47-PM-6-300x200.jpeg 300w, https:\/\/pueblaexpres.com\/portal\/wp-content\/uploads\/2025\/04\/WhatsApp-Image-2025-04-08-at-9.47.47-PM-6-768x512.jpeg 768w, https:\/\/pueblaexpres.com\/portal\/wp-content\/uploads\/2025\/04\/WhatsApp-Image-2025-04-08-at-9.47.47-PM-6-640x426.jpeg 640w\" sizes=\"(max-width: 501px) 100vw, 501px\" \/><\/a><\/p>\n<p>Redacci\u00f3n | Fotograf\u00edas \u00c1ngel Tello @angeltellom \/ Manuel Vela @Mv_ManuelVela | #PueblaExpres @PueblaExpres<\/p>\n<p><a title=\"_0001 [ESPECT\u00c1CULOS] Alan Parsons se present\u00f3 ante su p\u00fablico poblano con su &quot;LIVE PROJECT TOUR 2025&quot; \u2026 | Im\u00e1genes \u00c1ngel Tello @angeltellom @PueblaExpres www.pueblaexpres.com\" href=\"https:\/\/www.flickr.com\/photos\/manitas\/54459331393\/in\/album-72177720325174753\" data-flickr-embed=\"true\"><img loading=\"lazy\" decoding=\"async\" class=\"aligncenter\" src=\"https:\/\/live.staticflickr.com\/65535\/54459331393_72ff38070f.jpg\" alt=\"_0001 [ESPECT\u00c1CULOS] Alan Parsons se present\u00f3 ante su p\u00fablico poblano con su &quot;LIVE PROJECT TOUR 2025&quot; \u2026 | Im\u00e1genes \u00c1ngel Tello @angeltellom @PueblaExpres www.pueblaexpres.com\" width=\"500\" height=\"333\" \/><\/a><script async src=\"\/\/embedr.flickr.com\/assets\/client-code.js\" charset=\"utf-8\"><\/script><\/p>\n<p>El m\u00fasico y compositor Alan Parsons se present\u00f3 ante su p\u00fablico poblano con su &#8220;LIVE PROJECT TOUR 2025&#8221; en la segunda fecha de los tres conciertos programados para M\u00e9xico, evento donde sonaron sus temas m\u00e1s emblem\u00e1ticos que pusieron a vibrar a todo el recinto.<!--more--><\/p>\n<p><a title=\"_0001 [ESPECT\u00c1CULOS] Alan Parsons se present\u00f3 ante su p\u00fablico poblano con su &quot;LIVE PROJECT TOUR 2025&quot; \u2026 | Im\u00e1genes \u00c1ngel Tello @angeltellom @PueblaExpres www.pueblaexpres.com\" href=\"https:\/\/www.flickr.com\/photos\/manitas\/54459256344\/in\/album-72177720325174753\" data-flickr-embed=\"true\"><img loading=\"lazy\" decoding=\"async\" class=\"aligncenter\" src=\"https:\/\/live.staticflickr.com\/65535\/54459256344_c47eec1338.jpg\" alt=\"_0001 [ESPECT\u00c1CULOS] Alan Parsons se present\u00f3 ante su p\u00fablico poblano con su &quot;LIVE PROJECT TOUR 2025&quot; \u2026 | Im\u00e1genes \u00c1ngel Tello @angeltellom @PueblaExpres www.pueblaexpres.com\" width=\"500\" height=\"333\" \/><\/a><script async src=\"\/\/embedr.flickr.com\/assets\/client-code.js\" charset=\"utf-8\"><\/script><\/p>\n<p>#PueblaExpres \ud83d\udcf7\ud83c\uddf2\ud83c\uddfd\ud83d\udcf8<br \/>\nIm\u00e1genes @angeltellom<\/p>\n<p><strong>LA OPINI\u00d3N EXPRESADA EN ESTA COLUMNA ES RESPONSABILIDAD DE QUIEN LA ESCRIBE Y NO BUSCA GENERAR CONFLICTOS ENTRE LOS INVOLUCRADOS, SINO GENERAR CONCIENCIA EN CADA LECTOR.<\/strong><\/p>\n","protected":false},"excerpt":{"rendered":"<p>Redacci\u00f3n | Fotograf\u00edas \u00c1ngel Tello @angeltellom \/ Manuel Vela @Mv_ManuelVela | #PueblaExpres @PueblaExpres El m\u00fasico y compositor Alan Parsons se present\u00f3 ante su p\u00fablico poblano con su &#8220;LIVE PROJECT TOUR 2025&#8221; en la segunda fecha de los tres conciertos programados para M\u00e9xico, evento donde sonaron sus temas m\u00e1s emblem\u00e1ticos que pusieron a vibrar a todo [&hellip;]<\/p>\n","protected":false},"author":2,"featured_media":0,"comment_status":"open","ping_status":"open","sticky":false,"template":"","format":"standard","meta":{"footnotes":""},"categories":[8,166,170,36,171,1,7],"tags":[],"_links":{"self":[{"href":"https:\/\/pueblaexpres.com\/portal\/index.php?rest_route=\/wp\/v2\/posts\/14003"}],"collection":[{"href":"https:\/\/pueblaexpres.com\/portal\/index.php?rest_route=\/wp\/v2\/posts"}],"about":[{"href":"https:\/\/pueblaexpres.com\/portal\/index.php?rest_route=\/wp\/v2\/types\/post"}],"author":[{"embeddable":true,"href":"https:\/\/pueblaexpres.com\/portal\/index.php?rest_route=\/wp\/v2\/users\/2"}],"replies":[{"embeddable":true,"href":"https:\/\/pueblaexpres.com\/portal\/index.php?rest_route=%2Fwp%2Fv2%2Fcomments&post=14003"}],"version-history":[{"count":1,"href":"https:\/\/pueblaexpres.com\/portal\/index.php?rest_route=\/wp\/v2\/posts\/14003\/revisions"}],"predecessor-version":[{"id":14005,"href":"https:\/\/pueblaexpres.com\/portal\/index.php?rest_route=\/wp\/v2\/posts\/14003\/revisions\/14005"}],"wp:attachment":[{"href":"https:\/\/pueblaexpres.com\/portal\/index.php?rest_route=%2Fwp%2Fv2%2Fmedia&parent=14003"}],"wp:term":[{"taxonomy":"category","embeddable":true,"href":"https:\/\/pueblaexpres.com\/portal\/index.php?rest_route=%2Fwp%2Fv2%2Fcategories&post=14003"},{"taxonomy":"post_tag","embeddable":true,"href":"https:\/\/pueblaexpres.com\/portal\/index.php?rest_route=%2Fwp%2Fv2%2Ftags&post=14003"}],"curies":[{"name":"wp","href":"https:\/\/api.w.org\/{rel}","templated":true}]}}