{"id":14000,"date":"2025-04-12T14:44:08","date_gmt":"2025-04-12T20:44:08","guid":{"rendered":"https:\/\/pueblaexpres.com\/portal\/?p=14000"},"modified":"2025-04-24T14:47:52","modified_gmt":"2025-04-24T20:47:52","slug":"espectaculos-el-cantante-jose-madero-se-presento-ante-un-lleno-total-en-el-auditorio-explanada-como-parte-de-sarajevo-la-gira","status":"publish","type":"post","link":"https:\/\/pueblaexpres.com\/portal\/?p=14000","title":{"rendered":"[ESPECT\u00c1CULOS] El cantante Jos\u00e9 Madero, se present\u00f3 ante un lleno total en el Auditorio Explanada como parte de \u2018Sarajevo La Gira\u2019"},"content":{"rendered":"<div name=\"googleone_share_1\" style=\"position:relative;z-index:5;float: right; margin-left: 10px;\"><g:plusone size=\"tall\" count=\"1\" href=\"https:\/\/pueblaexpres.com\/portal\/?p=14000\"><\/g:plusone><\/div><p><a href=\"https:\/\/pueblaexpres.com\/portal\/wp-content\/uploads\/2025\/04\/YDRAY-IMGL0809.jpg\"><img loading=\"lazy\" decoding=\"async\" class=\"wp-image-14001 aligncenter\" src=\"https:\/\/pueblaexpres.com\/portal\/wp-content\/uploads\/2025\/04\/YDRAY-IMGL0809.jpg\" alt=\"\" width=\"498\" height=\"332\" srcset=\"https:\/\/pueblaexpres.com\/portal\/wp-content\/uploads\/2025\/04\/YDRAY-IMGL0809.jpg 800w, https:\/\/pueblaexpres.com\/portal\/wp-content\/uploads\/2025\/04\/YDRAY-IMGL0809-300x200.jpg 300w, https:\/\/pueblaexpres.com\/portal\/wp-content\/uploads\/2025\/04\/YDRAY-IMGL0809-768x512.jpg 768w, https:\/\/pueblaexpres.com\/portal\/wp-content\/uploads\/2025\/04\/YDRAY-IMGL0809-640x426.jpg 640w\" sizes=\"(max-width: 498px) 100vw, 498px\" \/><\/a><\/p>\n<p><strong>Redacci\u00f3n | Fotograf\u00edas Mara Gonz\u00e1lez @maragonzalez_13 \/ Manuel Vela @Mv_ManuelVela | #PueblaExpres @PueblaExpres<\/strong><\/p>\n<p>Triunfa Jos\u00e9 Madero en Puebla con lleno total en el Auditorio Explanada<\/p>\n<p>Jos\u00e9 Madero se present\u00f3 con un lleno total en el Auditorio Explanada como parte de su gira Sarajevo, donde puso a cantar a miles de poblanos.<\/p>\n<p><a title=\"YDRAY-IMGL0359 [ESPECT\u00c1CULOS] El cantante Jos\u00e9 Madero, se present\u00f3 ante un lleno total en el Auditorio Explanada como parte de \u2018Sarajevo La Gira\u2019 \u2026 | Im\u00e1genes Mara Gonz\u00e1lez @maragonzalez_13 @PueblaExpres www.pueblaexpres.com\" href=\"https:\/\/www.flickr.com\/photos\/manitas\/54457299961\/in\/album-72177720325163864\/\" data-flickr-embed=\"true\"><img loading=\"lazy\" decoding=\"async\" class=\"aligncenter\" src=\"https:\/\/live.staticflickr.com\/65535\/54457299961_f3e52a8ec0.jpg\" alt=\"YDRAY-IMGL0359 [ESPECT\u00c1CULOS] El cantante Jos\u00e9 Madero, se present\u00f3 ante un lleno total en el Auditorio Explanada como parte de \u2018Sarajevo La Gira\u2019 \u2026 | Im\u00e1genes Mara Gonz\u00e1lez @maragonzalez_13 @PueblaExpres www.pueblaexpres.com\" width=\"500\" height=\"333\" \/><\/a><script async src=\"\/\/embedr.flickr.com\/assets\/client-code.js\" charset=\"utf-8\"><\/script><\/p>\n<p>El cantante de rock Jos\u00e9 Madero, se present\u00f3 ante un lleno total en el Auditorio Explanada como parte de \u2018Sarajevo La Gira\u2019.<\/p>\n<p>Cientos de fan\u00e1ticos asistieron con playeras y gorras de color morado, como el \u00faltimo disco del cantante que lleva por nombre \u2018Sarajevo\u2019; a las 21:00 horas fue cuando cinco m\u00fasicos, con coristas y staff acompa\u00f1aron a Jos\u00e9 Madero al escenario.<!--more--><\/p>\n<p>Con la canci\u00f3n \u2018Hablemos del campo\u2019, fue como comenz\u00f3 el primer segmento de seguido de los temas \u2018Cerraron Chipinque\u2019, \u2018Gardenia \u201987\u2019, \u2018Lo sobrenatural\u2019, \u2018Suspira sobre m\u00ed\u2019, \u2018Teoremas\u2019, \u2018Rayo de luz\u2019, \u2018Cum Laude\u2019, \u2018Noble gas\u2019, \u2018Codependientes\u2019, \u2018Padre nuestro\u2019 e \u2018Inv\u00f3came\u2019.<\/p>\n<p><a title=\"YDRAY-IMGL0793 [ESPECT\u00c1CULOS] El cantante Jos\u00e9 Madero, se present\u00f3 ante un lleno total en el Auditorio Explanada como parte de \u2018Sarajevo La Gira\u2019 \u2026 | Im\u00e1genes Mara Gonz\u00e1lez @maragonzalez_13 @PueblaExpres www.pueblaexpres.com\" href=\"https:\/\/www.flickr.com\/photos\/manitas\/54457299926\/in\/album-72177720325163864\/\" data-flickr-embed=\"true\"><img loading=\"lazy\" decoding=\"async\" class=\"aligncenter\" src=\"https:\/\/live.staticflickr.com\/65535\/54457299926_9a0339c5a2.jpg\" alt=\"YDRAY-IMGL0793 [ESPECT\u00c1CULOS] El cantante Jos\u00e9 Madero, se present\u00f3 ante un lleno total en el Auditorio Explanada como parte de \u2018Sarajevo La Gira\u2019 \u2026 | Im\u00e1genes Mara Gonz\u00e1lez @maragonzalez_13 @PueblaExpres www.pueblaexpres.com\" width=\"500\" height=\"333\" \/><\/a><script async src=\"\/\/embedr.flickr.com\/assets\/client-code.js\" charset=\"utf-8\"><\/script><\/p>\n<p>En el tema \u2018Le Petite Mort\u2019 los fant\u00e1sticos no s\u00f3lo cantaron, sino que tambi\u00e9n alzaron sus brazos para aplaudir al ritmo de la m\u00fasica.<\/p>\n<p>Durante el tema \u2018Lamentable\u2019, Pepe Madero se acerc\u00f3 a las personas de las primeras filas para saludarlos y cantar junto con ellos.<\/p>\n<p>El compositor Jos\u00e9 Madero Vizca\u00edno, tambi\u00e9n incluyo en el repertorio canciones con su anterior banda, \u2018Pxndx\u2019; como \u2018Los malaventurados no lloran\u2019, que el p\u00fablico la disfrut\u00f3 bailando y brincando.<\/p>\n<p><a title=\"YDRAY-IMGL0815 [ESPECT\u00c1CULOS] El cantante Jos\u00e9 Madero, se present\u00f3 ante un lleno total en el Auditorio Explanada como parte de \u2018Sarajevo La Gira\u2019 \u2026 | Im\u00e1genes Mara Gonz\u00e1lez @maragonzalez_13 @PueblaExpres www.pueblaexpres.com\" href=\"https:\/\/www.flickr.com\/photos\/manitas\/54457557878\/in\/album-72177720325163864\/\" data-flickr-embed=\"true\"><img loading=\"lazy\" decoding=\"async\" class=\"aligncenter\" src=\"https:\/\/live.staticflickr.com\/65535\/54457557878_08daa63524.jpg\" alt=\"YDRAY-IMGL0815 [ESPECT\u00c1CULOS] El cantante Jos\u00e9 Madero, se present\u00f3 ante un lleno total en el Auditorio Explanada como parte de \u2018Sarajevo La Gira\u2019 \u2026 | Im\u00e1genes Mara Gonz\u00e1lez @maragonzalez_13 @PueblaExpres www.pueblaexpres.com\" width=\"500\" height=\"333\" \/><\/a><script async src=\"\/\/embedr.flickr.com\/assets\/client-code.js\" charset=\"utf-8\"><\/script><\/p>\n<p>Al finalizar el concierto, Pepe record\u00f3 que su primera presentaci\u00f3n como solista fue en Puebla, al que solamente asistieron alrededor de 150 personas, y se alegr\u00f3 de ver el Auditorio Explanada en sold out.<\/p>\n<p>#PueblaExpres \ud83d\udcf8\ud83c\uddf2\ud83c\uddfd\ud83d\udcf7<br \/>\nIm\u00e1genes Mara Gonz\u00e1lez @maragonzalez_13 \ud83c\uddf2\ud83c\uddfd\ud83d\udcf7<\/p>\n<p><strong>LA OPINI\u00d3N EXPRESADA EN ESTA COLUMNA ES RESPONSABILIDAD DE QUIEN LA ESCRIBE Y NO BUSCA GENERAR CONFLICTOS ENTRE LOS INVOLUCRADOS, SINO GENERAR CONCIENCIA EN CADA LECTOR.<\/strong><\/p>\n","protected":false},"excerpt":{"rendered":"<p>Redacci\u00f3n | Fotograf\u00edas Mara Gonz\u00e1lez @maragonzalez_13 \/ Manuel Vela @Mv_ManuelVela | #PueblaExpres @PueblaExpres Triunfa Jos\u00e9 Madero en Puebla con lleno total en el Auditorio Explanada Jos\u00e9 Madero se present\u00f3 con un lleno total en el Auditorio Explanada como parte de su gira Sarajevo, donde puso a cantar a miles de poblanos. El cantante de rock [&hellip;]<\/p>\n","protected":false},"author":2,"featured_media":14001,"comment_status":"open","ping_status":"open","sticky":false,"template":"","format":"standard","meta":{"footnotes":""},"categories":[8,166,170,36,171,1,7],"tags":[],"_links":{"self":[{"href":"https:\/\/pueblaexpres.com\/portal\/index.php?rest_route=\/wp\/v2\/posts\/14000"}],"collection":[{"href":"https:\/\/pueblaexpres.com\/portal\/index.php?rest_route=\/wp\/v2\/posts"}],"about":[{"href":"https:\/\/pueblaexpres.com\/portal\/index.php?rest_route=\/wp\/v2\/types\/post"}],"author":[{"embeddable":true,"href":"https:\/\/pueblaexpres.com\/portal\/index.php?rest_route=\/wp\/v2\/users\/2"}],"replies":[{"embeddable":true,"href":"https:\/\/pueblaexpres.com\/portal\/index.php?rest_route=%2Fwp%2Fv2%2Fcomments&post=14000"}],"version-history":[{"count":1,"href":"https:\/\/pueblaexpres.com\/portal\/index.php?rest_route=\/wp\/v2\/posts\/14000\/revisions"}],"predecessor-version":[{"id":14002,"href":"https:\/\/pueblaexpres.com\/portal\/index.php?rest_route=\/wp\/v2\/posts\/14000\/revisions\/14002"}],"wp:featuredmedia":[{"embeddable":true,"href":"https:\/\/pueblaexpres.com\/portal\/index.php?rest_route=\/wp\/v2\/media\/14001"}],"wp:attachment":[{"href":"https:\/\/pueblaexpres.com\/portal\/index.php?rest_route=%2Fwp%2Fv2%2Fmedia&parent=14000"}],"wp:term":[{"taxonomy":"category","embeddable":true,"href":"https:\/\/pueblaexpres.com\/portal\/index.php?rest_route=%2Fwp%2Fv2%2Fcategories&post=14000"},{"taxonomy":"post_tag","embeddable":true,"href":"https:\/\/pueblaexpres.com\/portal\/index.php?rest_route=%2Fwp%2Fv2%2Ftags&post=14000"}],"curies":[{"name":"wp","href":"https:\/\/api.w.org\/{rel}","templated":true}]}}