{"id":13975,"date":"2025-03-26T11:41:48","date_gmt":"2025-03-26T17:41:48","guid":{"rendered":"https:\/\/pueblaexpres.com\/portal\/?p=13975"},"modified":"2025-04-14T11:45:27","modified_gmt":"2025-04-14T17:45:27","slug":"se-presento-la-feria-de-mayo-2025-la-gran-fiesta-poblana-gdor-alejandro-armenta-del-24-de-abril-al-11-de-mayo-centro-historico-de-puebla","status":"publish","type":"post","link":"https:\/\/pueblaexpres.com\/portal\/?p=13975","title":{"rendered":"[Se present\u00f3 la Feria de Mayo 2025 \u201cLa gran Fiesta Poblana\u201d] Gdor. Alejandro Armenta | Del 24 de abril al 11 de mayo | Centro Hist\u00f3rico de Puebla"},"content":{"rendered":"<div name=\"googleone_share_1\" style=\"position:relative;z-index:5;float: right; margin-left: 10px;\"><g:plusone size=\"tall\" count=\"1\" href=\"https:\/\/pueblaexpres.com\/portal\/?p=13975\"><\/g:plusone><\/div><p><a href=\"https:\/\/pueblaexpres.com\/portal\/wp-content\/uploads\/2025\/04\/YDRAY-IMGL0045.jpg\"><img loading=\"lazy\" decoding=\"async\" class=\"wp-image-13976 aligncenter\" src=\"https:\/\/pueblaexpres.com\/portal\/wp-content\/uploads\/2025\/04\/YDRAY-IMGL0045.jpg\" alt=\"\" width=\"504\" height=\"336\" srcset=\"https:\/\/pueblaexpres.com\/portal\/wp-content\/uploads\/2025\/04\/YDRAY-IMGL0045.jpg 800w, https:\/\/pueblaexpres.com\/portal\/wp-content\/uploads\/2025\/04\/YDRAY-IMGL0045-300x200.jpg 300w, https:\/\/pueblaexpres.com\/portal\/wp-content\/uploads\/2025\/04\/YDRAY-IMGL0045-768x512.jpg 768w, https:\/\/pueblaexpres.com\/portal\/wp-content\/uploads\/2025\/04\/YDRAY-IMGL0045-640x426.jpg 640w\" sizes=\"(max-width: 504px) 100vw, 504px\" \/><\/a><\/p>\n<p><strong>Redacci\u00f3n | Fotograf\u00edas Mara Gonz\u00e1lez @maragonzalez_13 \/ Manuel Vela @Mv_ManuelVela | #PueblaExpres @PueblaExpres<\/strong><\/p>\n<p><em>* La Gran Fiesta Poblana se desarrollar\u00e1 del 24 de abril al 11 de mayo en la zona de los Fuertes.<\/em><\/p>\n<p><em>&#8211; \u201cDurante todo el a\u00f1o, Puebla se va a poner de moda\u201d, afirm\u00f3 el mandatario, Alejandro Armenta.<\/em><\/p>\n<p>Acompa\u00f1ado por su esposa, Ceci Arellano, presidenta del Patronato del SEDIF y su hijo Alex Armenta, el gobernador Alejandro Armenta, present\u00f3 la Feria de Mayo 2025 \u201cLa gran Fiesta Poblana\u201d, como parte de un esfuerzo de las y los poblanos para poner a la entidad en el centro de atenci\u00f3n de M\u00e9xico y del mundo, del 24 de abril al 11 de mayo.<\/p>\n<p><a title=\"YDRAY-IMGL0004 [Se present\u00f3 la Feria de Mayo 2025 \u201cLa gran Fiesta Poblana\u201d] Gdor. Alejandro Armenta | Del 24 de abril al 11 de mayo | Centro Hist\u00f3rico de Puebla | Im\u00e1genes @maragonzalez_13 @PueblaExpres www.pueblaexpres.com\" href=\"https:\/\/www.flickr.com\/photos\/manitas\/54452048508\/in\/dateposted-public\/\" data-flickr-embed=\"true\"><img loading=\"lazy\" decoding=\"async\" class=\"aligncenter\" src=\"https:\/\/live.staticflickr.com\/65535\/54452048508_2f95b8f588.jpg\" alt=\"YDRAY-IMGL0004 [Se present\u00f3 la Feria de Mayo 2025 \u201cLa gran Fiesta Poblana\u201d] Gdor. Alejandro Armenta | Del 24 de abril al 11 de mayo | Centro Hist\u00f3rico de Puebla | Im\u00e1genes @maragonzalez_13 @PueblaExpres www.pueblaexpres.com\" width=\"500\" height=\"333\" \/><\/a><script async src=\"\/\/embedr.flickr.com\/assets\/client-code.js\" charset=\"utf-8\"><\/script><\/p>\n<p>Teniendo como marco el Z\u00f3calo y la Catedral de Puebla, adem\u00e1s de un show de fuegos pirot\u00e9cnicos, el titular del ejecutivo estatal se\u00f1al\u00f3 que Puebla es un estado inmensamente rico, con una caracter\u00edstica colonial y revolucionaria, con una gran belleza arquitect\u00f3nica \u201cque hace so\u00f1ar al turismo nacional y extranjero\u201d.<\/p>\n<p>El gobernador indic\u00f3 que es muy importante que las y los poblanos abran los brazos, porque a partir de mayo Puebla se pondr\u00e1 de moda. &#8220;El conjunto de actividades que van a presenciar y el trabajo que tendremos desde el Gobierno del Estado, junto con los \u00f3rganos empresariales, busca un solo prop\u00f3sito, el derecho humano a ser felices y a que el gobierno sea el principal proveedor de este gran sue\u00f1o, Por Amor a Puebla&#8221;.<!--more--><\/p>\n<p><a title=\"YDRAY-IMGL0051 [Se present\u00f3 la Feria de Mayo 2025 \u201cLa gran Fiesta Poblana\u201d] Gdor. Alejandro Armenta | Del 24 de abril al 11 de mayo | Centro Hist\u00f3rico de Puebla | Im\u00e1genes @maragonzalez_13 @PueblaExpres www.pueblaexpres.com\" href=\"https:\/\/www.flickr.com\/photos\/manitas\/54451800551\/in\/dateposted-public\/\" data-flickr-embed=\"true\"><img loading=\"lazy\" decoding=\"async\" class=\"aligncenter\" src=\"https:\/\/live.staticflickr.com\/65535\/54451800551_6d815205dc.jpg\" alt=\"YDRAY-IMGL0051 [Se present\u00f3 la Feria de Mayo 2025 \u201cLa gran Fiesta Poblana\u201d] Gdor. Alejandro Armenta | Del 24 de abril al 11 de mayo | Centro Hist\u00f3rico de Puebla | Im\u00e1genes @maragonzalez_13 @PueblaExpres www.pueblaexpres.com\" width=\"500\" height=\"333\" \/><\/a><script async src=\"\/\/embedr.flickr.com\/assets\/client-code.js\" charset=\"utf-8\"><\/script><\/p>\n<p>En tanto, la directora de Convenciones y Parques, Michelle Talavera, se\u00f1al\u00f3 que esta gran fiesta es para las y los poblanos, donde no solamente se conmemora la gran victoria que dieron los antepasados, sino que se celebra la gran marca que representa el 5 de Mayo.<\/p>\n<p>En este contexto, se anunci\u00f3 el cartel de los artistas que se presentar\u00e1n en el Teatro del Pueblo: el 24 de abril estar\u00e1 Maroon 5, 25 de abril Pitbull, para el 26 de abril Rock en tu Idioma, el 27 de abril Banda El Recodo, el 28 abril se presentan Los Askis y Sonidero, el 29 de abril estar\u00e1 Farruko, mientras que el 30 se presentar\u00e1n Drake Bell y Belinda.<\/p>\n<p><a title=\"YDRAY-IMGL0004 [Se present\u00f3 la Feria de Mayo 2025 \u201cLa gran Fiesta Poblana\u201d] Gdor. Alejandro Armenta | Del 24 de abril al 11 de mayo | Centro Hist\u00f3rico de Puebla | Im\u00e1genes @maragonzalez_13 @PueblaExpres www.pueblaexpres.com\" href=\"https:\/\/www.flickr.com\/photos\/manitas\/54452048508\/in\/dateposted-public\/\" data-flickr-embed=\"true\"><img loading=\"lazy\" decoding=\"async\" class=\"aligncenter\" src=\"https:\/\/live.staticflickr.com\/65535\/54452048508_2f95b8f588.jpg\" alt=\"YDRAY-IMGL0004 [Se present\u00f3 la Feria de Mayo 2025 \u201cLa gran Fiesta Poblana\u201d] Gdor. Alejandro Armenta | Del 24 de abril al 11 de mayo | Centro Hist\u00f3rico de Puebla | Im\u00e1genes @maragonzalez_13 @PueblaExpres www.pueblaexpres.com\" width=\"500\" height=\"333\" \/><\/a><script async src=\"\/\/embedr.flickr.com\/assets\/client-code.js\" charset=\"utf-8\"><\/script><\/p>\n<p>Asimismo, el 1 de mayo estar\u00e1n Cardenales e Invasores de Nuevo Le\u00f3n, 2 de mayo Pepe Aguilar, el 3 de mayo Capital Cities, para el 4 de mayo Alame\u00f1os de la Sierra, el 5 de mayo The Chainsmokers, 6 de mayo se presenta Reik, el 7 de mayo Wisin, 8 de mayo Scorpions, para el 9 estar\u00e1 The Killers, el 10 de mayo Natalia Jim\u00e9nez y por \u00faltimo el 11 de mayo hace acto de presencia el Grupo Intocable.<\/p>\n<p>Previamente, el gobernador y su familia, integrantes del gabinete estatal e invitados especiales disfrutaron de la Danza de los Quetzales, un show medieval y posteriormente una Danza de la China Poblana.<\/p>\n<p><a title=\"YDRAY-IMGL0030 [Se present\u00f3 la Feria de Mayo 2025 \u201cLa gran Fiesta Poblana\u201d] Gdor. Alejandro Armenta | Del 24 de abril al 11 de mayo | Centro Hist\u00f3rico de Puebla | Im\u00e1genes @maragonzalez_13 @PueblaExpres www.pueblaexpres.com\" href=\"https:\/\/www.flickr.com\/photos\/manitas\/54452162495\/in\/dateposted-public\/\" data-flickr-embed=\"true\"><img loading=\"lazy\" decoding=\"async\" class=\"aligncenter\" src=\"https:\/\/live.staticflickr.com\/65535\/54452162495_1094e41324.jpg\" alt=\"YDRAY-IMGL0030 [Se present\u00f3 la Feria de Mayo 2025 \u201cLa gran Fiesta Poblana\u201d] Gdor. Alejandro Armenta | Del 24 de abril al 11 de mayo | Centro Hist\u00f3rico de Puebla | Im\u00e1genes @maragonzalez_13 @PueblaExpres www.pueblaexpres.com\" width=\"500\" height=\"333\" \/><\/a><script async src=\"\/\/embedr.flickr.com\/assets\/client-code.js\" charset=\"utf-8\"><\/script><\/p>\n<p>Es importante mencionar que el acceso de la feria tendr\u00e1 un costo de 50 pesos, las y los asistentes disfrutar\u00e1n de los pabellones comercial, ganadero, de econom\u00eda, turismo y por primera vez, el de cultura; as\u00ed como un \u00e1rea inmersiva, zona de juegos, Casa del Terror y un espect\u00e1culo sobre hielo.<\/p>\n<p><strong>LA OPINI\u00d3N EXPRESADA EN ESTA COLUMNA ES RESPONSABILIDAD DE QUIEN LA ESCRIBE Y NO BUSCA GENERAR CONFLICTOS ENTRE LOS INVOLUCRADOS, SINO GENERAR CONCIENCIA EN CADA LECTOR.<\/strong><\/p>\n","protected":false},"excerpt":{"rendered":"<p>Redacci\u00f3n | Fotograf\u00edas Mara Gonz\u00e1lez @maragonzalez_13 \/ Manuel Vela @Mv_ManuelVela | #PueblaExpres @PueblaExpres * La Gran Fiesta Poblana se desarrollar\u00e1 del 24 de abril al 11 de mayo en la zona de los Fuertes. &#8211; \u201cDurante todo el a\u00f1o, Puebla se va a poner de moda\u201d, afirm\u00f3 el mandatario, Alejandro Armenta. Acompa\u00f1ado por su esposa, [&hellip;]<\/p>\n","protected":false},"author":2,"featured_media":13976,"comment_status":"open","ping_status":"open","sticky":false,"template":"","format":"standard","meta":{"footnotes":""},"categories":[42,166,36,171,1,7],"tags":[],"_links":{"self":[{"href":"https:\/\/pueblaexpres.com\/portal\/index.php?rest_route=\/wp\/v2\/posts\/13975"}],"collection":[{"href":"https:\/\/pueblaexpres.com\/portal\/index.php?rest_route=\/wp\/v2\/posts"}],"about":[{"href":"https:\/\/pueblaexpres.com\/portal\/index.php?rest_route=\/wp\/v2\/types\/post"}],"author":[{"embeddable":true,"href":"https:\/\/pueblaexpres.com\/portal\/index.php?rest_route=\/wp\/v2\/users\/2"}],"replies":[{"embeddable":true,"href":"https:\/\/pueblaexpres.com\/portal\/index.php?rest_route=%2Fwp%2Fv2%2Fcomments&post=13975"}],"version-history":[{"count":1,"href":"https:\/\/pueblaexpres.com\/portal\/index.php?rest_route=\/wp\/v2\/posts\/13975\/revisions"}],"predecessor-version":[{"id":13977,"href":"https:\/\/pueblaexpres.com\/portal\/index.php?rest_route=\/wp\/v2\/posts\/13975\/revisions\/13977"}],"wp:featuredmedia":[{"embeddable":true,"href":"https:\/\/pueblaexpres.com\/portal\/index.php?rest_route=\/wp\/v2\/media\/13976"}],"wp:attachment":[{"href":"https:\/\/pueblaexpres.com\/portal\/index.php?rest_route=%2Fwp%2Fv2%2Fmedia&parent=13975"}],"wp:term":[{"taxonomy":"category","embeddable":true,"href":"https:\/\/pueblaexpres.com\/portal\/index.php?rest_route=%2Fwp%2Fv2%2Fcategories&post=13975"},{"taxonomy":"post_tag","embeddable":true,"href":"https:\/\/pueblaexpres.com\/portal\/index.php?rest_route=%2Fwp%2Fv2%2Ftags&post=13975"}],"curies":[{"name":"wp","href":"https:\/\/api.w.org\/{rel}","templated":true}]}}