{"id":13972,"date":"2025-03-22T13:23:15","date_gmt":"2025-03-22T19:23:15","guid":{"rendered":"https:\/\/pueblaexpres.com\/portal\/?p=13972"},"modified":"2025-04-14T10:29:16","modified_gmt":"2025-04-14T16:29:16","slug":"presentacion-del-cartel-oficial-del-palenque-de-la-feria-de-puebla-2025-gdor-alejandro-armenta-centro-expositor-y-de-convenciones-de-puebla-unidad-civica-5-de-mayo-zona-de-los-fuertes","status":"publish","type":"post","link":"https:\/\/pueblaexpres.com\/portal\/?p=13972","title":{"rendered":"[Presentaci\u00f3n del Cartel Oficial del Palenque de la Feria de Puebla 2025] Gdor. Alejandro Armenta | Centro Expositor y de Convenciones de Puebla | Unidad C\u00edvica 5 de Mayo \/ Zona de Los Fuertes"},"content":{"rendered":"<div name=\"googleone_share_1\" style=\"position:relative;z-index:5;float: right; margin-left: 10px;\"><g:plusone size=\"tall\" count=\"1\" href=\"https:\/\/pueblaexpres.com\/portal\/?p=13972\"><\/g:plusone><\/div><p><a href=\"https:\/\/pueblaexpres.com\/portal\/wp-content\/uploads\/2025\/04\/IMGL0265.jpg\"><img loading=\"lazy\" decoding=\"async\" class=\"wp-image-13973 aligncenter\" src=\"https:\/\/pueblaexpres.com\/portal\/wp-content\/uploads\/2025\/04\/IMGL0265.jpg\" alt=\"\" width=\"512\" height=\"288\" srcset=\"https:\/\/pueblaexpres.com\/portal\/wp-content\/uploads\/2025\/04\/IMGL0265.jpg 800w, https:\/\/pueblaexpres.com\/portal\/wp-content\/uploads\/2025\/04\/IMGL0265-300x169.jpg 300w, https:\/\/pueblaexpres.com\/portal\/wp-content\/uploads\/2025\/04\/IMGL0265-768x432.jpg 768w, https:\/\/pueblaexpres.com\/portal\/wp-content\/uploads\/2025\/04\/IMGL0265-640x360.jpg 640w\" sizes=\"(max-width: 512px) 100vw, 512px\" \/><\/a><\/p>\n<p><strong>Redacci\u00f3n | Fotograf\u00edas Mara Gonz\u00e1lez @maragonzalez_13 \/ Manuel Vela @Mv_ManuelVela | #PueblaExpres @PueblaExpres<\/strong><\/p>\n<p>Puebla ser\u00e1 centro de atenci\u00f3n; Palenque 2025 generar\u00e1 importante derrama econ\u00f3mica<\/p>\n<p><em>-El gobernador Alejandro Armenta present\u00f3 el Cartel Oficial de artistas que se presentar\u00e1n a partir del pr\u00f3ximo 25 de abril.<\/em><\/p>\n<p><em>-Los eventos se llevar\u00e1n a cabo en l\u00ednea con la estrategia tur\u00edstica de la presidenta Claudia Sheinbaum.<\/em><\/p>\n<p><a title=\"IMGL0243 [Presentaci\u00f3n del Cartel Oficial del Palenque de la Feria de Puebla 2025] Gdor. Alejandro Armenta | Centro Expositor y de Convenciones de Puebla | Unidad C\u00edvica 5 de Mayo Los Fuertes | Im\u00e1genes @maragonzalez_13 @PueblaExpres www.pueblaexpres.com\" href=\"https:\/\/www.flickr.com\/photos\/manitas\/54451971655\/in\/album-72177720325077222\" data-flickr-embed=\"true\"><img loading=\"lazy\" decoding=\"async\" class=\"aligncenter\" src=\"https:\/\/live.staticflickr.com\/65535\/54451971655_425e99243e.jpg\" alt=\"IMGL0243 [Presentaci\u00f3n del Cartel Oficial del Palenque de la Feria de Puebla 2025] Gdor. Alejandro Armenta | Centro Expositor y de Convenciones de Puebla | Unidad C\u00edvica 5 de Mayo Los Fuertes | Im\u00e1genes @maragonzalez_13 @PueblaExpres www.pueblaexpres.com\" width=\"500\" height=\"281\" \/><\/a><script async src=\"\/\/embedr.flickr.com\/assets\/client-code.js\" charset=\"utf-8\"><\/script><\/p>\n<p>Durante la presentaci\u00f3n del Cartel Oficial del Palenque de la Feria de Puebla 2025, el gobernador Alejandro Armenta expres\u00f3 que el evento es el inicio de la recuperaci\u00f3n estelar de Puebla en el \u00e1mbito art\u00edstico, cultural, deportivo e hist\u00f3rico, que ubicar\u00e1 al estado en el centro de atenci\u00f3n nacional e internacional, siempre bajo el esquema de la promoci\u00f3n al turismo, del Gobierno Federal de la presidenta Claudia Sheinbaum.<\/p>\n<p><a title=\"IMGL0094 [Presentaci\u00f3n del Cartel Oficial del Palenque de la Feria de Puebla 2025] Gdor. Alejandro Armenta | Centro Expositor y de Convenciones de Puebla | Unidad C\u00edvica 5 de Mayo Los Fuertes | Im\u00e1genes @maragonzalez_13 @PueblaExpres www.pueblaexpres.com\" href=\"https:\/\/www.flickr.com\/photos\/manitas\/54451971680\/in\/album-72177720325077222\" data-flickr-embed=\"true\"><img loading=\"lazy\" decoding=\"async\" class=\"aligncenter\" src=\"https:\/\/live.staticflickr.com\/65535\/54451971680_e2e024c017.jpg\" alt=\"IMGL0094 [Presentaci\u00f3n del Cartel Oficial del Palenque de la Feria de Puebla 2025] Gdor. Alejandro Armenta | Centro Expositor y de Convenciones de Puebla | Unidad C\u00edvica 5 de Mayo Los Fuertes | Im\u00e1genes @maragonzalez_13 @PueblaExpres www.pueblaexpres.com\" width=\"500\" height=\"281\" \/><\/a><script async src=\"\/\/embedr.flickr.com\/assets\/client-code.js\" charset=\"utf-8\"><\/script><\/p>\n<p>El titular del ejecutivo estatal refiri\u00f3 que dichas actividades son fundamentales para promover la derrama econ\u00f3mica en la entidad. &#8220;Lo que vamos invertir todo este a\u00f1o para las actividades culturales y art\u00edsticas no es pan y circo, es para poner a Puebla en el centro de atenci\u00f3n, para pasar de 1.3 a 2 noches de hospedajes, lo que representa una importante derrama econ\u00f3mica de quien se queda en un hotel&#8221;, enfatiz\u00f3 Alejandro Armenta.<!--more--><\/p>\n<p>El mandatario poblano dijo que la poblaci\u00f3n tiene derecho a disfrutar, ser feliz, a so\u00f1ar y enamorarse con la m\u00fasica, porque es parte del Amor a Puebla, y el programa del Palenque 2025 obedece al \u00e1nimo de la poblaci\u00f3n.<\/p>\n<p><a title=\"IMGL0059 [Presentaci\u00f3n del Cartel Oficial del Palenque de la Feria de Puebla 2025] Gdor. Alejandro Armenta | Centro Expositor y de Convenciones de Puebla | Unidad C\u00edvica 5 de Mayo Los Fuertes | Im\u00e1genes @maragonzalez_13 @PueblaExpres www.pueblaexpres.com\" href=\"https:\/\/www.flickr.com\/photos\/manitas\/54451610491\/in\/album-72177720325077222\" data-flickr-embed=\"true\"><img loading=\"lazy\" decoding=\"async\" class=\"aligncenter\" src=\"https:\/\/live.staticflickr.com\/65535\/54451610491_160a73bd4e.jpg\" alt=\"IMGL0059 [Presentaci\u00f3n del Cartel Oficial del Palenque de la Feria de Puebla 2025] Gdor. Alejandro Armenta | Centro Expositor y de Convenciones de Puebla | Unidad C\u00edvica 5 de Mayo Los Fuertes | Im\u00e1genes @maragonzalez_13 @PueblaExpres www.pueblaexpres.com\" width=\"500\" height=\"333\" \/><\/a><script async src=\"\/\/embedr.flickr.com\/assets\/client-code.js\" charset=\"utf-8\"><\/script><\/p>\n<p>&#8220;Que se hable bien de Puebla para lograr derrama econ\u00f3mica, para que toda la cadena de producci\u00f3n se beneficie. Se tienen que enterar en Canc\u00fan, Nueva York, Chicago, Los \u00c1ngeles, se tienen que enterar en todo el pa\u00eds de lo que va a suceder en Puebla, porque estar\u00e1 de moda&#8221;, asever\u00f3 Alejandro Armenta.<\/p>\n<p>En su oportunidad, la directora de Convenciones y Parques, Michelle Talavera se\u00f1al\u00f3 que el gobierno pondr\u00e1 especial atenci\u00f3n en el tema de seguridad, todo en colaboraci\u00f3n con la empresa MV Entertainment, porque tanto para ellos y nosotros como gobierno es esencial que se lleven una gran experiencia&#8221;, puntualiz\u00f3.<\/p>\n<p><a title=\"IMGL0264 [Presentaci\u00f3n del Cartel Oficial del Palenque de la Feria de Puebla 2025] Gdor. Alejandro Armenta | Centro Expositor y de Convenciones de Puebla | Unidad C\u00edvica 5 de Mayo Los Fuertes | Im\u00e1genes @maragonzalez_13 @PueblaExpres www.pueblaexpres.com\" href=\"https:\/\/www.flickr.com\/photos\/manitas\/54450756412\/in\/album-72177720325077222\" data-flickr-embed=\"true\"><img loading=\"lazy\" decoding=\"async\" class=\"aligncenter\" src=\"https:\/\/live.staticflickr.com\/65535\/54450756412_f9c9bf4e37.jpg\" alt=\"IMGL0264 [Presentaci\u00f3n del Cartel Oficial del Palenque de la Feria de Puebla 2025] Gdor. Alejandro Armenta | Centro Expositor y de Convenciones de Puebla | Unidad C\u00edvica 5 de Mayo Los Fuertes | Im\u00e1genes @maragonzalez_13 @PueblaExpres www.pueblaexpres.com\" width=\"500\" height=\"281\" \/><\/a><script async src=\"\/\/embedr.flickr.com\/assets\/client-code.js\" charset=\"utf-8\"><\/script><\/p>\n<p>El cartel del Palenque de la Feria de Puebla 2025 es el siguiente: el 25 abril se presentar\u00e1 Juli\u00f3n \u00c1lvarez; s\u00e1bado 26 de abril, Yuri; domingo 27 de abril, Banda MS; el mi\u00e9rcoles 30 abril, Gabito Ballesteros y Neto Vega.<\/p>\n<p>En tanto, el viernes 2 de mayo estar\u00e1 Christian Nodal; s\u00e1bado 3 de mayo, Eden Mu\u00f1oz; domingo 4 de mayo, Jorge Medina y Josi Cuen; el mi\u00e9rcoles 7 de mayo, Matute; viernes 9 de mayo, Carin Le\u00f3n; el s\u00e1bado 10 de mayo, Lucero y Mijares y el domingo 11 de mayo, Gerardo Ortiz.<\/p>\n<p><a title=\"IMGL0265 [Presentaci\u00f3n del Cartel Oficial del Palenque de la Feria de Puebla 2025] Gdor. Alejandro Armenta | Centro Expositor y de Convenciones de Puebla | Unidad C\u00edvica 5 de Mayo Los Fuertes | Im\u00e1genes @maragonzalez_13 @PueblaExpres www.pueblaexpres.com\" href=\"https:\/\/www.flickr.com\/photos\/manitas\/54451857393\/in\/album-72177720325077222\" data-flickr-embed=\"true\"><img loading=\"lazy\" decoding=\"async\" class=\"aligncenter\" src=\"https:\/\/live.staticflickr.com\/65535\/54451857393_f3445041a7.jpg\" alt=\"IMGL0265 [Presentaci\u00f3n del Cartel Oficial del Palenque de la Feria de Puebla 2025] Gdor. Alejandro Armenta | Centro Expositor y de Convenciones de Puebla | Unidad C\u00edvica 5 de Mayo Los Fuertes | Im\u00e1genes @maragonzalez_13 @PueblaExpres www.pueblaexpres.com\" width=\"500\" height=\"281\" \/><\/a><script async src=\"\/\/embedr.flickr.com\/assets\/client-code.js\" charset=\"utf-8\"><\/script><\/p>\n<p>Durante la presentaci\u00f3n tambi\u00e9n asistieron el coordinador de gabinete, Jos\u00e9 Luis Garc\u00eda Parra; el subsecretario de Desarrollo Tur\u00edstico; Carlos M\u00e1rquez P\u00e9rez; la directora de SICOM, Natalie Hoyos; el director de la empresa M.V, Entertainment, Jaime M\u00e9ndez Vega y el director operativo de la empresa, Diego M\u00e9ndez Castel\u00e1n.<\/p>\n<p><strong>LA OPINI\u00d3N EXPRESADA EN ESTA COLUMNA ES RESPONSABILIDAD DE QUIEN LA ESCRIBE Y NO BUSCA GENERAR CONFLICTOS ENTRE LOS INVOLUCRADOS, SINO GENERAR CONCIENCIA EN CADA LECTOR.<\/strong><\/p>\n","protected":false},"excerpt":{"rendered":"<p>Redacci\u00f3n | Fotograf\u00edas Mara Gonz\u00e1lez @maragonzalez_13 \/ Manuel Vela @Mv_ManuelVela | #PueblaExpres @PueblaExpres Puebla ser\u00e1 centro de atenci\u00f3n; Palenque 2025 generar\u00e1 importante derrama econ\u00f3mica -El gobernador Alejandro Armenta present\u00f3 el Cartel Oficial de artistas que se presentar\u00e1n a partir del pr\u00f3ximo 25 de abril. -Los eventos se llevar\u00e1n a cabo en l\u00ednea con la estrategia [&hellip;]<\/p>\n","protected":false},"author":2,"featured_media":13973,"comment_status":"open","ping_status":"open","sticky":false,"template":"","format":"standard","meta":{"footnotes":""},"categories":[8,42,166,170,36,171,1,7],"tags":[],"_links":{"self":[{"href":"https:\/\/pueblaexpres.com\/portal\/index.php?rest_route=\/wp\/v2\/posts\/13972"}],"collection":[{"href":"https:\/\/pueblaexpres.com\/portal\/index.php?rest_route=\/wp\/v2\/posts"}],"about":[{"href":"https:\/\/pueblaexpres.com\/portal\/index.php?rest_route=\/wp\/v2\/types\/post"}],"author":[{"embeddable":true,"href":"https:\/\/pueblaexpres.com\/portal\/index.php?rest_route=\/wp\/v2\/users\/2"}],"replies":[{"embeddable":true,"href":"https:\/\/pueblaexpres.com\/portal\/index.php?rest_route=%2Fwp%2Fv2%2Fcomments&post=13972"}],"version-history":[{"count":1,"href":"https:\/\/pueblaexpres.com\/portal\/index.php?rest_route=\/wp\/v2\/posts\/13972\/revisions"}],"predecessor-version":[{"id":13974,"href":"https:\/\/pueblaexpres.com\/portal\/index.php?rest_route=\/wp\/v2\/posts\/13972\/revisions\/13974"}],"wp:featuredmedia":[{"embeddable":true,"href":"https:\/\/pueblaexpres.com\/portal\/index.php?rest_route=\/wp\/v2\/media\/13973"}],"wp:attachment":[{"href":"https:\/\/pueblaexpres.com\/portal\/index.php?rest_route=%2Fwp%2Fv2%2Fmedia&parent=13972"}],"wp:term":[{"taxonomy":"category","embeddable":true,"href":"https:\/\/pueblaexpres.com\/portal\/index.php?rest_route=%2Fwp%2Fv2%2Fcategories&post=13972"},{"taxonomy":"post_tag","embeddable":true,"href":"https:\/\/pueblaexpres.com\/portal\/index.php?rest_route=%2Fwp%2Fv2%2Ftags&post=13972"}],"curies":[{"name":"wp","href":"https:\/\/api.w.org\/{rel}","templated":true}]}}