{"id":13898,"date":"2025-02-08T08:48:29","date_gmt":"2025-02-08T14:48:29","guid":{"rendered":"https:\/\/pueblaexpres.com\/portal\/?p=13898"},"modified":"2025-02-14T08:52:42","modified_gmt":"2025-02-14T14:52:42","slug":"torneo-clausura-temporada-2024-2025-jornada-06-categoria-sub-23-club-puebla-vs-club-america-campo-1-cefor-buap","status":"publish","type":"post","link":"https:\/\/pueblaexpres.com\/portal\/?p=13898","title":{"rendered":"[TORNEO CLAUSURA \/ TEMPORADA 2024-2025 \/ Jornada 06] Categor\u00eda SUB 23 | Club Puebla VS Club Am\u00e9rica | Campo 1 CEFOR BUAP"},"content":{"rendered":"<div name=\"googleone_share_1\" style=\"position:relative;z-index:5;float: right; margin-left: 10px;\"><g:plusone size=\"tall\" count=\"1\" href=\"https:\/\/pueblaexpres.com\/portal\/?p=13898\"><\/g:plusone><\/div><p><a href=\"https:\/\/pueblaexpres.com\/portal\/wp-content\/uploads\/2025\/02\/IMGL1064.jpg\"><img loading=\"lazy\" decoding=\"async\" class=\"wp-image-13899 aligncenter\" src=\"https:\/\/pueblaexpres.com\/portal\/wp-content\/uploads\/2025\/02\/IMGL1064.jpg\" alt=\"\" width=\"499\" height=\"332\" srcset=\"https:\/\/pueblaexpres.com\/portal\/wp-content\/uploads\/2025\/02\/IMGL1064.jpg 800w, https:\/\/pueblaexpres.com\/portal\/wp-content\/uploads\/2025\/02\/IMGL1064-300x200.jpg 300w, https:\/\/pueblaexpres.com\/portal\/wp-content\/uploads\/2025\/02\/IMGL1064-768x512.jpg 768w, https:\/\/pueblaexpres.com\/portal\/wp-content\/uploads\/2025\/02\/IMGL1064-640x426.jpg 640w\" sizes=\"(max-width: 499px) 100vw, 499px\" \/><\/a><\/p>\n<p><strong>Redacci\u00f3n | Fotograf\u00edas Mara Gonz\u00e1lez @maragonzalez_13 \/ Manuel Vela @Mv_ManuelVela | #PueblaExpres @PueblaExpres<\/strong><\/p>\n<p>Cr\u00f3nica J06 | Categor\u00eda SUB 23 | Club Puebla VS Club Am\u00e9rica<\/p>\n<p><a title=\"IMGL0262 [TORNEO CLAUSURA \/ TEMPORADA 2024-2025 \/ Jornada 06] Categor\u00eda SUB 23 | Club Puebla VS Club Am\u00e9rica | Campo 1 CEFOR BUAP | Liga BBVA Mx | Im\u00e1genes @Mv_ManuelVela @PueblaExpres www.pueblaexpres.com\" href=\"https:\/\/www.flickr.com\/photos\/manitas\/54327237963\/in\/dateposted-public\/\" data-flickr-embed=\"true\"><img loading=\"lazy\" decoding=\"async\" class=\"aligncenter\" src=\"https:\/\/live.staticflickr.com\/65535\/54327237963_cbfc0c5b79.jpg\" alt=\"IMGL0262 [TORNEO CLAUSURA \/ TEMPORADA 2024-2025 \/ Jornada 06] Categor\u00eda SUB 23 | Club Puebla VS Club Am\u00e9rica | Campo 1 CEFOR BUAP | Liga BBVA Mx | Im\u00e1genes @Mv_ManuelVela @PueblaExpres www.pueblaexpres.com\" width=\"500\" height=\"333\" \/><\/a><script async src=\"\/\/embedr.flickr.com\/assets\/client-code.js\" charset=\"utf-8\"><\/script><\/p>\n<p>La Jornada 06 del TORNEO CLausura 2025 de la Liga BBVA Mx Categor\u00eda SUB 23 inici\u00f3 en las instalaciones del CEFOR BUAP Campo 1, donde el Club Puebla en calidad de local derrota 3-1 ante su similar Club Am\u00e9rica.<\/p>\n<p>Los pupilos del DT Camotero Mart\u00edn Bravo, con buen futbol y un planteamiento totalmente ofensivo, generando incontables jugadas de gol, mismas que se vieron detenidas por el guardameta Norberto Bedolla casaca #181.<\/p>\n<p><a title=\"IMGL0851 [TORNEO CLAUSURA \/ TEMPORADA 2024-2025 \/ Jornada 06] Categor\u00eda SUB 23 | Club Puebla VS Club Am\u00e9rica | Campo 1 CEFOR BUAP | Liga BBVA Mx | Im\u00e1genes @Mv_ManuelVela @PueblaExpres www.pueblaexpres.com\" href=\"https:\/\/www.flickr.com\/photos\/manitas\/54327237869\/in\/dateposted-public\/\" data-flickr-embed=\"true\"><img loading=\"lazy\" decoding=\"async\" class=\"aligncenter\" src=\"https:\/\/live.staticflickr.com\/65535\/54327237869_778426d42b.jpg\" alt=\"IMGL0851 [TORNEO CLAUSURA \/ TEMPORADA 2024-2025 \/ Jornada 06] Categor\u00eda SUB 23 | Club Puebla VS Club Am\u00e9rica | Campo 1 CEFOR BUAP | Liga BBVA Mx | Im\u00e1genes @Mv_ManuelVela @PueblaExpres www.pueblaexpres.com\" width=\"500\" height=\"333\" \/><\/a><script async src=\"\/\/embedr.flickr.com\/assets\/client-code.js\" charset=\"utf-8\"><\/script><\/p>\n<p>La escuadra local abrir\u00eda el marcador por conducto del casaca #199 Samuel Gonz\u00e1lez a los 23 minutos de tiempo corrido, de igual forma se har\u00eda presente en el marcador el casaca #189 en un par de ocasiones al 42 y 87 de tiempo corrido.<!--more--><\/p>\n<p>Por su parte Club Am\u00e9rica intentaron en repetidas ocasiones perforar la caba\u00f1a de cancerbero Juan G\u00f3mez casaca #31 de la franja, logrando su objetivo al 72 de tiempo corrido por conducto de Walter Portales casaca #209 dando cifras al marcador.<\/p>\n<p><a title=\"IMGL1158 [TORNEO CLAUSURA \/ TEMPORADA 2024-2025 \/ Jornada 06] Categor\u00eda SUB 23 | Club Puebla VS Club Am\u00e9rica | Campo 1 CEFOR BUAP | Liga BBVA Mx | Im\u00e1genes @Mv_ManuelVela @PueblaExpres www.pueblaexpres.com\" href=\"https:\/\/www.flickr.com\/photos\/manitas\/54327237834\/in\/dateposted-public\/\" data-flickr-embed=\"true\"><img loading=\"lazy\" decoding=\"async\" class=\"aligncenter\" src=\"https:\/\/live.staticflickr.com\/65535\/54327237834_d28e0877ac.jpg\" alt=\"IMGL1158 [TORNEO CLAUSURA \/ TEMPORADA 2024-2025 \/ Jornada 06] Categor\u00eda SUB 23 | Club Puebla VS Club Am\u00e9rica | Campo 1 CEFOR BUAP | Liga BBVA Mx | Im\u00e1genes @Mv_ManuelVela @PueblaExpres www.pueblaexpres.com\" width=\"500\" height=\"333\" \/><\/a><script async src=\"\/\/embedr.flickr.com\/assets\/client-code.js\" charset=\"utf-8\"><\/script><\/p>\n<p>La visita tuvo un par de ocasiones de gol antes de finalizar el encuentro.<\/p>\n<p><strong>LA OPINI\u00d3N EXPRESADA EN ESTA COLUMNA ES RESPONSABILIDAD DE QUIEN LA ESCRIBE Y NO BUSCA GENERAR CONFLICTOS ENTRE LOS INVOLUCRADOS, SINO GENERAR CONCIENCIA EN CADA LECTOR.<\/strong><\/p>\n","protected":false},"excerpt":{"rendered":"<p>Redacci\u00f3n | Fotograf\u00edas Mara Gonz\u00e1lez @maragonzalez_13 \/ Manuel Vela @Mv_ManuelVela | #PueblaExpres @PueblaExpres Cr\u00f3nica J06 | Categor\u00eda SUB 23 | Club Puebla VS Club Am\u00e9rica La Jornada 06 del TORNEO CLausura 2025 de la Liga BBVA Mx Categor\u00eda SUB 23 inici\u00f3 en las instalaciones del CEFOR BUAP Campo 1, donde el Club Puebla en calidad [&hellip;]<\/p>\n","protected":false},"author":2,"featured_media":13899,"comment_status":"open","ping_status":"open","sticky":false,"template":"","format":"standard","meta":{"footnotes":""},"categories":[8,42,166,13,3,171,1,7],"tags":[],"_links":{"self":[{"href":"https:\/\/pueblaexpres.com\/portal\/index.php?rest_route=\/wp\/v2\/posts\/13898"}],"collection":[{"href":"https:\/\/pueblaexpres.com\/portal\/index.php?rest_route=\/wp\/v2\/posts"}],"about":[{"href":"https:\/\/pueblaexpres.com\/portal\/index.php?rest_route=\/wp\/v2\/types\/post"}],"author":[{"embeddable":true,"href":"https:\/\/pueblaexpres.com\/portal\/index.php?rest_route=\/wp\/v2\/users\/2"}],"replies":[{"embeddable":true,"href":"https:\/\/pueblaexpres.com\/portal\/index.php?rest_route=%2Fwp%2Fv2%2Fcomments&post=13898"}],"version-history":[{"count":1,"href":"https:\/\/pueblaexpres.com\/portal\/index.php?rest_route=\/wp\/v2\/posts\/13898\/revisions"}],"predecessor-version":[{"id":13900,"href":"https:\/\/pueblaexpres.com\/portal\/index.php?rest_route=\/wp\/v2\/posts\/13898\/revisions\/13900"}],"wp:featuredmedia":[{"embeddable":true,"href":"https:\/\/pueblaexpres.com\/portal\/index.php?rest_route=\/wp\/v2\/media\/13899"}],"wp:attachment":[{"href":"https:\/\/pueblaexpres.com\/portal\/index.php?rest_route=%2Fwp%2Fv2%2Fmedia&parent=13898"}],"wp:term":[{"taxonomy":"category","embeddable":true,"href":"https:\/\/pueblaexpres.com\/portal\/index.php?rest_route=%2Fwp%2Fv2%2Fcategories&post=13898"},{"taxonomy":"post_tag","embeddable":true,"href":"https:\/\/pueblaexpres.com\/portal\/index.php?rest_route=%2Fwp%2Fv2%2Ftags&post=13898"}],"curies":[{"name":"wp","href":"https:\/\/api.w.org\/{rel}","templated":true}]}}