{"id":13869,"date":"2025-01-24T09:52:21","date_gmt":"2025-01-24T15:52:21","guid":{"rendered":"https:\/\/pueblaexpres.com\/portal\/?p=13869"},"modified":"2025-01-31T09:55:51","modified_gmt":"2025-01-31T15:55:51","slug":"futbol-americano-profesional-liga-de-futbol-americano-profesional-de-mexico-lfa-temporada-2025-presentacion-oficial-arcangeles-de-puebla","status":"publish","type":"post","link":"https:\/\/pueblaexpres.com\/portal\/?p=13869","title":{"rendered":"[F\u00daTBOL AMERICANO PROFESIONAL \/ Liga de F\u00fatbol Americano Profesional de M\u00e9xico (LFA) \/ TEMPORADA 2025] PRESENTACI\u00d3N OFICIAL | Arc\u00e1ngeles de Puebla"},"content":{"rendered":"<div name=\"googleone_share_1\" style=\"position:relative;z-index:5;float: right; margin-left: 10px;\"><g:plusone size=\"tall\" count=\"1\" href=\"https:\/\/pueblaexpres.com\/portal\/?p=13869\"><\/g:plusone><\/div><p><a href=\"https:\/\/pueblaexpres.com\/portal\/wp-content\/uploads\/2025\/01\/YDRAY-IMG_20250123_130633.jpg\"><img loading=\"lazy\" decoding=\"async\" class=\"wp-image-13870 aligncenter\" src=\"https:\/\/pueblaexpres.com\/portal\/wp-content\/uploads\/2025\/01\/YDRAY-IMG_20250123_130633.jpg\" alt=\"\" width=\"498\" height=\"332\" srcset=\"https:\/\/pueblaexpres.com\/portal\/wp-content\/uploads\/2025\/01\/YDRAY-IMG_20250123_130633.jpg 800w, https:\/\/pueblaexpres.com\/portal\/wp-content\/uploads\/2025\/01\/YDRAY-IMG_20250123_130633-300x200.jpg 300w, https:\/\/pueblaexpres.com\/portal\/wp-content\/uploads\/2025\/01\/YDRAY-IMG_20250123_130633-768x512.jpg 768w, https:\/\/pueblaexpres.com\/portal\/wp-content\/uploads\/2025\/01\/YDRAY-IMG_20250123_130633-640x426.jpg 640w\" sizes=\"(max-width: 498px) 100vw, 498px\" \/><\/a><\/p>\n<p><strong>Redacci\u00f3n Carlos \u00c1vila \/ https:\/\/lfa.mx | Fotograf\u00edas Mara Gonz\u00e1lez @maragonzalez_13 \/ Manuel Vela @Mv_ManuelVela | #PueblaExpres @PueblaExpres<\/strong><\/p>\n<p>Liga de F\u00fatbol Americano Profesional de M\u00e9xico (LFA) dio a conocer una nueva franquicia que marca el regreso del f\u00fatbol americano profesional al estado de Puebla con los Arc\u00e1ngeles, equipo que a partir de la temporada 2025 de la LFA estar\u00e1 formando parte de la liga.<\/p>\n<p>En el pres\u00eddium se encontraban: Cuauht\u00e9moc Romero Bedolla \u2013 Presidente de Arc\u00e1ngeles de Puebla, Ricardo Zallas Gallardo \u2013 Director del Instituto Municipal del Deporte en representaci\u00f3n del Alcalde, Jos\u00e9 Chedraui, Alejandro Jaimes \u2013 Comisionado de la LFA, Enrique Arturo Mart\u00ednez Lastra \u2013 Vicepresidente de Arc\u00e1ngeles de Puebla, como invitado especial, el chef Antonio M\u00e9ndez, y Marco Martos \u2013 Head Coach de los Arc\u00e1ngeles de Puebla.<\/p>\n<p><a title=\"YDRAY-IMG_20250123_130648 [F\u00daTBOL AMERICANO PROFESIONAL \/ Liga de F\u00fatbol Americano Profesional de M\u00e9xico (LFA) \/ TEMPORADA 2025] PRESENTACI\u00d3N OFICIAL | Arc\u00e1ngeles de Puebla | Fotograf\u00edas Mara Gonz\u00e1lez @maragonzalez_1 @PueblaExpres www.pueblaexpres.com\" href=\"https:\/\/www.flickr.com\/photos\/manitas\/54297638342\/in\/dateposted-public\/\" data-flickr-embed=\"true\"><img loading=\"lazy\" decoding=\"async\" class=\"aligncenter\" src=\"https:\/\/live.staticflickr.com\/65535\/54297638342_9eaaaca6fe.jpg\" alt=\"YDRAY-IMG_20250123_130648 [F\u00daTBOL AMERICANO PROFESIONAL \/ Liga de F\u00fatbol Americano Profesional de M\u00e9xico (LFA) \/ TEMPORADA 2025] PRESENTACI\u00d3N OFICIAL | Arc\u00e1ngeles de Puebla | Fotograf\u00edas Mara Gonz\u00e1lez @maragonzalez_1 @PueblaExpres www.pueblaexpres.com\" width=\"500\" height=\"333\" \/><\/a><script async src=\"\/\/embedr.flickr.com\/assets\/client-code.js\" charset=\"utf-8\"><\/script><\/p>\n<p>El presidente, Ricardo Zallas, destac\u00f3 que: \u201cLa directiva del equipo quiere hacer vibrar a los poblanos y dejar huella en el estado, siendo una plataforma para transformar las vidas y comunidades de j\u00f3venes que tengan un sue\u00f1o\u201d. A\u00f1adiendo como ejemplo al HC, Marco Martos, quien despu\u00e9s de ser campe\u00f3n con los Aztecas de la UDLAP tuvo la oportunidad de estar en la NFL.<!--more--><\/p>\n<p>Por su parte el vicepresidente, Enrique Mart\u00ednez destac\u00f3: \u201cVamos a tener un espect\u00e1culo familiar, queremos traer el Taz\u00f3n M\u00e9xico a Puebla (\u2026) Vamos a buscar tener un equipo altamente competitivo y es un momento que emociona mucho, buscamos generar nuevas leyendas del deporte. Toda la ciudad va a estar cuidada por los Arc\u00e1ngeles\u201d.<\/p>\n<p><a title=\"YDRAY-IMG_20250123_130611 [F\u00daTBOL AMERICANO PROFESIONAL \/ Liga de F\u00fatbol Americano Profesional de M\u00e9xico (LFA) \/ TEMPORADA 2025] PRESENTACI\u00d3N OFICIAL | Arc\u00e1ngeles de Puebla | Fotograf\u00edas Mara Gonz\u00e1lez @maragonzalez_1 @PueblaExpres www.pueblaexpres.com\" href=\"https:\/\/www.flickr.com\/photos\/manitas\/54298747024\/in\/dateposted-public\/\" data-flickr-embed=\"true\"><img loading=\"lazy\" decoding=\"async\" class=\"aligncenter\" src=\"https:\/\/live.staticflickr.com\/65535\/54298747024_66b31dc98f.jpg\" alt=\"YDRAY-IMG_20250123_130611 [F\u00daTBOL AMERICANO PROFESIONAL \/ Liga de F\u00fatbol Americano Profesional de M\u00e9xico (LFA) \/ TEMPORADA 2025] PRESENTACI\u00d3N OFICIAL | Arc\u00e1ngeles de Puebla | Fotograf\u00edas Mara Gonz\u00e1lez @maragonzalez_1 @PueblaExpres www.pueblaexpres.com\" width=\"500\" height=\"333\" \/><\/a><script async src=\"\/\/embedr.flickr.com\/assets\/client-code.js\" charset=\"utf-8\"><\/script><\/p>\n<p>El Comisionado, Alejandro Jaimes, agradeci\u00f3 a las autoridades y medios presentes y a todos los aficionados conectados para la conferencia de prensa. Posteriormente le dio la bienvenida a Puebla nuevamente a la LFA. \u201cDespu\u00e9s de ocho a\u00f1os aqu\u00ed est\u00e1 la LFA, trabajando fuerte con el Consejo de Due\u00f1os al que se suman Arc\u00e1ngeles que est\u00e1n trayendo nuevamente el f\u00fatbol americano profesional a Puebla\u201d.<\/p>\n<p>Posteriormente se le cedi\u00f3 la palabra a Marco Martos, quien ser\u00e1 el encargado de dirigir a los Arc\u00e1ngeles en la temporada 2025; junto a \u00e9l estar\u00e1 el coach Leonardo Luj\u00e1n, quien fuera tricampe\u00f3n con los Aztecas de la UDLAP en los 90\u2019s, y el coach Edmundo Soriano, quien se encargar\u00e1 del player personnel y coordinar\u00e1 a los equipos especiales, ellos ser\u00e1n la base del staff rumbo al debut del equipo en la LFA. Adem\u00e1s, el coach Martos comparti\u00f3 que el equipo sostendr\u00e1 un tryout el d\u00eda 8 de febrero del cual saldr\u00e1n aproximadamente 10 jugadores que conformar\u00e1n el roster poblano; adem\u00e1s de que los Arc\u00e1ngeles tendr\u00e1n el primer pick global en la pr\u00f3xima edici\u00f3n del Draft LFA 2025 que se llevar\u00e1 a cabo a mediados de febrero.<\/p>\n<p><a title=\"YDRAY-IMG_20250123_130409 [F\u00daTBOL AMERICANO PROFESIONAL \/ Liga de F\u00fatbol Americano Profesional de M\u00e9xico (LFA) \/ TEMPORADA 2025] PRESENTACI\u00d3N OFICIAL | Arc\u00e1ngeles de Puebla | Fotograf\u00edas Mara Gonz\u00e1lez @maragonzalez_1 @PueblaExpres www.pueblaexpres.com\" href=\"https:\/\/www.flickr.com\/photos\/manitas\/54298747049\/in\/dateposted-public\/\" data-flickr-embed=\"true\"><img loading=\"lazy\" decoding=\"async\" class=\"aligncenter\" src=\"https:\/\/live.staticflickr.com\/65535\/54298747049_598d2887af.jpg\" alt=\"YDRAY-IMG_20250123_130409 [F\u00daTBOL AMERICANO PROFESIONAL \/ Liga de F\u00fatbol Americano Profesional de M\u00e9xico (LFA) \/ TEMPORADA 2025] PRESENTACI\u00d3N OFICIAL | Arc\u00e1ngeles de Puebla | Fotograf\u00edas Mara Gonz\u00e1lez @maragonzalez_1 @PueblaExpres www.pueblaexpres.com\" width=\"500\" height=\"333\" \/><\/a><script async src=\"\/\/embedr.flickr.com\/assets\/client-code.js\" charset=\"utf-8\"><\/script><\/p>\n<p>Finalmente, Ricardo Zallas apunt\u00f3 estar muy feliz con la llegada de Arc\u00e1ngeles: \u201cHay que reconocer el esfuerzo de poner un proyecto s\u00f3lido, serio que va m\u00e1s all\u00e1 del deporte a un tema social. (\u2026) El alcalde tiene la firme intenci\u00f3n de apoyar al deporte, ah\u00ed estaremos presentes en los partidos de los Arc\u00e1ngeles\u201d.<\/p>\n<p>Se confirma el regreso de Puebla a los emparrillados profesionales de M\u00e9xico y no podemos esperar para ver a los Arc\u00e1ngeles volar en la temporada 2025 de la LFA.<\/p>\n<p><strong>LA OPINI\u00d3N EXPRESADA EN ESTA COLUMNA ES RESPONSABILIDAD DE QUIEN LA ESCRIBE Y NO BUSCA GENERAR CONFLICTOS ENTRE LOS INVOLUCRADOS, SINO GENERAR CONCIENCIA EN CADA LECTOR.<\/strong><\/p>\n","protected":false},"excerpt":{"rendered":"<p>Redacci\u00f3n Carlos \u00c1vila \/ https:\/\/lfa.mx | Fotograf\u00edas Mara Gonz\u00e1lez @maragonzalez_13 \/ Manuel Vela @Mv_ManuelVela | #PueblaExpres @PueblaExpres Liga de F\u00fatbol Americano Profesional de M\u00e9xico (LFA) dio a conocer una nueva franquicia que marca el regreso del f\u00fatbol americano profesional al estado de Puebla con los Arc\u00e1ngeles, equipo que a partir de la temporada 2025 de [&hellip;]<\/p>\n","protected":false},"author":2,"featured_media":13870,"comment_status":"open","ping_status":"open","sticky":false,"template":"","format":"standard","meta":{"footnotes":""},"categories":[8,42,166,36,60,1,7],"tags":[],"_links":{"self":[{"href":"https:\/\/pueblaexpres.com\/portal\/index.php?rest_route=\/wp\/v2\/posts\/13869"}],"collection":[{"href":"https:\/\/pueblaexpres.com\/portal\/index.php?rest_route=\/wp\/v2\/posts"}],"about":[{"href":"https:\/\/pueblaexpres.com\/portal\/index.php?rest_route=\/wp\/v2\/types\/post"}],"author":[{"embeddable":true,"href":"https:\/\/pueblaexpres.com\/portal\/index.php?rest_route=\/wp\/v2\/users\/2"}],"replies":[{"embeddable":true,"href":"https:\/\/pueblaexpres.com\/portal\/index.php?rest_route=%2Fwp%2Fv2%2Fcomments&post=13869"}],"version-history":[{"count":1,"href":"https:\/\/pueblaexpres.com\/portal\/index.php?rest_route=\/wp\/v2\/posts\/13869\/revisions"}],"predecessor-version":[{"id":13871,"href":"https:\/\/pueblaexpres.com\/portal\/index.php?rest_route=\/wp\/v2\/posts\/13869\/revisions\/13871"}],"wp:featuredmedia":[{"embeddable":true,"href":"https:\/\/pueblaexpres.com\/portal\/index.php?rest_route=\/wp\/v2\/media\/13870"}],"wp:attachment":[{"href":"https:\/\/pueblaexpres.com\/portal\/index.php?rest_route=%2Fwp%2Fv2%2Fmedia&parent=13869"}],"wp:term":[{"taxonomy":"category","embeddable":true,"href":"https:\/\/pueblaexpres.com\/portal\/index.php?rest_route=%2Fwp%2Fv2%2Fcategories&post=13869"},{"taxonomy":"post_tag","embeddable":true,"href":"https:\/\/pueblaexpres.com\/portal\/index.php?rest_route=%2Fwp%2Fv2%2Ftags&post=13869"}],"curies":[{"name":"wp","href":"https:\/\/api.w.org\/{rel}","templated":true}]}}