{"id":13554,"date":"2024-01-28T23:47:57","date_gmt":"2024-01-29T05:47:57","guid":{"rendered":"https:\/\/pueblaexpres.com\/portal\/?p=13554"},"modified":"2024-02-13T23:51:07","modified_gmt":"2024-02-14T05:51:07","slug":"la-jirafa-benito-fue-integrada-a-su-manada-en-el-zoologico-africam-safari-en-puebla","status":"publish","type":"post","link":"https:\/\/pueblaexpres.com\/portal\/?p=13554","title":{"rendered":"La jirafa Benito fue integrada a su manada en el zool\u00f3gico Africam Safari en Puebla"},"content":{"rendered":"<div name=\"googleone_share_1\" style=\"position:relative;z-index:5;float: right; margin-left: 10px;\"><g:plusone size=\"tall\" count=\"1\" href=\"https:\/\/pueblaexpres.com\/portal\/?p=13554\"><\/g:plusone><\/div><p><a href=\"https:\/\/pueblaexpres.com\/portal\/wp-content\/uploads\/2024\/02\/IMG_20240127_134838.jpg\"><img loading=\"lazy\" decoding=\"async\" class=\"wp-image-13555 aligncenter\" src=\"https:\/\/pueblaexpres.com\/portal\/wp-content\/uploads\/2024\/02\/IMG_20240127_134838.jpg\" alt=\"\" width=\"504\" height=\"336\" srcset=\"https:\/\/pueblaexpres.com\/portal\/wp-content\/uploads\/2024\/02\/IMG_20240127_134838.jpg 800w, https:\/\/pueblaexpres.com\/portal\/wp-content\/uploads\/2024\/02\/IMG_20240127_134838-300x200.jpg 300w, https:\/\/pueblaexpres.com\/portal\/wp-content\/uploads\/2024\/02\/IMG_20240127_134838-768x512.jpg 768w, https:\/\/pueblaexpres.com\/portal\/wp-content\/uploads\/2024\/02\/IMG_20240127_134838-640x426.jpg 640w\" sizes=\"(max-width: 504px) 100vw, 504px\" \/><\/a><\/p>\n<p><strong>Redacci\u00f3n | Fotograf\u00edas Mara Gonz\u00e1lez @maragonzalez_13 \/ Manuel Vela @Mv_ManuelVela | #PueblaExpres @PueblaExpres<\/strong><\/p>\n<p>La jirafa Benito fue integrada este s\u00e1bado a su manada en el zool\u00f3gico Africam Safari, en Puebla, para que comience una nueva vida, tras vivir casi un a\u00f1o maltratada en un parque p\u00fablico en Ciudad Ju\u00e1rez, donde su caso despert\u00f3 inter\u00e9s nacional.<\/p>\n<p><a title=\"IMG_20240127 La jirafa Benito fue integrada a su manada en el zool\u00f3gico Africam Safari | #Puebla Im\u00e1genes Mara Gonz\u00e1lez @maragonzalez_13 @PueblaExpres www.pueblaexpres.com\" href=\"https:\/\/www.flickr.com\/photos\/manitas\/53528573570\/in\/dateposted-public\/\" data-flickr-embed=\"true\"><img loading=\"lazy\" decoding=\"async\" class=\"aligncenter\" src=\"https:\/\/live.staticflickr.com\/65535\/53528573570_71926fe3b9.jpg\" alt=\"IMG_20240127 La jirafa Benito fue integrada a su manada en el zool\u00f3gico Africam Safari | #Puebla Im\u00e1genes Mara Gonz\u00e1lez @maragonzalez_13 @PueblaExpres www.pueblaexpres.com\" width=\"500\" height=\"333\" \/><\/a><script async src=\"\/\/embedr.flickr.com\/assets\/client-code.js\" charset=\"utf-8\"><\/script><\/p>\n<p>El mam\u00edfero, que hab\u00eda estado en cuarentena tras su llegada a este parque de conservaci\u00f3n, fue atra\u00eddo con frutas del cuarto donde se encontraba aislado a la zona denominada jirafas, donde lo esperaban seis adultos y una cr\u00eda de meses de nacida.<\/p>\n<p>La jirafa Benito se acerc\u00f3 al primer grupo, revis\u00f3 el \u00e1rea y retrocedi\u00f3 debido a que estaba experimentando. Sin embargo, fue impulsado a acercarse al segundo grupo donde ten\u00edan un pastel hecho de zanahorias y manzanas, a donde se acerc\u00f3 sin dudarlo y comenz\u00f3 a comer y compartir con las dem\u00e1s jirafas.<!--more--><\/p>\n<p><a title=\"IMG_20240127 La jirafa Benito fue integrada a su manada en el zool\u00f3gico Africam Safari | #Puebla Im\u00e1genes Mara Gonz\u00e1lez @maragonzalez_13 @PueblaExpres www.pueblaexpres.com\" href=\"https:\/\/www.flickr.com\/photos\/manitas\/53528573575\/in\/dateposted-public\/\" data-flickr-embed=\"true\"><img loading=\"lazy\" decoding=\"async\" class=\"aligncenter\" src=\"https:\/\/live.staticflickr.com\/65535\/53528573575_c27107868b.jpg\" alt=\"IMG_20240127 La jirafa Benito fue integrada a su manada en el zool\u00f3gico Africam Safari | #Puebla Im\u00e1genes Mara Gonz\u00e1lez @maragonzalez_13 @PueblaExpres www.pueblaexpres.com\" width=\"500\" height=\"333\" \/><\/a><script async src=\"\/\/embedr.flickr.com\/assets\/client-code.js\" charset=\"utf-8\"><\/script><\/p>\n<p>Este ejemplar se mostr\u00f3 pac\u00edfico y curioso de su nuevo entorno, por lo que comenz\u00f3 a olfatear y tocar a los dem\u00e1s, para saber qui\u00e9nes formar\u00e1n parte de su estancia actual.<\/p>\n<p>El mam\u00edfero, que hab\u00eda estado en cuarentena tras su llegada a este parque de conservaci\u00f3n, fue atra\u00eddo con frutas del cuarto donde se encontraba aislado a la zona denominada jirafas, donde lo esperaban seis adultos y una cr\u00eda de meses de nacida.<\/p>\n<p><a title=\"IMG_20240127 La jirafa Benito fue integrada a su manada en el zool\u00f3gico Africam Safari | #Puebla Im\u00e1genes Mara Gonz\u00e1lez @maragonzalez_13 @PueblaExpres www.pueblaexpres.com\" href=\"https:\/\/www.flickr.com\/photos\/manitas\/53528457954\/in\/dateposted-public\/\" data-flickr-embed=\"true\"><img loading=\"lazy\" decoding=\"async\" class=\"aligncenter\" src=\"https:\/\/live.staticflickr.com\/65535\/53528457954_a4a0abb982.jpg\" alt=\"IMG_20240127 La jirafa Benito fue integrada a su manada en el zool\u00f3gico Africam Safari | #Puebla Im\u00e1genes Mara Gonz\u00e1lez @maragonzalez_13 @PueblaExpres www.pueblaexpres.com\" width=\"500\" height=\"333\" \/><\/a><script async src=\"\/\/embedr.flickr.com\/assets\/client-code.js\" charset=\"utf-8\"><\/script><\/p>\n<p>La jirafa Benito se acerc\u00f3 al primer grupo, revis\u00f3 el \u00e1rea y retrocedi\u00f3 debido a que estaba experimentando. Sin embargo, fue impulsado a acercarse al segundo grupo donde ten\u00edan un pastel hecho de zanahorias y manzanas, a donde se acerc\u00f3 sin dudarlo y comenz\u00f3 a comer y compartir con las dem\u00e1s jirafas.<\/p>\n<p>Este ejemplar se mostr\u00f3 pac\u00edfico y curioso de su nuevo entorno, por lo que comenz\u00f3 a olfatear y tocar a los dem\u00e1s, para saber qui\u00e9nes formar\u00e1n parte de su estancia actual.<\/p>\n<p><a title=\"IMG_20240127 La jirafa Benito fue integrada a su manada en el zool\u00f3gico Africam Safari | #Puebla Im\u00e1genes Mara Gonz\u00e1lez @maragonzalez_13 @PueblaExpres www.pueblaexpres.com\" href=\"https:\/\/www.flickr.com\/photos\/manitas\/53528323578\/in\/dateposted-public\/\" data-flickr-embed=\"true\"><img loading=\"lazy\" decoding=\"async\" class=\"aligncenter\" src=\"https:\/\/live.staticflickr.com\/65535\/53528323578_60027a71cd.jpg\" alt=\"IMG_20240127 La jirafa Benito fue integrada a su manada en el zool\u00f3gico Africam Safari | #Puebla Im\u00e1genes Mara Gonz\u00e1lez @maragonzalez_13 @PueblaExpres www.pueblaexpres.com\" width=\"500\" height=\"333\" \/><\/a><script async src=\"\/\/embedr.flickr.com\/assets\/client-code.js\" charset=\"utf-8\"><\/script><\/p>\n<p><strong>LA OPINI\u00d3N EXPRESADA EN ESTA COLUMNA ES RESPONSABILIDAD DE QUIEN LA ESCRIBE Y NO BUSCA GENERAR CONFLICTOS ENTRE LOS INVOLUCRADOS, SINO GENERAR CONCIENCIA EN CADA LECTOR.<\/strong><\/p>\n","protected":false},"excerpt":{"rendered":"<p>Redacci\u00f3n | Fotograf\u00edas Mara Gonz\u00e1lez @maragonzalez_13 \/ Manuel Vela @Mv_ManuelVela | #PueblaExpres @PueblaExpres La jirafa Benito fue integrada este s\u00e1bado a su manada en el zool\u00f3gico Africam Safari, en Puebla, para que comience una nueva vida, tras vivir casi un a\u00f1o maltratada en un parque p\u00fablico en Ciudad Ju\u00e1rez, donde su caso despert\u00f3 inter\u00e9s nacional. [&hellip;]<\/p>\n","protected":false},"author":2,"featured_media":13555,"comment_status":"open","ping_status":"open","sticky":false,"template":"","format":"standard","meta":{"footnotes":""},"categories":[8,42,166,79,170,36,171,1,7],"tags":[],"_links":{"self":[{"href":"https:\/\/pueblaexpres.com\/portal\/index.php?rest_route=\/wp\/v2\/posts\/13554"}],"collection":[{"href":"https:\/\/pueblaexpres.com\/portal\/index.php?rest_route=\/wp\/v2\/posts"}],"about":[{"href":"https:\/\/pueblaexpres.com\/portal\/index.php?rest_route=\/wp\/v2\/types\/post"}],"author":[{"embeddable":true,"href":"https:\/\/pueblaexpres.com\/portal\/index.php?rest_route=\/wp\/v2\/users\/2"}],"replies":[{"embeddable":true,"href":"https:\/\/pueblaexpres.com\/portal\/index.php?rest_route=%2Fwp%2Fv2%2Fcomments&post=13554"}],"version-history":[{"count":1,"href":"https:\/\/pueblaexpres.com\/portal\/index.php?rest_route=\/wp\/v2\/posts\/13554\/revisions"}],"predecessor-version":[{"id":13556,"href":"https:\/\/pueblaexpres.com\/portal\/index.php?rest_route=\/wp\/v2\/posts\/13554\/revisions\/13556"}],"wp:featuredmedia":[{"embeddable":true,"href":"https:\/\/pueblaexpres.com\/portal\/index.php?rest_route=\/wp\/v2\/media\/13555"}],"wp:attachment":[{"href":"https:\/\/pueblaexpres.com\/portal\/index.php?rest_route=%2Fwp%2Fv2%2Fmedia&parent=13554"}],"wp:term":[{"taxonomy":"category","embeddable":true,"href":"https:\/\/pueblaexpres.com\/portal\/index.php?rest_route=%2Fwp%2Fv2%2Fcategories&post=13554"},{"taxonomy":"post_tag","embeddable":true,"href":"https:\/\/pueblaexpres.com\/portal\/index.php?rest_route=%2Fwp%2Fv2%2Ftags&post=13554"}],"curies":[{"name":"wp","href":"https:\/\/api.w.org\/{rel}","templated":true}]}}