{"id":13536,"date":"2024-01-21T22:09:37","date_gmt":"2024-01-22T04:09:37","guid":{"rendered":"https:\/\/pueblaexpres.com\/portal\/?p=13536"},"modified":"2024-02-13T22:12:44","modified_gmt":"2024-02-14T04:12:44","slug":"liga-tdp-de-mexico-grupo-3-liga-j16-zona-a-temporada-2023-2024-fc-los-angeles-vs-universidad-del-golfo-de-mexico-estadio-unidad-deportiva-mario-vazquez-rana","status":"publish","type":"post","link":"https:\/\/pueblaexpres.com\/portal\/?p=13536","title":{"rendered":"[Liga TDP de M\u00e9xico \/ Grupo 3 \/ LIGA \/ J16 \/ Zona A] TEMPORADA 2023-2024 | FC Los \u00c1ngeles vs Universidad del Golfo de M\u00e9xico | Estadio Unidad Deportiva Mario V\u00e1zquez Ra\u00f1a"},"content":{"rendered":"<div name=\"googleone_share_1\" style=\"position:relative;z-index:5;float: right; margin-left: 10px;\"><g:plusone size=\"tall\" count=\"1\" href=\"https:\/\/pueblaexpres.com\/portal\/?p=13536\"><\/g:plusone><\/div><p><a href=\"https:\/\/pueblaexpres.com\/portal\/wp-content\/uploads\/2024\/02\/FCLAS-VS-UGM-_-J16-_TDP-4.jpg\"><img loading=\"lazy\" decoding=\"async\" class=\"wp-image-13537 aligncenter\" src=\"https:\/\/pueblaexpres.com\/portal\/wp-content\/uploads\/2024\/02\/FCLAS-VS-UGM-_-J16-_TDP-4.jpg\" alt=\"\" width=\"501\" height=\"334\" srcset=\"https:\/\/pueblaexpres.com\/portal\/wp-content\/uploads\/2024\/02\/FCLAS-VS-UGM-_-J16-_TDP-4.jpg 800w, https:\/\/pueblaexpres.com\/portal\/wp-content\/uploads\/2024\/02\/FCLAS-VS-UGM-_-J16-_TDP-4-300x200.jpg 300w, https:\/\/pueblaexpres.com\/portal\/wp-content\/uploads\/2024\/02\/FCLAS-VS-UGM-_-J16-_TDP-4-768x512.jpg 768w, https:\/\/pueblaexpres.com\/portal\/wp-content\/uploads\/2024\/02\/FCLAS-VS-UGM-_-J16-_TDP-4-640x426.jpg 640w\" sizes=\"(max-width: 501px) 100vw, 501px\" \/><\/a><\/p>\n<p><strong>Redacci\u00f3n | Fotograf\u00edas Diego Alduc\u00edn @Alducin47 \/ Mara Gonz\u00e1lez @maragonzalez_13 \/ Manuel Vela @Mv_ManuelVela | #PueblaExpres @PueblaExpres<\/strong><\/p>\n<p>Cr\u00f3nica J16 | Liga TDP de M\u00e9xico \/ Grupo 3 \/ Zona A | FC Los \u00c1ngeles vs Universidad del Golfo de M\u00e9xico<\/p>\n<p><a title=\"[Liga TDP de M\u00e9xico \/ Grupo 3 \/ LIGA \/ J16 \/ Zona A] TEMPORADA 2023-2024 | FC Los \u00c1ngeles vs Universidad del Golfo de M\u00e9xico | Estadio Unidad Deportiva Mario V\u00e1zquez Ra\u00f1a | Im\u00e1genes Manuel Vela @Mv_ManuelVela @PueblaExpres www.pueblaexpres.com\" href=\"https:\/\/www.flickr.com\/photos\/manitas\/53528045646\/in\/dateposted-public\/\" data-flickr-embed=\"true\"><img loading=\"lazy\" decoding=\"async\" class=\"aligncenter\" src=\"https:\/\/live.staticflickr.com\/65535\/53528045646_6da377d096.jpg\" alt=\"[Liga TDP de M\u00e9xico \/ Grupo 3 \/ LIGA \/ J16 \/ Zona A] TEMPORADA 2023-2024 | FC Los \u00c1ngeles vs Universidad del Golfo de M\u00e9xico | Estadio Unidad Deportiva Mario V\u00e1zquez Ra\u00f1a | Im\u00e1genes Manuel Vela @Mv_ManuelVela @PueblaExpres www.pueblaexpres.com\" width=\"500\" height=\"333\" \/><\/a><script async src=\"\/\/embedr.flickr.com\/assets\/client-code.js\" charset=\"utf-8\"><\/script><\/p>\n<p>La Jornada 16 del TORNEO 2023.2024 inici\u00f3 en las instalaciones del Estadio Unidad Deportiva Mario V\u00e1zquez Ra\u00f1a, donde FC Los \u00c1ngeles en calidad de local cae derrotado 0-3 ante su similar Universidad del Golfo de M\u00e9xico.<\/p>\n<p>FC Los \u00c1ngeles en calidad de local cae derrotado 0 tanto a 3 ante su similar Universidad del Golfo de M\u00e9xico<\/p>\n<p><a title=\"[Liga TDP de M\u00e9xico \/ Grupo 3 \/ LIGA \/ J16 \/ Zona A] TEMPORADA 2023-2024 | FC Los \u00c1ngeles vs Universidad del Golfo de M\u00e9xico | Estadio Unidad Deportiva Mario V\u00e1zquez Ra\u00f1a | Im\u00e1genes Manuel Vela @Mv_ManuelVela @PueblaExpres www.pueblaexpres.com\" href=\"https:\/\/www.flickr.com\/photos\/manitas\/53528224093\/in\/dateposted-public\/\" data-flickr-embed=\"true\"><img loading=\"lazy\" decoding=\"async\" class=\"aligncenter\" src=\"https:\/\/live.staticflickr.com\/65535\/53528224093_c4a11d2815.jpg\" alt=\"[Liga TDP de M\u00e9xico \/ Grupo 3 \/ LIGA \/ J16 \/ Zona A] TEMPORADA 2023-2024 | FC Los \u00c1ngeles vs Universidad del Golfo de M\u00e9xico | Estadio Unidad Deportiva Mario V\u00e1zquez Ra\u00f1a | Im\u00e1genes Manuel Vela @Mv_ManuelVela @PueblaExpres www.pueblaexpres.com\" width=\"500\" height=\"333\" \/><\/a><script async src=\"\/\/embedr.flickr.com\/assets\/client-code.js\" charset=\"utf-8\"><\/script><\/p>\n<p>FC Los \u00c1ngeles durante el transcurso del encuentro, se vio entusiasta y con deseos de realizar un gran partido, teniendo posesi\u00f3n de bal\u00f3n y llegadas a la porter\u00eda rival, misma que se vio imbatible por el cancerbero Adri\u00e1n Ch\u00e1vez Morales de Universidad del Golfo de M\u00e9xico.<!--more--><\/p>\n<p>Por su parte la escuadra visitante se hizo presente en el marcador por conducto de Esvith Andrade Sastre al 78 y 80 y \u00c1ngel Gabriel Carrasco Barojas al 90.<\/p>\n<p><a title=\"[Liga TDP de M\u00e9xico \/ Grupo 3 \/ LIGA \/ J16 \/ Zona A] TEMPORADA 2023-2024 | FC Los \u00c1ngeles vs Universidad del Golfo de M\u00e9xico | Estadio Unidad Deportiva Mario V\u00e1zquez Ra\u00f1a | Im\u00e1genes Manuel Vela @Mv_ManuelVela @PueblaExpres www.pueblaexpres.com\" href=\"https:\/\/www.flickr.com\/photos\/manitas\/53528359569\/in\/dateposted-public\/\" data-flickr-embed=\"true\"><img loading=\"lazy\" decoding=\"async\" class=\"aligncenter\" src=\"https:\/\/live.staticflickr.com\/65535\/53528359569_74b66788fe.jpg\" alt=\"[Liga TDP de M\u00e9xico \/ Grupo 3 \/ LIGA \/ J16 \/ Zona A] TEMPORADA 2023-2024 | FC Los \u00c1ngeles vs Universidad del Golfo de M\u00e9xico | Estadio Unidad Deportiva Mario V\u00e1zquez Ra\u00f1a | Im\u00e1genes Manuel Vela @Mv_ManuelVela @PueblaExpres www.pueblaexpres.com\" width=\"500\" height=\"333\" \/><\/a><script async src=\"\/\/embedr.flickr.com\/assets\/client-code.js\" charset=\"utf-8\"><\/script><\/p>\n<p><strong>LA OPINI\u00d3N EXPRESADA EN ESTA COLUMNA ES RESPONSABILIDAD DE QUIEN LA ESCRIBE Y NO BUSCA GENERAR CONFLICTOS ENTRE LOS INVOLUCRADOS, SINO GENERAR CONCIENCIA EN CADA LECTOR.<\/strong><\/p>\n","protected":false},"excerpt":{"rendered":"<p>Redacci\u00f3n | Fotograf\u00edas Diego Alduc\u00edn @Alducin47 \/ Mara Gonz\u00e1lez @maragonzalez_13 \/ Manuel Vela @Mv_ManuelVela | #PueblaExpres @PueblaExpres Cr\u00f3nica J16 | Liga TDP de M\u00e9xico \/ Grupo 3 \/ Zona A | FC Los \u00c1ngeles vs Universidad del Golfo de M\u00e9xico La Jornada 16 del TORNEO 2023.2024 inici\u00f3 en las instalaciones del Estadio Unidad Deportiva Mario [&hellip;]<\/p>\n","protected":false},"author":2,"featured_media":13537,"comment_status":"open","ping_status":"open","sticky":false,"template":"","format":"standard","meta":{"footnotes":""},"categories":[8,42,166,13,3,171,1,7],"tags":[],"_links":{"self":[{"href":"https:\/\/pueblaexpres.com\/portal\/index.php?rest_route=\/wp\/v2\/posts\/13536"}],"collection":[{"href":"https:\/\/pueblaexpres.com\/portal\/index.php?rest_route=\/wp\/v2\/posts"}],"about":[{"href":"https:\/\/pueblaexpres.com\/portal\/index.php?rest_route=\/wp\/v2\/types\/post"}],"author":[{"embeddable":true,"href":"https:\/\/pueblaexpres.com\/portal\/index.php?rest_route=\/wp\/v2\/users\/2"}],"replies":[{"embeddable":true,"href":"https:\/\/pueblaexpres.com\/portal\/index.php?rest_route=%2Fwp%2Fv2%2Fcomments&post=13536"}],"version-history":[{"count":1,"href":"https:\/\/pueblaexpres.com\/portal\/index.php?rest_route=\/wp\/v2\/posts\/13536\/revisions"}],"predecessor-version":[{"id":13538,"href":"https:\/\/pueblaexpres.com\/portal\/index.php?rest_route=\/wp\/v2\/posts\/13536\/revisions\/13538"}],"wp:featuredmedia":[{"embeddable":true,"href":"https:\/\/pueblaexpres.com\/portal\/index.php?rest_route=\/wp\/v2\/media\/13537"}],"wp:attachment":[{"href":"https:\/\/pueblaexpres.com\/portal\/index.php?rest_route=%2Fwp%2Fv2%2Fmedia&parent=13536"}],"wp:term":[{"taxonomy":"category","embeddable":true,"href":"https:\/\/pueblaexpres.com\/portal\/index.php?rest_route=%2Fwp%2Fv2%2Fcategories&post=13536"},{"taxonomy":"post_tag","embeddable":true,"href":"https:\/\/pueblaexpres.com\/portal\/index.php?rest_route=%2Fwp%2Fv2%2Ftags&post=13536"}],"curies":[{"name":"wp","href":"https:\/\/api.w.org\/{rel}","templated":true}]}}